{"id":48251,"date":"2024-01-24T06:42:26","date_gmt":"2024-01-24T11:42:26","guid":{"rendered":"https:\/\/esreviral.com\/?p=48251"},"modified":"2024-01-24T06:42:27","modified_gmt":"2024-01-24T11:42:27","slug":"paro-de-la-cgt-quienes-se-adhieren-y-como-funciona-el-transporte","status":"publish","type":"post","link":"https:\/\/esreviral.com\/?p=48251","title":{"rendered":"Paro de la CGT: Qui\u00e9nes se adhieren y c\u00f3mo funciona el transporte"},"content":{"rendered":"\n<p>La CGT (Confederaci\u00f3n General del Trabajo) de Argentina realizar\u00e1 un paro general este mi\u00e9rcoles 24 de enero. Esta acci\u00f3n, que representa la primera en cinco a\u00f1os, se organiza en respuesta al DNU y a la ley \u00f3mnibus propuesta por el gobierno de Javier Milei para su aprobaci\u00f3n en el Congreso.<\/p>\n\n\n\n<p>La \u00faltima vez que la CGT realiz\u00f3 un paro fue el 29 de mayo de 2019, durante el mandato de Mauricio Macri.<\/p>\n\n\n\n<h2 class=\"wp-block-heading\"><strong>Los gremios que participar\u00e1n de la protesta de este mi\u00e9rcoles <\/strong><\/h2>\n\n\n\n<ul class=\"wp-block-list\">\n<li>Confederaci\u00f3n General del Trabajo (<strong>CGT<\/strong>)<\/li>\n\n\n\n<li>Uni\u00f3n Argentina de Trabajadores Rurales y Estibadores (<strong>UATRE<\/strong>)<\/li>\n\n\n\n<li>Federaci\u00f3n de Empleados de Comercio y Servicios (<strong>FAECYS<\/strong>)<\/li>\n\n\n\n<li>Confederaci\u00f3n Argentina de Trabajadores del Transporte (<strong>CATT<\/strong>), que abarca a los gremios de Uni\u00f3n Ferroviaria, la Uni\u00f3n Tranviarios Automotor (<strong>UTA<\/strong>), Taxis, Camioneros, Dragado y Balizamiento, Vialidad, peajes y aeron\u00e1uticos, por lo que afectar\u00e1 al servicio terrestre y a\u00e9reo a lo largo del pa\u00eds.<\/li>\n\n\n\n<li>Central de los Trabajadores de la Argentina Aut\u00f3noma (<strong>CTAA<\/strong>)<\/li>\n\n\n\n<li>Asociaci\u00f3n de Trabajadores del Estado (<strong>ATE<\/strong>)<\/li>\n\n\n\n<li>Uni\u00f3n de Personal Civil de la Naci\u00f3n (<strong>UPCN<\/strong>)<\/li>\n\n\n\n<li>Gremio de los&nbsp;<strong>Metrodelegados&nbsp;<\/strong>de los trabajadores de subte de CABA<\/li>\n\n\n\n<li>Sindicato de Trabajadores de Laboratorios (<strong>SITraLab<\/strong>)<\/li>\n\n\n\n<li>Sindicato de Obreros y Empleados de Estaciones de Servicio, GNC, Playa de Estacionamiento (<strong>SOESGYPE<\/strong>)<\/li>\n\n\n\n<li>C\u00edrculo Sindical de Prensa (<strong>CISPREN<\/strong>)<\/li>\n\n\n\n<li>Federaci\u00f3n Sindical de Profesionales de la Salud de la Rep\u00fablica Argentina (<strong>FESPROSA<\/strong>)<\/li>\n\n\n\n<li>Gremio de\u00a0<strong>La Bancaria<\/strong>, que afectar\u00e1 a los bancos desde las 12:00.<\/li>\n<\/ul>\n\n\n\n<h2 class=\"wp-block-heading\"><strong>C\u00f3mo funciona el transporte <\/strong><\/h2>\n\n\n\n<p><strong>Colectivos,\u00a0trenes,\u00a0subtes\u00a0y\u00a0aviones\u00a0dejar\u00e1n de funcionar hoy por el\u00a0paro general de la CGT. Los transportes p\u00fablicos de CABA operar\u00e1n\u00a0hasta las 19:00, mientras que los\u00a0vuelos lo har\u00e1n hasta las 12:00, salvo una empresa que decidi\u00f3 no adherirse a la medida.<\/strong><\/p>\n\n\n\n<ul class=\"wp-block-list\">\n<li>El\u00a0subte\u00a0dejar\u00e1 de funcionar desde las 19:00 de hoy hasta las 00:00 de este jueves 25 de enero en la Ciudad de Buenos Aires (CABA) por el paro general de la CGT.<\/li>\n\n\n\n<li>Los\u00a0colectivos\u00a0que dejar\u00e1n de funcionar desde las 19:00 de hoy hasta las 00:00 de este jueves 25 de enero en la Ciudad de Buenos Aires (CABA) y Provincia de Buenos Aires (PBA) son los representados por UTA (Uni\u00f3n Tranviarios Automotor).<\/li>\n\n\n\n<li>Los\u00a0trenes\u00a0dejar\u00e1n de funcionar a las 19:00 de hoy hasta las 00:00 de este jueves 25 de enero en la Ciudad de Buenos Aires (CABA) y Provincia de Buenos Aires (PBA).<\/li>\n\n\n\n<li>La Confederaci\u00f3n Argentina de Trabajadores del Transporte (CATT), resolvi\u00f3 la suspensi\u00f3n total de los servicios de\u00a0transporte a\u00e9reo\u00a0desde las 12:00 hasta las 00:00 del jueves 25 de enero. La medida abarca a los gremios del sector aeron\u00e1utico, lo que provocar\u00e1 alteraci\u00f3n de los vuelos en aeropuertos en todo el pa\u00eds. La empresa Flybondi, por su parte, decidi\u00f3 no parar en el d\u00eda de hoy y estar\u00e1 operativa.<\/li>\n<\/ul>\n\n\n\n<h2 class=\"wp-block-heading\"><strong>Estas son las 80 l\u00edneas que no se adhieren al paro<\/strong><\/h2>\n\n\n\n<p>Los colectivos del\u00a0grupo DOTA\u00a0comunicaron que\u00a0no adhieren al\u00a0<a rel=\"noreferrer noopener\" href=\"https:\/\/tn.com.ar\/politica\/2024\/01\/23\/quienes-se-adhieren-al-paro-general-de-la-cgt-del-24-de-enero\/\" target=\"_blank\">paro<\/a>\u00a0de este mi\u00e9rcoles 24 de enero. De esta manera, las\u00a080 l\u00edneas\u00a0que pertenecen a la empresa circular\u00e1n con normalidad en el AMBA. Por su parte, la\u00a0UTA<a rel=\"noreferrer noopener\" href=\"https:\/\/tn.com.ar\/economia\/2024\/01\/18\/ante-el-fracaso-de-las-paritarias-la-uta-declaro-el-estado-de-alerta-y-no-descartan-un-paro-de-colectivos\/\" target=\"_blank\">\u00a0<\/a>afirm\u00f3 que dejar\u00e1n de brindar servicio\u00a0desde las 19\u00a0hasta las 00 horas\u00a0en todo el pa\u00eds.<\/p>\n\n\n\n<p>Las l\u00edneas de colectivos del grupo DOTA no adhieren al paro general de la CGT y brindar\u00e1n servicios despu\u00e9s de las 19 inclusive:<\/p>\n\n\n\n<p><strong>5, 6, 7, 8, 9, 20, 21, 23, 24, 25, 28, 31, 44, 50, 51, 56, 57, 74, 76, 79, 84, 91, 99, 101, 107, 108, 117, 135, 146, 150, 161, 164, 168, 177, 188, 263, 271, 299, 370, 373, 384, 385, 388,403,\u00a0405,\u00a0421,\u00a0429,\u00a0435,\u00a0503\u00a0(San Vicente),\u00a0514\u00a0(Almirante Brown);\u00a0520\u00a0(Lan\u00fas).<\/strong><\/p>\n\n\n\n<p><strong><em>Con informaci\u00f3n de TN <\/em><\/strong><\/p>\n","protected":false},"excerpt":{"rendered":"<p>La CGT (Confederaci\u00f3n General del Trabajo) de Argentina realizar\u00e1 un paro general este mi\u00e9rcoles 24 de enero. Esta acci\u00f3n, que representa la primera en cinco a\u00f1os, se organiza en respuesta al DNU y a la ley \u00f3mnibus propuesta por el gobierno de Javier Milei para su aprobaci\u00f3n en el Congreso. La \u00faltima vez que la [&hellip;]<\/p>\n","protected":false},"author":5,"featured_media":48252,"comment_status":"closed","ping_status":"closed","sticky":false,"template":"","format":"standard","meta":{"jnews-multi-image_gallery":[],"jnews_single_post":{"subtitle":"","format":"standard","video":"","gallery":"","source_name":"","source_url":"","via_name":"","via_url":"","override_template":"0","override":[{"template":"4","single_blog_custom":"","parallax":"1","fullscreen":"1","layout":"right-sidebar","sidebar":"default-sidebar","second_sidebar":"default-sidebar","sticky_sidebar":"1","share_position":"top","share_float_style":"share-monocrhome","show_share_counter":"1","show_view_counter":"1","show_featured":"1","show_post_meta":"1","show_post_author":"1","show_post_author_image":"1","show_post_date":"1","post_date_format":"default","post_date_format_custom":"Y\/m\/d","show_post_category":"1","show_post_reading_time":"1","post_reading_time_wpm":"300","show_zoom_button":"1","zoom_button_out_step":"2","zoom_button_in_step":"3","show_post_tag":"1","show_prev_next_post":"1","show_popup_post":"1","number_popup_post":"1","show_author_box":"1","show_post_related":"1","show_inline_post_related":"0"}],"override_image_size":"0","image_override":[{"single_post_thumbnail_size":"crop-500","single_post_gallery_size":"crop-500"}],"trending_post":"0","trending_post_position":"meta","trending_post_label":"Trending","sponsored_post":"0","sponsored_post_label":"Sponsored by","sponsored_post_name":"","sponsored_post_url":"","sponsored_post_logo_enable":"0","sponsored_post_logo":"","sponsored_post_desc":"","disable_ad":"0"},"jnews_primary_category":{"id":"","hide":""},"jnews_social_meta":{"fb_title":"","fb_description":"","fb_image":"","twitter_title":"","twitter_description":"","twitter_image":""},"jnews_review":[],"enable_review":"0","type":"percentage","name":"","summary":"","brand":"","sku":"","good":[{"good_text":""}],"bad":[{"bad_text":""}],"score_override":"","override_value":"","rating":[{"rating_text":"","rating_number":"10"}],"price":[{"shop":"","price":"","link":"","icon":""}],"jnews_override_counter":{"override_view_counter":"0","view_counter_number":"0","override_share_counter":"0","share_counter_number":"0","override_like_counter":"0","like_counter_number":"0","override_dislike_counter":"0","dislike_counter_number":"0"},"jnews_post_split":{"enable_post_split":"0","post_split":[{"template":"1","tag":"h2","numbering":"asc","mode":"normal","first":"0","enable_toc":"0","toc_type":"normal"}]},"footnotes":""},"categories":[43,58,59],"tags":[44,13339,1278,13340],"class_list":["post-48251","post","type-post","status-publish","format-standard","has-post-thumbnail","hentry","category-actualidad","category-argentina","category-politica","tag-argentina","tag-paro-de-la-cgt","tag-servicios","tag-transportes"],"amp_enabled":true,"_links":{"self":[{"href":"https:\/\/esreviral.com\/index.php?rest_route=\/wp\/v2\/posts\/48251"}],"collection":[{"href":"https:\/\/esreviral.com\/index.php?rest_route=\/wp\/v2\/posts"}],"about":[{"href":"https:\/\/esreviral.com\/index.php?rest_route=\/wp\/v2\/types\/post"}],"author":[{"embeddable":true,"href":"https:\/\/esreviral.com\/index.php?rest_route=\/wp\/v2\/users\/5"}],"replies":[{"embeddable":true,"href":"https:\/\/esreviral.com\/index.php?rest_route=%2Fwp%2Fv2%2Fcomments&post=48251"}],"version-history":[{"count":0,"href":"https:\/\/esreviral.com\/index.php?rest_route=\/wp\/v2\/posts\/48251\/revisions"}],"wp:featuredmedia":[{"embeddable":true,"href":"https:\/\/esreviral.com\/index.php?rest_route=\/wp\/v2\/media\/48252"}],"wp:attachment":[{"href":"https:\/\/esreviral.com\/index.php?rest_route=%2Fwp%2Fv2%2Fmedia&parent=48251"}],"wp:term":[{"taxonomy":"category","embeddable":true,"href":"https:\/\/esreviral.com\/index.php?rest_route=%2Fwp%2Fv2%2Fcategories&post=48251"},{"taxonomy":"post_tag","embeddable":true,"href":"https:\/\/esreviral.com\/index.php?rest_route=%2Fwp%2Fv2%2Ftags&post=48251"}],"curies":[{"name":"wp","href":"https:\/\/api.w.org\/{rel}","templated":true}]}}