{"id":48162,"date":"2024-01-22T15:22:39","date_gmt":"2024-01-22T20:22:39","guid":{"rendered":"https:\/\/esreviral.com\/?p=48162"},"modified":"2024-01-22T15:31:23","modified_gmt":"2024-01-22T20:31:23","slug":"realeza-britanica-en-vilo-sarah-ferguson-dice-que-el-diagnostico-de-melanoma-ha-sido-un-shock","status":"publish","type":"post","link":"https:\/\/esreviral.com\/?p=48162","title":{"rendered":"Realeza brit\u00e1nica en vilo: Sarah Ferguson dice que el diagn\u00f3stico de melanoma ha sido un \u00abshock\u00bb"},"content":{"rendered":"\n<p>La duquesa de York, Sarah Ferguson, admiti\u00f3 este lunes que recibir <strong>el diagn\u00f3stico de un melanoma maligno le supuso un \u00abshock\u00bb<\/strong> y agradeci\u00f3 los \u00abmuchos mensajes de amor y apoyo\u00bb recibidos, en un mensaje colgado en su cuenta de Instagram.<\/p>\n\n\n\n<p><strong>\u00abMe he tomado alg\u00fan tiempo para m\u00ed porque me han diagnosticado un melanoma maligno, una forma de c\u00e1ncer de piel, y el segundo en menos de un a\u00f1o despu\u00e9s de que me diagnosticaran c\u00e1ncer de pecho el pasado verano y de haberme sometido a una mastectom\u00eda y cirug\u00eda reconstructiva\u00bb,<\/strong> se\u00f1ala Ferguson, exesposa del pr\u00edncipe Andr\u00e9s, en su mensaje.<\/p>\n\n\n\n<h4 class=\"wp-block-heading\"><strong><a href=\"https:\/\/chat.whatsapp.com\/KWkTmakY3I05kNdd2oZl6d\">UNIRME A GRUPO DE WHATASPP<\/a><\/strong><\/h4>\n\n\n\n<p>La madre de las princesas Eugenia y Beatriz considera que <strong>\u00abfue gracias a la gran vigilancia\u00bb <\/strong>mostrada por su dermat\u00f3logo que se le pudo detectar el melanoma.<\/p>\n\n\n\n<p>\u00abComo es natural, otro diagn\u00f3stico de c\u00e1ncer ha sido un \u2018shock\u2019 pero estoy de buen humor y agradecida por los muchos mensajes de amor y apoyo\u00bb, afirma.<\/p>\n\n\n\n<p>Ahora la familia Real brit\u00e1nica est\u00e1 en vilo porque la semana pasada<a href=\"https:\/\/esreviral.com\/la-princesa-de-gales-fue-operada-y-estara-unos-10-dias-hospitalizada\/\"> la princesa Kate fue operada por problemas abdominales,<\/a> mientras que en los pr\u00f3ximos d\u00edas el Rey Carlos III tambi\u00e9n ingresar\u00e1 al quir\u00f3fano, por lo que el principe de Gales, segundo en la l\u00ednea de sucesi\u00f3n deber\u00e1 cuidar a su esposa e hijo, la reina Camila, al pendiente de su esposo. Las princesas Eugenia y Beatriz pendientes de su madre. <\/p>\n\n\n\n<p>El principe Harry, tercero en la l\u00ednea, ya no est\u00e1 en la familia real, al igual que su t\u00edo Andr\u00e9s, por lo que la princesa real, Ana y los duques de Edimburgo, Eduardo y Sof\u00eda ser\u00e1n quienes representen a los Windsor\u00b4s en los pr\u00f3ximos d\u00edas.<\/p>\n\n\n\n<p>Lea tambi\u00e9n: <strong><a href=\"https:\/\/esreviral.com\/la-princesa-de-gales-fue-operada-y-estara-unos-10-dias-hospitalizada\/\">La princesa de Gales fue operada y estar\u00e1 unos 10 d\u00edas hospitalizada<\/a><\/strong><\/p>\n\n\n\n<p><strong><em>NYP.-<\/em><\/strong><\/p>\n","protected":false},"excerpt":{"rendered":"<p>La duquesa de York, Sarah Ferguson, admiti\u00f3 este lunes que recibir el diagn\u00f3stico de un melanoma maligno le supuso un \u00abshock\u00bb y agradeci\u00f3 los \u00abmuchos mensajes de amor y apoyo\u00bb recibidos, en un mensaje colgado en su cuenta de Instagram. \u00abMe he tomado alg\u00fan tiempo para m\u00ed porque me han diagnosticado un melanoma maligno, una [&hellip;]<\/p>\n","protected":false},"author":2,"featured_media":48163,"comment_status":"open","ping_status":"closed","sticky":false,"template":"","format":"standard","meta":{"jnews-multi-image_gallery":[],"jnews_single_post":{"subtitle":"","format":"standard","video":"","gallery":"","source_name":"","source_url":"","via_name":"","via_url":"","override_template":"0","override":[{"template":"4","single_blog_custom":"","parallax":"1","fullscreen":"1","layout":"right-sidebar","sidebar":"default-sidebar","second_sidebar":"default-sidebar","sticky_sidebar":"1","share_position":"top","share_float_style":"share-monocrhome","show_share_counter":"1","show_view_counter":"1","show_featured":"1","show_post_meta":"1","show_post_author":"1","show_post_author_image":"1","show_post_date":"1","post_date_format":"default","post_date_format_custom":"Y\/m\/d","show_post_category":"1","show_post_reading_time":"1","post_reading_time_wpm":"300","show_zoom_button":"1","zoom_button_out_step":"2","zoom_button_in_step":"3","show_post_tag":"1","show_prev_next_post":"1","show_popup_post":"1","number_popup_post":"1","show_author_box":"1","show_post_related":"1","show_inline_post_related":"0"}],"override_image_size":"0","image_override":[{"single_post_thumbnail_size":"crop-500","single_post_gallery_size":"crop-500"}],"trending_post":"0","trending_post_position":"meta","trending_post_label":"Trending","sponsored_post":"0","sponsored_post_label":"Sponsored by","sponsored_post_name":"","sponsored_post_url":"","sponsored_post_logo_enable":"0","sponsored_post_logo":"","sponsored_post_desc":"","disable_ad":"0"},"jnews_primary_category":{"id":"","hide":""},"jnews_social_meta":{"fb_title":"","fb_description":"","fb_image":"","twitter_title":"","twitter_description":"","twitter_image":""},"jnews_review":[],"enable_review":"0","type":"percentage","name":"","summary":"","brand":"","sku":"","good":[{"good_text":""}],"bad":[{"bad_text":""}],"score_override":"","override_value":"","rating":[{"rating_text":"","rating_number":"10"}],"price":[{"shop":"","price":"","link":"","icon":""}],"jnews_override_counter":{"override_view_counter":"0","view_counter_number":"0","override_share_counter":"0","share_counter_number":"0","override_like_counter":"0","like_counter_number":"0","override_dislike_counter":"0","dislike_counter_number":"0"},"jnews_post_split":{"enable_post_split":"0","post_split":[{"template":"1","tag":"h2","numbering":"asc","mode":"normal","first":"0","enable_toc":"0","toc_type":"normal"}]},"footnotes":""},"categories":[50],"tags":[355,2519,45,7573],"class_list":["post-48162","post","type-post","status-publish","format-standard","has-post-thumbnail","hentry","category-entretenimiento","tag-familia-real","tag-familia-real-britanica","tag-noticias","tag-rey-carlos-de-inglaterra"],"amp_enabled":true,"_links":{"self":[{"href":"https:\/\/esreviral.com\/index.php?rest_route=\/wp\/v2\/posts\/48162"}],"collection":[{"href":"https:\/\/esreviral.com\/index.php?rest_route=\/wp\/v2\/posts"}],"about":[{"href":"https:\/\/esreviral.com\/index.php?rest_route=\/wp\/v2\/types\/post"}],"author":[{"embeddable":true,"href":"https:\/\/esreviral.com\/index.php?rest_route=\/wp\/v2\/users\/2"}],"replies":[{"embeddable":true,"href":"https:\/\/esreviral.com\/index.php?rest_route=%2Fwp%2Fv2%2Fcomments&post=48162"}],"version-history":[{"count":0,"href":"https:\/\/esreviral.com\/index.php?rest_route=\/wp\/v2\/posts\/48162\/revisions"}],"wp:featuredmedia":[{"embeddable":true,"href":"https:\/\/esreviral.com\/index.php?rest_route=\/wp\/v2\/media\/48163"}],"wp:attachment":[{"href":"https:\/\/esreviral.com\/index.php?rest_route=%2Fwp%2Fv2%2Fmedia&parent=48162"}],"wp:term":[{"taxonomy":"category","embeddable":true,"href":"https:\/\/esreviral.com\/index.php?rest_route=%2Fwp%2Fv2%2Fcategories&post=48162"},{"taxonomy":"post_tag","embeddable":true,"href":"https:\/\/esreviral.com\/index.php?rest_route=%2Fwp%2Fv2%2Ftags&post=48162"}],"curies":[{"name":"wp","href":"https:\/\/api.w.org\/{rel}","templated":true}]}}