{"id":48155,"date":"2024-01-22T15:00:13","date_gmt":"2024-01-22T20:00:13","guid":{"rendered":"https:\/\/esreviral.com\/?p=48155"},"modified":"2024-01-22T15:36:34","modified_gmt":"2024-01-22T20:36:34","slug":"ministerio-publico-venezolano-dicto-orden-de-captura-contra-la-periodista-sebastiana-barraez","status":"publish","type":"post","link":"https:\/\/esreviral.com\/?p=48155","title":{"rendered":"Ministerio P\u00fablico venezolano dicto orden de captura contra la periodista Sebastiana Barraez"},"content":{"rendered":"\n<p>Tarek William Saab,&nbsp;fiscal general&nbsp;de Venezuela, anunci\u00f3 este lunes que el Ministerio P\u00fablico<strong> emiti\u00f3 \u00f3rdenes de aprehensi\u00f3n contra la periodista Sebastiana Barr\u00e1ez y la abogada defensora de derechos humanos Tamara Suju <\/strong>por presuntamente estar vinculadas en un plan para atentar contra la vida de Nicol\u00e1s Maduro y el gobernador del T\u00e1chira, Freddy Bernal.<\/p>\n\n\n\n<p>En una\u00a0<a rel=\"noreferrer noopener\" href=\"https:\/\/twitter.com\/MinpublicoVEN\/status\/1749466683754913883\" target=\"_blank\">rueda de prensa<\/a>, Saab tambi\u00e9n anunci\u00f3 \u00f3rdenes de aprehensi\u00f3n contra Wender Villalobos, Norbey Marin y contra los militares retirados Mario Iv\u00e1n Carrat\u00fa Molina y Jos\u00e9 Antonio Colina.<\/p>\n\n\n\n<figure class=\"wp-block-embed is-type-rich is-provider-twitter wp-block-embed-twitter\"><div class=\"wp-block-embed__wrapper\">\n<blockquote class=\"twitter-tweet\" data-width=\"500\" data-dnt=\"true\"><p lang=\"es\" dir=\"ltr\"><a href=\"https:\/\/twitter.com\/hashtag\/AlertaSNTP?src=hash&amp;ref_src=twsrc%5Etfw\">#AlertaSNTP<\/a> | El Ministerio P\u00fablico anunci\u00f3 este <a href=\"https:\/\/twitter.com\/hashtag\/22Ene?src=hash&amp;ref_src=twsrc%5Etfw\">#22Ene<\/a> que se libr\u00f3 orden de aprehensi\u00f3n en contra de la periodista venezolana Sebastiana Barr\u00e1ez por las investigaciones de presuntos actos terroristas &quot;hasta atentar contra la vida del Presidente Nicol\u00e1s Maduro&quot;<\/p>&mdash; SNTP (@sntpvenezuela) <a href=\"https:\/\/twitter.com\/sntpvenezuela\/status\/1749485857877209240?ref_src=twsrc%5Etfw\">January 22, 2024<\/a><\/blockquote><script async src=\"https:\/\/platform.twitter.com\/widgets.js\" charset=\"utf-8\"><\/script>\n<\/div><\/figure>\n\n\n\n<p>Los delitos por los cuales se les est\u00e1 investigando son traici\u00f3n a la patria, homicidio intencional calificado en grado de tentativa en la persona del presidente de la Rep\u00fablica, homicidio intencional calificado en grado de tentativa en la persona del gobernador del estado T\u00e1chira, terrorismo y asociaci\u00f3n.<\/p>\n\n\n\n<p>Saab relat\u00f3 que el pasado d\u00eda 16 de enero fue detenido en una zona rural cerca de la frontera en T\u00e1chira el exmilitar Angelo Heredia, quien ten\u00eda dos \u00f3rdenes de aprehensi\u00f3n, una por la jurisdicci\u00f3n militar y otra por la jurisdicci\u00f3n civil.<\/p>\n\n\n\n<p>Cuando las autoridades vaciaron el contenido de su tel\u00e9fono celular descubrieron que estaba participando en un presunto plan para atacar la 21\u00ba Brigada de Infanter\u00eda del Ej\u00e9rcito Bolivariano situado en T\u00e1chira, con el objetivo de hacerse con el parque de armas de este cuerpo castrense y luego atentar contra la vida del gobernador Freddy Bernal.<\/p>\n\n\n\n<p><strong><em>Con informaci\u00f3n de El Nacional.-<\/em><\/strong><\/p>\n","protected":false},"excerpt":{"rendered":"<p>Tarek William Saab,&nbsp;fiscal general&nbsp;de Venezuela, anunci\u00f3 este lunes que el Ministerio P\u00fablico emiti\u00f3 \u00f3rdenes de aprehensi\u00f3n contra la periodista Sebastiana Barr\u00e1ez y la abogada defensora de derechos humanos Tamara Suju por presuntamente estar vinculadas en un plan para atentar contra la vida de Nicol\u00e1s Maduro y el gobernador del T\u00e1chira, Freddy Bernal. En una\u00a0rueda de [&hellip;]<\/p>\n","protected":false},"author":2,"featured_media":48156,"comment_status":"open","ping_status":"closed","sticky":false,"template":"","format":"standard","meta":{"jnews-multi-image_gallery":[],"jnews_single_post":{"subtitle":"","format":"standard","video":"","gallery":"","source_name":"","source_url":"","via_name":"","via_url":"","override_template":"0","override":[{"template":"4","single_blog_custom":"","parallax":"1","fullscreen":"1","layout":"right-sidebar","sidebar":"default-sidebar","second_sidebar":"default-sidebar","sticky_sidebar":"1","share_position":"top","share_float_style":"share-monocrhome","show_share_counter":"1","show_view_counter":"1","show_featured":"1","show_post_meta":"1","show_post_author":"1","show_post_author_image":"1","show_post_date":"1","post_date_format":"default","post_date_format_custom":"Y\/m\/d","show_post_category":"1","show_post_reading_time":"1","post_reading_time_wpm":"300","show_zoom_button":"1","zoom_button_out_step":"2","zoom_button_in_step":"3","show_post_tag":"1","show_prev_next_post":"1","show_popup_post":"1","number_popup_post":"1","show_author_box":"1","show_post_related":"1","show_inline_post_related":"0"}],"override_image_size":"0","image_override":[{"single_post_thumbnail_size":"crop-500","single_post_gallery_size":"crop-500"}],"trending_post":"0","trending_post_position":"meta","trending_post_label":"Trending","sponsored_post":"0","sponsored_post_label":"Sponsored by","sponsored_post_name":"","sponsored_post_url":"","sponsored_post_logo_enable":"0","sponsored_post_logo":"","sponsored_post_desc":"","disable_ad":"0"},"jnews_primary_category":{"id":"","hide":""},"jnews_social_meta":{"fb_title":"","fb_description":"","fb_image":"","twitter_title":"","twitter_description":"","twitter_image":""},"jnews_review":[],"enable_review":"0","type":"percentage","name":"","summary":"","brand":"","sku":"","good":[{"good_text":""}],"bad":[{"bad_text":""}],"score_override":"","override_value":"","rating":[{"rating_text":"","rating_number":"10"}],"price":[{"shop":"","price":"","link":"","icon":""}],"jnews_override_counter":{"override_view_counter":"0","view_counter_number":"0","override_share_counter":"0","share_counter_number":"0","override_like_counter":"0","like_counter_number":"0","override_dislike_counter":"0","dislike_counter_number":"0"},"jnews_post_split":{"enable_post_split":"0","post_split":[{"template":"1","tag":"h2","numbering":"asc","mode":"normal","first":"0","enable_toc":"0","toc_type":"normal"}]},"footnotes":""},"categories":[66],"tags":[13317,45,1253,56],"class_list":["post-48155","post","type-post","status-publish","format-standard","has-post-thumbnail","hentry","category-venezuela","tag-fiscal-general-de-venezuela","tag-noticias","tag-tarek-william-saab","tag-venezuela"],"amp_enabled":true,"_links":{"self":[{"href":"https:\/\/esreviral.com\/index.php?rest_route=\/wp\/v2\/posts\/48155"}],"collection":[{"href":"https:\/\/esreviral.com\/index.php?rest_route=\/wp\/v2\/posts"}],"about":[{"href":"https:\/\/esreviral.com\/index.php?rest_route=\/wp\/v2\/types\/post"}],"author":[{"embeddable":true,"href":"https:\/\/esreviral.com\/index.php?rest_route=\/wp\/v2\/users\/2"}],"replies":[{"embeddable":true,"href":"https:\/\/esreviral.com\/index.php?rest_route=%2Fwp%2Fv2%2Fcomments&post=48155"}],"version-history":[{"count":0,"href":"https:\/\/esreviral.com\/index.php?rest_route=\/wp\/v2\/posts\/48155\/revisions"}],"wp:featuredmedia":[{"embeddable":true,"href":"https:\/\/esreviral.com\/index.php?rest_route=\/wp\/v2\/media\/48156"}],"wp:attachment":[{"href":"https:\/\/esreviral.com\/index.php?rest_route=%2Fwp%2Fv2%2Fmedia&parent=48155"}],"wp:term":[{"taxonomy":"category","embeddable":true,"href":"https:\/\/esreviral.com\/index.php?rest_route=%2Fwp%2Fv2%2Fcategories&post=48155"},{"taxonomy":"post_tag","embeddable":true,"href":"https:\/\/esreviral.com\/index.php?rest_route=%2Fwp%2Fv2%2Ftags&post=48155"}],"curies":[{"name":"wp","href":"https:\/\/api.w.org\/{rel}","templated":true}]}}