{"id":48083,"date":"2024-01-19T10:00:21","date_gmt":"2024-01-19T15:00:21","guid":{"rendered":"https:\/\/esreviral.com\/?p=48083"},"modified":"2024-01-19T10:00:22","modified_gmt":"2024-01-19T15:00:22","slug":"donald-trump-elogio-a-javier-milei-tras-su-paso-por-davos-es-maga","status":"publish","type":"post","link":"https:\/\/esreviral.com\/?p=48083","title":{"rendered":"Donald Trump elogi\u00f3 a Javier Milei tras su paso por Davos: \u201cEs MAGA\u201c"},"content":{"rendered":"\n<p>El expresidente de los Estados Unidos Donald Trump, que aspira a recuperar en noviembre el sill\u00f3n presidencial de la Casa Blanca, elogi\u00f3 este viernes al mandatario argentino\u00a0Javier Milei\u00a0tras su paso por el\u00a0Foro Econ\u00f3mico Mundial de Davos.<\/p>\n\n\n\n<p><strong><em>\u00abEl nuevo presidente de Argentina, Javier Milei, que realmente ama a su pa\u00eds, est\u00e1 trabajando duro y, seg\u00fan muchos que lo saben,\u00a0\u00a1HACIENDO GRANDES PROGRESOS!\u00bb<\/em><\/strong>, destac\u00f3 el republicano.<\/p>\n\n\n\n<p>Y sum\u00f3:<strong><em> \u00abHered\u00f3 un \u201cdesastre total\u201d, pero es MAGA (\u00a1Haz Argentina grande otra vez!)\u00bb.<\/em><\/strong><\/p>\n\n\n\n<p>MAGA es justamente la abreviaci\u00f3n de su emblem\u00e1tico slogan de campa\u00f1a: <strong><em>\u00abMake America Great Again\u00bb.<\/em><\/strong><\/p>\n\n\n\n<p>Trump fue se\u00f1alado en el Foro de Davos como uno de los factores que pueden influir en la evoluci\u00f3n de la econom\u00eda global en 2024, junto con una guerra a gran escala o una nueva pandemia.<\/p>\n\n\n\n<figure class=\"wp-block-image size-large\"><img decoding=\"async\" src=\"https:\/\/www.clarin.com\/img\/2024\/01\/19\/KDiiJF_be_1256x620__1.jpg\" alt=\"\"\/><\/figure>\n\n\n\n<p><strong><em>Con informaci\u00f3n de Clar\u00edn <\/em><\/strong><\/p>\n","protected":false},"excerpt":{"rendered":"<p>El expresidente de los Estados Unidos Donald Trump, que aspira a recuperar en noviembre el sill\u00f3n presidencial de la Casa Blanca, elogi\u00f3 este viernes al mandatario argentino\u00a0Javier Milei\u00a0tras su paso por el\u00a0Foro Econ\u00f3mico Mundial de Davos. \u00abEl nuevo presidente de Argentina, Javier Milei, que realmente ama a su pa\u00eds, est\u00e1 trabajando duro y, seg\u00fan muchos [&hellip;]<\/p>\n","protected":false},"author":5,"featured_media":48084,"comment_status":"closed","ping_status":"closed","sticky":false,"template":"","format":"standard","meta":{"jnews-multi-image_gallery":[],"jnews_single_post":{"subtitle":"","format":"standard","video":"","gallery":"","source_name":"","source_url":"","via_name":"","via_url":"","override_template":"0","override":[{"template":"4","single_blog_custom":"","parallax":"1","fullscreen":"1","layout":"right-sidebar","sidebar":"default-sidebar","second_sidebar":"default-sidebar","sticky_sidebar":"1","share_position":"top","share_float_style":"share-monocrhome","show_share_counter":"1","show_view_counter":"1","show_featured":"1","show_post_meta":"1","show_post_author":"1","show_post_author_image":"1","show_post_date":"1","post_date_format":"default","post_date_format_custom":"Y\/m\/d","show_post_category":"1","show_post_reading_time":"1","post_reading_time_wpm":"300","show_zoom_button":"1","zoom_button_out_step":"2","zoom_button_in_step":"3","show_post_tag":"1","show_prev_next_post":"1","show_popup_post":"1","number_popup_post":"1","show_author_box":"1","show_post_related":"1","show_inline_post_related":"0"}],"override_image_size":"0","image_override":[{"single_post_thumbnail_size":"crop-500","single_post_gallery_size":"crop-500"}],"trending_post":"0","trending_post_position":"meta","trending_post_label":"Trending","sponsored_post":"0","sponsored_post_label":"Sponsored by","sponsored_post_name":"","sponsored_post_url":"","sponsored_post_logo_enable":"0","sponsored_post_logo":"","sponsored_post_desc":"","disable_ad":"0"},"jnews_primary_category":{"id":"","hide":""},"jnews_social_meta":{"fb_title":"","fb_description":"","fb_image":"","twitter_title":"","twitter_description":"","twitter_image":""},"jnews_review":[],"enable_review":"0","type":"percentage","name":"","summary":"","brand":"","sku":"","good":[{"good_text":""}],"bad":[{"bad_text":""}],"score_override":"","override_value":"","rating":[{"rating_text":"","rating_number":"10"}],"price":[{"shop":"","price":"","link":"","icon":""}],"jnews_override_counter":{"override_view_counter":"0","view_counter_number":"0","override_share_counter":"0","share_counter_number":"0","override_like_counter":"0","like_counter_number":"0","override_dislike_counter":"0","dislike_counter_number":"0"},"jnews_post_split":{"enable_post_split":"0","post_split":[{"template":"1","tag":"h2","numbering":"asc","mode":"normal","first":"0","enable_toc":"0","toc_type":"normal"}]},"footnotes":""},"categories":[43,58,88],"tags":[2088,1158],"class_list":["post-48083","post","type-post","status-publish","format-standard","has-post-thumbnail","hentry","category-actualidad","category-argentina","category-internacionales","tag-donald-trump","tag-javier-milei"],"amp_enabled":true,"_links":{"self":[{"href":"https:\/\/esreviral.com\/index.php?rest_route=\/wp\/v2\/posts\/48083"}],"collection":[{"href":"https:\/\/esreviral.com\/index.php?rest_route=\/wp\/v2\/posts"}],"about":[{"href":"https:\/\/esreviral.com\/index.php?rest_route=\/wp\/v2\/types\/post"}],"author":[{"embeddable":true,"href":"https:\/\/esreviral.com\/index.php?rest_route=\/wp\/v2\/users\/5"}],"replies":[{"embeddable":true,"href":"https:\/\/esreviral.com\/index.php?rest_route=%2Fwp%2Fv2%2Fcomments&post=48083"}],"version-history":[{"count":0,"href":"https:\/\/esreviral.com\/index.php?rest_route=\/wp\/v2\/posts\/48083\/revisions"}],"wp:featuredmedia":[{"embeddable":true,"href":"https:\/\/esreviral.com\/index.php?rest_route=\/wp\/v2\/media\/48084"}],"wp:attachment":[{"href":"https:\/\/esreviral.com\/index.php?rest_route=%2Fwp%2Fv2%2Fmedia&parent=48083"}],"wp:term":[{"taxonomy":"category","embeddable":true,"href":"https:\/\/esreviral.com\/index.php?rest_route=%2Fwp%2Fv2%2Fcategories&post=48083"},{"taxonomy":"post_tag","embeddable":true,"href":"https:\/\/esreviral.com\/index.php?rest_route=%2Fwp%2Fv2%2Ftags&post=48083"}],"curies":[{"name":"wp","href":"https:\/\/api.w.org\/{rel}","templated":true}]}}