{"id":48066,"date":"2024-01-19T08:23:18","date_gmt":"2024-01-19T13:23:18","guid":{"rendered":"https:\/\/esreviral.com\/?p=48066"},"modified":"2024-01-19T08:23:19","modified_gmt":"2024-01-19T13:23:19","slug":"quienes-son-las-personas-detenidas-en-un-exclusivo-country-de-cordoba-relacionados-con-el-narco-fito-macias-fotos","status":"publish","type":"post","link":"https:\/\/esreviral.com\/?p=48066","title":{"rendered":"Qui\u00e9nes son las personas detenidas en un exclusivo country de C\u00f3rdoba, relacionados con el narco \u00abFito\u00bb Mac\u00edas (+FOTOS)"},"content":{"rendered":"\n<p>Este viernes, C\u00f3rdoba amaneci\u00f3 conmocionada ante la detenci\u00f3n de los familiares de <strong>Jos\u00e9 Adolfo Mac\u00edas Villamar, alias Fito<\/strong>.<\/p>\n\n\n\n<p>La esposa y los hijos del temible narco que sembr\u00f3 el terror en Ecuador, viv\u00edan en un exclusivo country de C\u00f3rdoba.  <\/p>\n\n\n<div class=\"wp-block-image\">\n<figure class=\"aligncenter size-large\"><img decoding=\"async\" src=\"https:\/\/resizer.glanacion.com\/resizer\/v2\/los-familiares-del-capo-narco-seran-expulsados-de-SVYO7X54YVBMRGWOLHEMU5NEWY.jpeg?auth=972b1c093585130d970b2804fe687dc90ed32a26cca20860a0c966f30b89899b&amp;width=780&amp;height=509&amp;quality=70&amp;smart=true\" alt=\"\"\/><\/figure><\/div>\n\n\n<p><strong>Identificaron a la esposa del capo narco como\u00a0Inda Mariela Pe\u00f1arrieta Tu\u00e1rez,\u00a0de 48 a\u00f1os, y a los hijos como\u00a0Michelle Mac\u00edas Pe\u00f1arrieta, de 21;\u00a0Ilse Mar\u00eda Mac\u00edas Pe\u00f1arrieta, de 12, y\u00a0Lian Sejam Mac\u00edas Pe\u00f1arrieta, de 4.<\/strong><\/p>\n\n\n\n<figure class=\"wp-block-image size-large\"><img fetchpriority=\"high\" decoding=\"async\" width=\"1024\" height=\"703\" src=\"https:\/\/esreviral.com\/wp-content\/uploads\/2024\/01\/00-1024x703.jpg\" alt=\"\" class=\"wp-image-48067\" srcset=\"https:\/\/esreviral.com\/wp-content\/uploads\/2024\/01\/00-1024x703.jpg 1024w, https:\/\/esreviral.com\/wp-content\/uploads\/2024\/01\/00-300x206.jpg 300w, https:\/\/esreviral.com\/wp-content\/uploads\/2024\/01\/00-768x528.jpg 768w, https:\/\/esreviral.com\/wp-content\/uploads\/2024\/01\/00-750x515.jpg 750w, https:\/\/esreviral.com\/wp-content\/uploads\/2024\/01\/00-1140x783.jpg 1140w, https:\/\/esreviral.com\/wp-content\/uploads\/2024\/01\/00.jpg 1220w\" sizes=\"(max-width: 1024px) 100vw, 1024px\" \/><\/figure>\n\n\n\n<p>La investigaci\u00f3n, a cargo del comisario mayor Alberto Bietti, director de Inteligencia Criminal de la Polic\u00eda de C\u00f3rdoba, pudo chequear que personas ecuatorianas hab\u00edan alquilado, pagando en efectivo en d\u00f3lares, una casa grande y lujosa en Valle del Golf, en el camino a Falda del Carmen. <\/p>\n\n\n\n<p>El diario La Naci\u00f3n, basado en fuentes oficiales, se\u00f1al\u00f3 que los familiares de Fito Mac\u00edas, l\u00edder de la organizaci\u00f3n criminal Los Choneros, llegaron a la Argentina el 5 de enero de 2024. <\/p>\n\n\n\n<figure class=\"wp-block-image size-large\"><img decoding=\"async\" width=\"1024\" height=\"574\" src=\"https:\/\/esreviral.com\/wp-content\/uploads\/2024\/01\/01-2-1024x574.webp\" alt=\"\" class=\"wp-image-48068\" srcset=\"https:\/\/esreviral.com\/wp-content\/uploads\/2024\/01\/01-2-1024x574.webp 1024w, https:\/\/esreviral.com\/wp-content\/uploads\/2024\/01\/01-2-300x168.webp 300w, https:\/\/esreviral.com\/wp-content\/uploads\/2024\/01\/01-2-768x430.webp 768w, https:\/\/esreviral.com\/wp-content\/uploads\/2024\/01\/01-2-750x420.webp 750w, https:\/\/esreviral.com\/wp-content\/uploads\/2024\/01\/01-2-1140x639.webp 1140w, https:\/\/esreviral.com\/wp-content\/uploads\/2024\/01\/01-2.webp 1160w\" sizes=\"(max-width: 1024px) 100vw, 1024px\" \/><\/figure>\n\n\n\n<p>En total fueron 8 las personas detenidas en C\u00f3rdoba.  <strong>Los ciudadanos ecuatorianos viajaron anoche en un avi\u00f3n que puso a disposici\u00f3n el\u00a0ministro de Defensa, Luis Petri, a la Brigada A\u00e9rea de El Palomar, y hoy fueron\u00a0deportados a Ecuador.<\/strong><\/p>\n\n\n\n<p>No se descarta que el peligroso narcotraficante pueda estar en Argentina. <\/p>\n\n\n\n<p><strong><em>Con informaci\u00f3n de La Naci\u00f3n<\/em><\/strong><\/p>\n","protected":false},"excerpt":{"rendered":"<p>Este viernes, C\u00f3rdoba amaneci\u00f3 conmocionada ante la detenci\u00f3n de los familiares de Jos\u00e9 Adolfo Mac\u00edas Villamar, alias Fito. La esposa y los hijos del temible narco que sembr\u00f3 el terror en Ecuador, viv\u00edan en un exclusivo country de C\u00f3rdoba. Identificaron a la esposa del capo narco como\u00a0Inda Mariela Pe\u00f1arrieta Tu\u00e1rez,\u00a0de 48 a\u00f1os, y a los [&hellip;]<\/p>\n","protected":false},"author":5,"featured_media":48069,"comment_status":"closed","ping_status":"closed","sticky":false,"template":"","format":"standard","meta":{"jnews-multi-image_gallery":[],"jnews_single_post":{"subtitle":"","format":"standard","video":"","gallery":"","source_name":"","source_url":"","via_name":"","via_url":"","override_template":"0","override":[{"template":"4","single_blog_custom":"","parallax":"1","fullscreen":"1","layout":"right-sidebar","sidebar":"default-sidebar","second_sidebar":"default-sidebar","sticky_sidebar":"1","share_position":"top","share_float_style":"share-monocrhome","show_share_counter":"1","show_view_counter":"1","show_featured":"1","show_post_meta":"1","show_post_author":"1","show_post_author_image":"1","show_post_date":"1","post_date_format":"default","post_date_format_custom":"Y\/m\/d","show_post_category":"1","show_post_reading_time":"1","post_reading_time_wpm":"300","show_zoom_button":"1","zoom_button_out_step":"2","zoom_button_in_step":"3","show_post_tag":"1","show_prev_next_post":"1","show_popup_post":"1","number_popup_post":"1","show_author_box":"1","show_post_related":"1","show_inline_post_related":"0"}],"override_image_size":"0","image_override":[{"single_post_thumbnail_size":"crop-500","single_post_gallery_size":"crop-500"}],"trending_post":"0","trending_post_position":"meta","trending_post_label":"Trending","sponsored_post":"0","sponsored_post_label":"Sponsored by","sponsored_post_name":"","sponsored_post_url":"","sponsored_post_logo_enable":"0","sponsored_post_logo":"","sponsored_post_desc":"","disable_ad":"0"},"jnews_primary_category":{"id":"","hide":""},"jnews_social_meta":{"fb_title":"","fb_description":"","fb_image":"","twitter_title":"","twitter_description":"","twitter_image":""},"jnews_review":[],"enable_review":"0","type":"percentage","name":"","summary":"","brand":"","sku":"","good":[{"good_text":""}],"bad":[{"bad_text":""}],"score_override":"","override_value":"","rating":[{"rating_text":"","rating_number":"10"}],"price":[{"shop":"","price":"","link":"","icon":""}],"jnews_override_counter":{"override_view_counter":"0","view_counter_number":"0","override_share_counter":"0","share_counter_number":"0","override_like_counter":"0","like_counter_number":"0","override_dislike_counter":"0","dislike_counter_number":"0"},"jnews_post_split":{"enable_post_split":"0","post_split":[{"template":"1","tag":"h2","numbering":"asc","mode":"normal","first":"0","enable_toc":"0","toc_type":"normal"}]},"footnotes":""},"categories":[43,58,64],"tags":[547,13296],"class_list":["post-48066","post","type-post","status-publish","format-standard","has-post-thumbnail","hentry","category-actualidad","category-argentina","category-sucesos","tag-ecuador","tag-fito"],"amp_enabled":true,"_links":{"self":[{"href":"https:\/\/esreviral.com\/index.php?rest_route=\/wp\/v2\/posts\/48066"}],"collection":[{"href":"https:\/\/esreviral.com\/index.php?rest_route=\/wp\/v2\/posts"}],"about":[{"href":"https:\/\/esreviral.com\/index.php?rest_route=\/wp\/v2\/types\/post"}],"author":[{"embeddable":true,"href":"https:\/\/esreviral.com\/index.php?rest_route=\/wp\/v2\/users\/5"}],"replies":[{"embeddable":true,"href":"https:\/\/esreviral.com\/index.php?rest_route=%2Fwp%2Fv2%2Fcomments&post=48066"}],"version-history":[{"count":0,"href":"https:\/\/esreviral.com\/index.php?rest_route=\/wp\/v2\/posts\/48066\/revisions"}],"wp:featuredmedia":[{"embeddable":true,"href":"https:\/\/esreviral.com\/index.php?rest_route=\/wp\/v2\/media\/48069"}],"wp:attachment":[{"href":"https:\/\/esreviral.com\/index.php?rest_route=%2Fwp%2Fv2%2Fmedia&parent=48066"}],"wp:term":[{"taxonomy":"category","embeddable":true,"href":"https:\/\/esreviral.com\/index.php?rest_route=%2Fwp%2Fv2%2Fcategories&post=48066"},{"taxonomy":"post_tag","embeddable":true,"href":"https:\/\/esreviral.com\/index.php?rest_route=%2Fwp%2Fv2%2Ftags&post=48066"}],"curies":[{"name":"wp","href":"https:\/\/api.w.org\/{rel}","templated":true}]}}