{"id":48042,"date":"2024-01-18T16:16:46","date_gmt":"2024-01-18T21:16:46","guid":{"rendered":"https:\/\/esreviral.com\/?p=48042"},"modified":"2024-01-18T16:16:47","modified_gmt":"2024-01-18T21:16:47","slug":"la-sinfonica-simon-bolivar-abre-temporada-de-conciertos-este-fin-de-semana-en-caracas","status":"publish","type":"post","link":"https:\/\/esreviral.com\/?p=48042","title":{"rendered":"La Sinf\u00f3nica Sim\u00f3n Bol\u00edvar abre temporada de conciertos este fin de semana en Caracas"},"content":{"rendered":"\n<p>Un nuevo a\u00f1o para seguir contribuyendo a la transformaci\u00f3n de la sociedad a trav\u00e9s de la m\u00fasica, por lo que <strong>El Sistema<\/strong> asume nuevos retos que ameritan disciplina y elevar el nivel de los repertorios demostrando por qu\u00e9 somos un modelo a seguir en el mundo. <strong>La temporada 2024<\/strong> inicia este 20 de enero en el <strong>Centro Nacional de Acci\u00f3n Social por la M\u00fasica<\/strong>, a las 5:00 p.m., de la mano de la <strong>Orquesta Sinf\u00f3nica Sim\u00f3n Bol\u00edvar de Venezuela (OSSBV)<\/strong>, quien bajo la direcci\u00f3n del maestro Abner Padrino, guiar\u00e1 a los presentes por dos obras sobresalientes. La primera del compositor Wolfgang Mozart, y la segunda del ingl\u00e9s Edward Elgar.<\/p>\n\n\n\n<p>La<em>\u00a0Sinfon\u00eda N.\u00ba 39 en Mi bemol Mayor,\u00a0<\/em>de Mozart, que forma parte de sus \u00faltimas composiciones realizadas en el verano de 1788 considerada una de sus etapas m\u00e1s creativas, cuando cre\u00f3 varias de sus mejores obras desde Viena, donde escribi\u00f3 esta pieza a cuatro movimientos (\u00a0<em>Adagio &#8211; Allegro, Andante con moto, Menuetto: Tr\u00edo y Allegro.)\u00a0<\/em>que forma parte de ese legado de m\u00e1s 600 composiciones de Mozart, y que este s\u00e1bado 20 ser\u00e1 ejecutada por la OSSBV con despliegue musical que elevar\u00e1 la obra a su m\u00e1ximo esplendor.<\/p>\n\n\n\n<p>Asimismo, la agrupaci\u00f3n que cautiv\u00f3 Escocia y China en 2023, se adentrar\u00e1 en las 14\u00a0<em>Variaciones<\/em>\u00a0<em>\u201cEnigma\u201d, Op.36<\/em>\u00a0del compositor Edward Elgar. Estas composiciones provienen de la improvisaci\u00f3n frente al piano del ingl\u00e9s, y seg\u00fan la historia detr\u00e1s de est\u00e1s melod\u00edas, en ellas est\u00e1n reflejados cada uno de los amigos que integraron la vida del autor.<\/p>\n\n\n\n<figure class=\"wp-block-image size-large\"><img fetchpriority=\"high\" decoding=\"async\" width=\"1024\" height=\"682\" src=\"https:\/\/esreviral.com\/wp-content\/uploads\/2024\/01\/AnyConv.com__unnamed-22-1024x682.webp\" alt=\"\" class=\"wp-image-48044\" srcset=\"https:\/\/esreviral.com\/wp-content\/uploads\/2024\/01\/AnyConv.com__unnamed-22-1024x682.webp 1024w, https:\/\/esreviral.com\/wp-content\/uploads\/2024\/01\/AnyConv.com__unnamed-22-300x200.webp 300w, https:\/\/esreviral.com\/wp-content\/uploads\/2024\/01\/AnyConv.com__unnamed-22-768x512.webp 768w, https:\/\/esreviral.com\/wp-content\/uploads\/2024\/01\/AnyConv.com__unnamed-22-750x500.webp 750w, https:\/\/esreviral.com\/wp-content\/uploads\/2024\/01\/AnyConv.com__unnamed-22-1140x760.webp 1140w, https:\/\/esreviral.com\/wp-content\/uploads\/2024\/01\/AnyConv.com__unnamed-22.webp 1280w\" sizes=\"(max-width: 1024px) 100vw, 1024px\" \/><\/figure>\n\n\n\n<p>Para esta presentaci\u00f3n la <strong>OSSBV<\/strong>, contar\u00e1 con la direcci\u00f3n del maestro Abner Padrino, formado desde muy temprana edad en las filas de El Sistema el Tigre, estado Anzo\u00e1tegui, y quien recibi\u00f3 formaci\u00f3n en direcci\u00f3n orquestal directamente por el Maestro Jos\u00e9 Antonio Abreu. Desde 2018 cuando realiz\u00f3 su debut frente a la Orquesta Sinf\u00f3nica Sim\u00f3n Bol\u00edvar de Venezuela, ha dirigido a distintas agrupaciones de la instituci\u00f3n, ha participado en importantes clases magistrales, ha formado parte de concursos como \u00abPrincesa Astrid\u00bb en el que dirigi\u00f3 Trondheim Symfoniorkester &amp; Opera, y logr\u00f3 llegar a ronda semifinal. Particip\u00f3 en el Concurso Internacional de Direcci\u00f3n Siemens Hall\u00e9, en 2023 gan\u00f3 el Premio del P\u00fablico en el 2\u00ba Concurso Internacional de Direcci\u00f3n de Hong Kong.<\/p>\n\n\n\n<p><strong>Las entradas para este concierto est\u00e1n disponibles en las taquillas del Centro Nacional de Acci\u00f3n Social por la M\u00fasica, y en la p\u00e1gina web de eventos Goliive.<\/strong><\/p>\n\n\n\n<p><strong><mark style=\"background-color:rgba(0, 0, 0, 0)\" class=\"has-inline-color has-vivid-red-color\">Homenaje al maestro<\/mark><\/strong><\/p>\n\n\n\n<p>Este 2024 se retom\u00f3 el Festival de Viol\u00edn Homenaje a Jos\u00e9 Francisco del Castillo, esta vez se reinicia con el recital con las Sonatas de Beethoven 5 y 9, el viernes 19 de enero, a las 3:00 p.m, en la Sala Fedora Alem\u00e1n, con los solista Ana Laura Chouhebar y Carlos Vegas. Mientras el domingo 21 de enero, a las 4.00 p.m., la Sala Sim\u00f3n Bol\u00edvar recibe el Concierto Gala de Solistas como parte del festival, donde la violinista Raymar Cumare, acompa\u00f1ada por la Orquesta Sinf\u00f3nica Juvenil de Caracas, bajo la batuta del maestro Adri\u00e1n Ascanio, desplegar\u00e1 su talento en su interpretaci\u00f3n del\u00a0<em>Concierto N\u00b0 1 para viol\u00edn, Op 99<\/em>\u00a0de Dmitri Shostakovich. Las entradas para ambos conciertos son libres.<\/p>\n\n\n<div class=\"wp-block-image\">\n<figure class=\"aligncenter size-large\"><img decoding=\"async\" width=\"1024\" height=\"683\" src=\"https:\/\/esreviral.com\/wp-content\/uploads\/2024\/01\/AnyConv.com__unnamed-23-1024x683.webp\" alt=\"\" class=\"wp-image-48045\" srcset=\"https:\/\/esreviral.com\/wp-content\/uploads\/2024\/01\/AnyConv.com__unnamed-23-1024x683.webp 1024w, https:\/\/esreviral.com\/wp-content\/uploads\/2024\/01\/AnyConv.com__unnamed-23-300x200.webp 300w, https:\/\/esreviral.com\/wp-content\/uploads\/2024\/01\/AnyConv.com__unnamed-23-768x512.webp 768w, https:\/\/esreviral.com\/wp-content\/uploads\/2024\/01\/AnyConv.com__unnamed-23-1536x1024.webp 1536w, https:\/\/esreviral.com\/wp-content\/uploads\/2024\/01\/AnyConv.com__unnamed-23-750x500.webp 750w, https:\/\/esreviral.com\/wp-content\/uploads\/2024\/01\/AnyConv.com__unnamed-23-1140x760.webp 1140w, https:\/\/esreviral.com\/wp-content\/uploads\/2024\/01\/AnyConv.com__unnamed-23.webp 1920w\" sizes=\"(max-width: 1024px) 100vw, 1024px\" \/><\/figure><\/div>\n\n\n<p class=\"has-text-align-right\"><em><strong>Prensa El Sistema<\/strong>.-<\/em><\/p>\n","protected":false},"excerpt":{"rendered":"<p>Este s\u00e1bado 20 de enero, la OSSBV abre la temporada de conciertos en el Centro Nacional de Acci\u00f3n Social por la M\u00fasica<\/p>\n","protected":false},"author":3,"featured_media":48043,"comment_status":"open","ping_status":"open","sticky":false,"template":"","format":"standard","meta":{"jnews-multi-image_gallery":[],"jnews_single_post":{"subtitle":"","format":"standard","video":"","gallery":"","source_name":"","source_url":"","via_name":"","via_url":"","override_template":"0","override":[{"template":"4","single_blog_custom":"","parallax":"1","fullscreen":"1","layout":"right-sidebar","sidebar":"default-sidebar","second_sidebar":"default-sidebar","sticky_sidebar":"1","share_position":"top","share_float_style":"share-monocrhome","show_share_counter":"1","show_view_counter":"1","show_featured":"1","show_post_meta":"1","show_post_author":"1","show_post_author_image":"1","show_post_date":"1","post_date_format":"default","post_date_format_custom":"Y\/m\/d","show_post_category":"1","show_post_reading_time":"1","post_reading_time_wpm":"300","show_zoom_button":"1","zoom_button_out_step":"2","zoom_button_in_step":"3","show_post_tag":"1","show_prev_next_post":"1","show_popup_post":"1","number_popup_post":"1","show_author_box":"1","show_post_related":"1","show_inline_post_related":"0"}],"override_image_size":"0","image_override":[{"single_post_thumbnail_size":"crop-500","single_post_gallery_size":"crop-500"}],"trending_post":"0","trending_post_position":"meta","trending_post_label":"Trending","sponsored_post":"0","sponsored_post_label":"Sponsored by","sponsored_post_name":"","sponsored_post_url":"","sponsored_post_logo_enable":"0","sponsored_post_logo":"","sponsored_post_desc":"","disable_ad":"0"},"jnews_primary_category":{"id":"","hide":""},"jnews_social_meta":{"fb_title":"","fb_description":"","fb_image":"","twitter_title":"","twitter_description":"","twitter_image":""},"jnews_review":[],"enable_review":"0","type":"percentage","name":"","summary":"","brand":"","sku":"","good":[{"good_text":""}],"bad":[{"bad_text":""}],"score_override":"","override_value":"","rating":[{"rating_text":"","rating_number":"10"}],"price":[{"shop":"","price":"","link":"","icon":""}],"jnews_override_counter":{"override_view_counter":"0","view_counter_number":"0","override_share_counter":"0","share_counter_number":"0","override_like_counter":"0","like_counter_number":"0","override_dislike_counter":"0","dislike_counter_number":"0"},"jnews_post_split":{"enable_post_split":"0","post_split":[{"template":"1","tag":"h2","numbering":"asc","mode":"normal","first":"0","enable_toc":"0","toc_type":"normal"}]},"footnotes":""},"categories":[1142,66],"tags":[13292,329,12839,5565,45,12177,13291,56],"class_list":["post-48042","post","type-post","status-publish","format-standard","has-post-thumbnail","hentry","category-musica","category-venezuela","tag-abner-padrino","tag-caracas","tag-centro-nacional-de-accion-social-por-la-musica","tag-el-sistema","tag-noticias","tag-sinfonica-simon-bolivar","tag-temporada-de-conciertos","tag-venezuela"],"amp_enabled":true,"_links":{"self":[{"href":"https:\/\/esreviral.com\/index.php?rest_route=\/wp\/v2\/posts\/48042"}],"collection":[{"href":"https:\/\/esreviral.com\/index.php?rest_route=\/wp\/v2\/posts"}],"about":[{"href":"https:\/\/esreviral.com\/index.php?rest_route=\/wp\/v2\/types\/post"}],"author":[{"embeddable":true,"href":"https:\/\/esreviral.com\/index.php?rest_route=\/wp\/v2\/users\/3"}],"replies":[{"embeddable":true,"href":"https:\/\/esreviral.com\/index.php?rest_route=%2Fwp%2Fv2%2Fcomments&post=48042"}],"version-history":[{"count":0,"href":"https:\/\/esreviral.com\/index.php?rest_route=\/wp\/v2\/posts\/48042\/revisions"}],"wp:featuredmedia":[{"embeddable":true,"href":"https:\/\/esreviral.com\/index.php?rest_route=\/wp\/v2\/media\/48043"}],"wp:attachment":[{"href":"https:\/\/esreviral.com\/index.php?rest_route=%2Fwp%2Fv2%2Fmedia&parent=48042"}],"wp:term":[{"taxonomy":"category","embeddable":true,"href":"https:\/\/esreviral.com\/index.php?rest_route=%2Fwp%2Fv2%2Fcategories&post=48042"},{"taxonomy":"post_tag","embeddable":true,"href":"https:\/\/esreviral.com\/index.php?rest_route=%2Fwp%2Fv2%2Ftags&post=48042"}],"curies":[{"name":"wp","href":"https:\/\/api.w.org\/{rel}","templated":true}]}}