{"id":47956,"date":"2024-01-17T08:10:21","date_gmt":"2024-01-17T13:10:21","guid":{"rendered":"https:\/\/esreviral.com\/?p=47956"},"modified":"2024-01-17T08:13:17","modified_gmt":"2024-01-17T13:13:17","slug":"quienes-son-los-dos-amigos-que-estan-desaparecidos-en-pinamar-desde-el-domingo-tras-entrar-al-mar-en-kayak-foto","status":"publish","type":"post","link":"https:\/\/esreviral.com\/?p=47956","title":{"rendered":"Qui\u00e9nes son los dos amigos que est\u00e1n desaparecidos en Pinamar desde el domingo, tras entrar al mar en kayak (+FOTO)"},"content":{"rendered":"\n<p>A pesar de la poca experiencia que ten\u00edan en las actividades acu\u00e1ticas, Ram\u00f3n Rom\u00e1n, de 56 a\u00f1os, y Gabriel Raimann, de 38, decidieron embarcarse cerca de las 7.30 de la ma\u00f1ana del pasado domingo para pescar mar adentro a bordo de un\u00a0kayak color naranja.\u00a0<\/p>\n\n\n\n<p>Ambos ingresaron al mar desde la bajada n\u00e1utica de\u00a0Valeria del Mar, donde dejaron estacionada la camioneta Toyota Hiliux negra en la que se trasladaban, pero lamentablemente\u00a0nunca salieron.<\/p>\n\n\n\n<p>Desde ese d\u00eda, personal de la Polic\u00eda Bonaerense y Prefectura Naval encabezan un importante operativo de b\u00fasqueda, el cual hoy se centra en un \u00e1rea de unas 100 millas n\u00e1uticas -unos 343 kil\u00f3metros cuadrados<strong><em>&#8211; \u201csobre el \u00e1mbito costero de Villa Gesell y los partidos de Pinamar y la Costa\u201d,<\/em><\/strong> seg\u00fan precis\u00f3 este martes el\u00a0<strong>comisario Marcelo Clementel<\/strong>, titular de Valeria del Mar, en di\u00e1logo con\u00a0<strong>Infobae<\/strong>. <\/p>\n\n\n\n<p>En simult\u00e1neo,\u00a0<em><strong>familiares de los dos desaparecidos ponen dinero de sus propios bolsillos<\/strong><\/em>\u00a0para reforzar el procedimiento.<\/p>\n\n\n\n<p>Oriundo de Campo Grande, provincia de Misiones, Gabriel Raimann no ten\u00eda conocimiento alguno sobre navegaci\u00f3n, seg\u00fan asegur\u00f3\u00a0Gerardo, su sobrino,\u00a0en contacto con Infobae. <\/p>\n\n\n\n<p>A fines del a\u00f1o pasado, tanto \u00e9l como su t\u00edo hab\u00edan estado trabajando en Pinamar, donde se hab\u00edan dedicado a distintas labores en el sector de la construcci\u00f3n. Pero con motivos de las Fiestas, ambos regresaron a sus trabajos el 1\u00b0 de diciembre.<\/p>\n\n\n\n<p>De acuerdo a las averiguaciones,\u00a0<strong>Ram\u00f3n es el encargado del edificio donde Gabriel trabajaba en una obra de construcci\u00f3n<\/strong>. All\u00ed se conocieron y forjaron un v\u00ednculo de amistad y confianza.<\/p>\n\n\n<div class=\"wp-block-image\">\n<figure class=\"aligncenter size-large\"><img decoding=\"async\" src=\"https:\/\/www.infobae.com\/new-resizer\/HlQ_0AHDs8HAVNk0EZcZK3hbvds=\/768x432\/filters:format(webp):quality(85)\/cloudfront-us-east-1.images.arcpublishing.com\/infobae\/HDWPNQQJO5D6RJ5ATR2FLZX4MQ.jpg\" alt=\"\"\/><\/figure><\/div>\n\n\n<p>Mientras pasan las horas y no hay noticias sobre el paradero de ambos, sus familias no se quedan de brazos cruzados y se mueven por sus propios medios para encontrar a los amigos desaparecidos. <strong>Ante este escenario,\u00a0dos hermanas de Gabriel salieron en autom\u00f3vil desde Misiones hacia la ciudad de Pinamar, en tanto que un hermano de Lucas\u00a0alquil\u00f3 una avioneta para realizar un rastrillaje desde el aire.<\/strong><\/p>\n\n\n\n<p>De acuerdo a la informaci\u00f3n brindada por familiares de los hombres desaparecidos,\u00a0<strong>el kayak donde viajaban es de marca Atlantic y tiene dos flotadores de color amarillo en ambos costados.<\/strong><\/p>\n\n\n<div class=\"wp-block-image\">\n<figure class=\"aligncenter size-large\"><img decoding=\"async\" src=\"https:\/\/www.infobae.com\/new-resizer\/KCW9LvoTWSHenld2sV8QOl1NJo8=\/768x1024\/filters:format(webp):quality(85)\/cloudfront-us-east-1.images.arcpublishing.com\/infobae\/YN2SM2LJZZDF3OCV2EP5KFCPSM.jpg\" alt=\"\"\/><\/figure><\/div>\n\n\n<p><strong><em>Con informaci\u00f3n de Infobae<\/em><\/strong><\/p>\n\n\n\n<p><strong><em>\u00danete al grupo de WhatsApp de Es Re Viral <\/em><\/strong><a href=\"https:\/\/chat.whatsapp.com\/KWkTmakY3I05kNdd2oZl6d\"><strong><em>https:\/\/chat.whatsapp.com\/KWkTmakY3I05kNdd2oZl6d<\/em><\/strong><\/a>\u00a0<\/p>\n","protected":false},"excerpt":{"rendered":"<p>A pesar de la poca experiencia que ten\u00edan en las actividades acu\u00e1ticas, Ram\u00f3n Rom\u00e1n, de 56 a\u00f1os, y Gabriel Raimann, de 38, decidieron embarcarse cerca de las 7.30 de la ma\u00f1ana del pasado domingo para pescar mar adentro a bordo de un\u00a0kayak color naranja.\u00a0 Ambos ingresaron al mar desde la bajada n\u00e1utica de\u00a0Valeria del Mar, [&hellip;]<\/p>\n","protected":false},"author":5,"featured_media":47957,"comment_status":"closed","ping_status":"closed","sticky":false,"template":"","format":"standard","meta":{"jnews-multi-image_gallery":[],"jnews_single_post":{"subtitle":"","format":"standard","video":"","gallery":"","source_name":"","source_url":"","via_name":"","via_url":"","override_template":"0","override":[{"template":"4","single_blog_custom":"","parallax":"1","fullscreen":"1","layout":"right-sidebar","sidebar":"default-sidebar","second_sidebar":"default-sidebar","sticky_sidebar":"1","share_position":"top","share_float_style":"share-monocrhome","show_share_counter":"1","show_view_counter":"1","show_featured":"1","show_post_meta":"1","show_post_author":"1","show_post_author_image":"1","show_post_date":"1","post_date_format":"default","post_date_format_custom":"Y\/m\/d","show_post_category":"1","show_post_reading_time":"1","post_reading_time_wpm":"300","show_zoom_button":"1","zoom_button_out_step":"2","zoom_button_in_step":"3","show_post_tag":"1","show_prev_next_post":"1","show_popup_post":"1","number_popup_post":"1","show_author_box":"1","show_post_related":"1","show_inline_post_related":"0"}],"override_image_size":"0","image_override":[{"single_post_thumbnail_size":"crop-500","single_post_gallery_size":"crop-500"}],"trending_post":"0","trending_post_position":"meta","trending_post_label":"Trending","sponsored_post":"0","sponsored_post_label":"Sponsored by","sponsored_post_name":"","sponsored_post_url":"","sponsored_post_logo_enable":"0","sponsored_post_logo":"","sponsored_post_desc":"","disable_ad":"0"},"jnews_primary_category":{"id":"","hide":""},"jnews_social_meta":{"fb_title":"","fb_description":"","fb_image":"","twitter_title":"","twitter_description":"","twitter_image":""},"jnews_review":[],"enable_review":"0","type":"percentage","name":"","summary":"","brand":"","sku":"","good":[{"good_text":""}],"bad":[{"bad_text":""}],"score_override":"","override_value":"","rating":[{"rating_text":"","rating_number":"10"}],"price":[{"shop":"","price":"","link":"","icon":""}],"jnews_override_counter":{"override_view_counter":"0","view_counter_number":"0","override_share_counter":"0","share_counter_number":"0","override_like_counter":"0","like_counter_number":"0","override_dislike_counter":"0","dislike_counter_number":"0"},"jnews_post_split":{"enable_post_split":"0","post_split":[{"template":"1","tag":"h2","numbering":"asc","mode":"normal","first":"0","enable_toc":"0","toc_type":"normal"}]},"footnotes":""},"categories":[43,58],"tags":[351,320],"class_list":["post-47956","post","type-post","status-publish","format-standard","has-post-thumbnail","hentry","category-actualidad","category-argentina","tag-desaparecidos","tag-pinamar"],"amp_enabled":true,"_links":{"self":[{"href":"https:\/\/esreviral.com\/index.php?rest_route=\/wp\/v2\/posts\/47956"}],"collection":[{"href":"https:\/\/esreviral.com\/index.php?rest_route=\/wp\/v2\/posts"}],"about":[{"href":"https:\/\/esreviral.com\/index.php?rest_route=\/wp\/v2\/types\/post"}],"author":[{"embeddable":true,"href":"https:\/\/esreviral.com\/index.php?rest_route=\/wp\/v2\/users\/5"}],"replies":[{"embeddable":true,"href":"https:\/\/esreviral.com\/index.php?rest_route=%2Fwp%2Fv2%2Fcomments&post=47956"}],"version-history":[{"count":0,"href":"https:\/\/esreviral.com\/index.php?rest_route=\/wp\/v2\/posts\/47956\/revisions"}],"wp:featuredmedia":[{"embeddable":true,"href":"https:\/\/esreviral.com\/index.php?rest_route=\/wp\/v2\/media\/47957"}],"wp:attachment":[{"href":"https:\/\/esreviral.com\/index.php?rest_route=%2Fwp%2Fv2%2Fmedia&parent=47956"}],"wp:term":[{"taxonomy":"category","embeddable":true,"href":"https:\/\/esreviral.com\/index.php?rest_route=%2Fwp%2Fv2%2Fcategories&post=47956"},{"taxonomy":"post_tag","embeddable":true,"href":"https:\/\/esreviral.com\/index.php?rest_route=%2Fwp%2Fv2%2Ftags&post=47956"}],"curies":[{"name":"wp","href":"https:\/\/api.w.org\/{rel}","templated":true}]}}