{"id":47943,"date":"2024-01-17T06:39:14","date_gmt":"2024-01-17T11:39:14","guid":{"rendered":"https:\/\/esreviral.com\/?p=47943"},"modified":"2024-01-17T06:39:15","modified_gmt":"2024-01-17T11:39:15","slug":"verano-en-la-ciudad-con-mas-de-800-actividades-culturales-y-recreativas-te-contamos","status":"publish","type":"post","link":"https:\/\/esreviral.com\/?p=47943","title":{"rendered":"Verano en la Ciudad con m\u00e1s de 800 actividades culturales y recreativas \u00a1Te contamos!"},"content":{"rendered":"\n<p>Propuestas culturales y recreativas para disfrutar la Ciudad en enero y febrero. El Teatro Col\u00f3n y el San Mart\u00edn llegan a los barrios con sus espect\u00e1culos. Habr\u00e1 teatro, cine, m\u00fasica, artes visuales y literatura.<br>Con m\u00e1s de 800 actividades culturales y recreativas, el Gobierno de la Ciudad lanz\u00f3 su programaci\u00f3n para enero y febrero con m\u00faltiples propuestas para disfrutar en familia como teatro, cine, m\u00fasica, artes visuales, literatura y los ciclos BA Playa y Vamos las Plazas. La mayor\u00eda de estas actividades ser\u00e1n gratuitas.<\/p>\n\n\n\n<p>Uno de los hechos m\u00e1s destacados para estas semanas es que los elencos del Teatro Col\u00f3n y del Teatro San Mart\u00edn llegar\u00e1n a los barrios con una diversidad de espect\u00e1culos que transitan por el teatro, la danza, la m\u00fasica y los t\u00edteres, mientras que la Orquesta de Tango y la Orquesta Sinf\u00f3nica de Buenos Aires saldr\u00e1n de sus escenarios convencionales para llevar su m\u00fasica a los distintos centros culturales barriales de toda la ciudad. En total habr\u00e1 300 propuestas preparadas por el Ministerio de Cultura.<\/p>\n\n\n\n<p>Este viernes 19 se presentar\u00e1 la Kamerata Zuid, en el Anfiteatro del Parque Centenario. En el mismo espacio habr\u00e1 tambi\u00e9n grandes espect\u00e1culos de circo as\u00ed como renombrados elencos: la Compa\u00f1\u00eda de Teatro Cl\u00e1sico Argentino, la Camerata Argentina de Cuerdas, el Ballet Contempor\u00e1neo del Teatro San Mart\u00edn y el grupo de titiriteros del Teatro San Mart\u00edn.<\/p>\n\n\n\n<p>En tanto, la Usina del Arte, el Centro Cultural Recoleta y el Centro Cultural San Mart\u00edn contar\u00e1n con propuestas musicales de la mano de artistas como Jairo, Marcelo Moguilevsky, Alejandro Lerner y Daniel Melingo.<\/p>\n\n\n\n<p>Al mismo tiempo, en el Col\u00f3n se presentar\u00e1 Pixar en Concierto, un espect\u00e1culo para toda la familia que recorre las canciones del mundo Pixar; mientras que en el Teatro San Mart\u00edn se podr\u00e1 disfrutar de funciones de Cyrano y Largo viaje de un d\u00eda hacia la noche, y en el Teatro Sarmiento se repondr\u00e1 la exitosa Medida por Medida de Shakespeare, con puesta y direcci\u00f3n de Gabriel Cham\u00e9 Buend\u00eda.<\/p>\n\n\n\n<p>Como parte de la agenda, el Museo Moderno tambi\u00e9n contar\u00e1 con actividades que invitar\u00e1n a participar de una colonia de verano con talleres imperdibles. Y los museos y las bibliotecas de la ciudad ofrecer\u00e1n visitas guiadas, talleres y charlas a cargo de grandes autores como Rafa Otegui, Agustina Bazterrica y Federico Jeanmarie; y encuentros de literatura, m\u00fasica y poes\u00eda.<\/p>\n\n\n\n<p>Destacados de programaci\u00f3n<\/p>\n\n\n\n<p>Teatro:<\/p>\n\n\n\n<p>Los empe\u00f1os de la casa<br>\u25cf 9 y 10 de febrero a las 19 &#8211; Anfiteatro Parque Centenario<br>\u25cf 16 y 17 de febrero a las 19 &#8211; El Cultural San Mart\u00edn<br>\u25cf 23 y 24 de febrero a las 19 &#8211; Centro Cultural 25 de Mayo<\/p>\n\n\n\n<p>La Falc\u00f3n (Teatro musical)<br>\u25cf 26 y 27 de enero a las 19 &#8211; Espacio Cultural Ad\u00e1n Buenosayres<br>\u25cf 2 y 3 de febrero a las 19 &#8211; Espacio Cultural Carlos Gardel<\/p>\n\n\n\n<p>Narices (Teatro musical &#8211; Infantil)<br>Libro y letras de canciones: Hugo Mid\u00f3n<br>M\u00fasica original y direcci\u00f3n musical: Carlos Gianni<br>Direcci\u00f3n general: Chacho Garabal<br>\u25cf 10 y 11 de febrero a las 19 &#8211; Espacio Cultural Juli\u00e1n Centeya<br>\u25cf 16 y 17 de febrero a las 19 &#8211; Anfiteatro Parque Centenario<br>\u25cf 24 y 25 de febrero a las 19 &#8211; Anfiteatro Mataderos<\/p>\n\n\n\n<p>Cuentos y canciones de Mar\u00eda Elena Walsh (Teatro musical &#8211; Infantil)<br>\u25cf 3 y 4 de febrero a las 19 &#8211; Centro Cultural Juli\u00e1n Centeya<br>\u25cf 17 y 18 de febrero a las 19 &#8211; Anfiteatro Mataderos<\/p>\n\n\n\n<p>Modestia argentina<br>\u25cf 25, 26 y 27 de enero, 8 y 9 de febrero a las 19 &#8211; Museo de Arte Espa\u00f1ol Enrique Larreta<\/p>\n\n\n\n<p>Rodr\u00edguez supernumerario<br>\u25cf 15, 16, 17, 21 y 22 de febrero a las 19 &#8211; Museo Fern\u00e1ndez Blanco<\/p>\n\n\n\n<p>T\u00edteres:<\/p>\n\n\n\n<p>Grupo de Titiriteros del Teatro San Mart\u00edn<\/p>\n\n\n\n<p>Variet\u00e9 de Ilusiones (Infantil)<br>\u25cf 8, 9, 10 y 11 de febrero a las 19 &#8211; Espacio Cultural Carlos Gardel<br>\u25cf 21 y 22 de febrero a las 16 h &#8211; Museo de Arte Popular Jos\u00e9 Hern\u00e1ndez<\/p>\n\n\n\n<p>Berta La Flor (Infantil)<br>\u25cf 2, 3 y 4 de febrero a las 19 &#8211; Espacio Cultural Resurgimiento<br>\u25cf 16, 17 y 18 de febrero a las 19 &#8211; Espacio Cultural Ad\u00e1n Buenosayres<br>\u25cf 23, 24 y 25 de febrero a las 19 &#8211; Espacio Cultural Juli\u00e1n Centeya<\/p>\n\n\n\n<p>Romeo y Julieta (Adolescentes y adultos)<br>\u25cf 14 y 15 de febrero a las 19 &#8211; Museo de Arte Espa\u00f1ol Enrique Larreta<\/p>\n\n\n\n<p>Danza::<\/p>\n\n\n\n<p>Cantata por el Ballet Contempor\u00e1neo del Teatro San Mart\u00edn<br>\u25cf 22 y 23 de febrero a las 20 &#8211; Anfiteatro Parque Centenario<\/p>\n\n\n\n<p>M\u00fasica:<\/p>\n\n\n\n<p>M\u00fasica en la Capilla<br>\u25cf S\u00e1bados y domingos desde el 20 de enero hasta el 25 de febrero &#8211; Centro Cultural Recoleta, 18:30 horas.<\/p>\n\n\n\n<p>Sandro por nosotras<br>\u25cf 14 de febrero a las 20 &#8211; Anfiteatro Parque Centenario<\/p>\n\n\n\n<p>Orquesta Estable del Teatro Col\u00f3n<br>\u25cf 18 de febrero a las 20 &#8211; Anfiteatro Parque Centenario<\/p>\n\n\n\n<p>Orquesta Filarm\u00f3nica de Buenos Aires<br>\u25cf 24 de febrero a las 20 &#8211; Anfiteatro Parque Centenario<\/p>\n\n\n\n<p>Ciclo de M\u00fasica Popular<br>S\u00e1bados a las 19 &#8211; Usina del Arte<br>\u25cf 27 de enero: Milagros Caliva<br>\u25cf 3 de febrero: Barbie Mart\u00ednez<br>\u25cf 10 de febrero: Moguilevsky \u2013 Lerner<br>\u25cf 17 de febrero: Melingo<br>\u25cf 24 de febrero: Orquesta del Tango de la Ciudad<\/p>\n\n\n\n<p>Ciclo World Music<br>\u25cf 21 de enero, Museo Fern\u00e1ndez Blanco<br>\u25cf 27 de enero, Jos\u00e9 Hern\u00e1ndez<br>\u25cf 3 de febrero, Museo Larreta<\/p>\n\n\n\n<p>Ciclo de M\u00fasica de C\u00e1mara<br>\u25cf Domingos a las 11 &#8211; Usina del Arte. A partir del 21 de enero se presentar\u00e1n los m\u00e1s destacados ensambles y solistas: Marcelo Balat, Xavier Inchausti, Jorge Araujo, Mariano Rey, Cuarteto Gianneo, Ensamble Bs. As. y Cuarteto Petrus, entre otros.<\/p>\n\n\n\n<p>Fiesta Chamamecera<br>Anfiteatro del Parque Centenario<br>\u25cf Viernes 19 de enero a las 20: Kamerata Zuid y Ninno Zannoni.<br>\u25cf S\u00e1bado 20 de enero a las 20: Amaneciendo Atardeceres y Carolina Rojas.<\/p>\n\n\n\n<p>Camerata Argentina de Cuerdas<br>Anfiteatro Parque Centenario<br>\u25cf Viernes 2 de febrero a las 20: Jairo y la Camerata Argentina de Cuerdas<br>\u25cf S\u00e1bado 3 de febrero a las 20: Las Hermanas Vera y la Camerata Argentina de Cuerdas<br>\u25cf Domingo 4 de febrero a las 20: N\u00e9stor Marconi y la Camerata Argentina de Cuerdas<\/p>\n\n\n\n<p>Circo:<\/p>\n\n\n\n<p>Innovacirco presenta \u201cFunhouse\u201d<br>\u25cf S\u00e1bado 27, domingo 28, martes 30 y mi\u00e9rcoles 31 de enero a las 20 &#8211; Anfiteatro del Parque Centenario<\/p>\n\n\n\n<p>Letras:<\/p>\n\n\n\n<p>El Ingenioso Hidalgo Don Quijote de la Mancha de Miguel de Cervantes<br>\u25cf S\u00e1bado 3 de febrero a las 16 &#8211; Museo Fern\u00e1ndez Blanco<\/p>\n\n\n\n<p>Lectura James Joyce y Leopoldo Marechal<br>\u25cf Jam de lectura &#8211; S\u00e1bado 10 de febrero a las 16 &#8211; Museo de Arte Espa\u00f1ol Enrique Larreta<\/p>\n\n\n\n<p>Lectura Mart\u00edn Fierro, de Jos\u00e9 Hern\u00e1ndez<br>\u25cf S\u00e1bado 24 de febrero a las 16 &#8211; Museo de Arte Popular Jos\u00e9 Hern\u00e1ndez<\/p>\n\n\n\n<p>Sonetos de William Shakespeare<br>\u25cf Domingo 28 de enero y domingo 4, s\u00e1bado 17 y domingo 18 de febrero a las 16 &#8211; Museo de Arte Popular Jos\u00e9 Hern\u00e1ndez<br>\u25cf Jueves 1 y viernes 2 de febrero a las 16 &#8211; Museo de Arte Espa\u00f1ol Enrique Larreta<br>\u25cf Viernes 9 y s\u00e1bado 10 de febrero a las 16 &#8211; Museo Fern\u00e1ndez Blanco<\/p>\n\n\n\n<p>Bibliotecas:<\/p>\n\n\n\n<p>Taller de Monstruolog\u00eda por Sebasti\u00e1n Burecovicz (Infantil)<br>\u25cf Viernes 26 de enero a las 15 &#8211; Museo Jos\u00e9 Hern\u00e1ndez<br>\u25cf Lunes 12 de febrero a las 15 &#8211; Parque de la Estaci\u00f3n<\/p>\n\n\n\n<p>Taller de Creaci\u00f3n de Historieta por Pablo Dalio (Adolescentes)<br>\u25cf Domingo 25 de febrero a las 16 &#8211; Parque de la Estaci\u00f3n<\/p>\n\n\n\n<p>Narraci\u00f3n de Cuentos para Ni\u00f1os por Juan Guinot (Infantil)<br>\u25cf Viernes 23 de febrero a las 15 &#8211; Biblioteca Jos\u00e9 Hern\u00e1ndez<\/p>\n\n\n\n<p>Taller de Escritura Dist\u00f3pica por Agustina Bazterrica (Adultos)<br>\u25cf Viernes 16 de febrero a las 15 &#8211; Biblioteca Jos\u00e9 Hern\u00e1ndez<\/p>\n\n\n\n<p>Club de lectura &#8211; Un recorrido poco convencional por los cl\u00e1sicos de la literatura argentina Federico Jeanmaire (Adultos)<br>\u25cf Jueves 1 de febrero a las 15 &#8211; Biblioteca Jos\u00e9 Hern\u00e1ndez<\/p>\n\n\n\n<p>Amor vs. ciencia por Diego Golombek y Luciano Lutereau (Adultos)<br>\u25cf S\u00e1bado 27 de enero a las 18 &#8211; Casa de la Escritura<\/p>\n\n\n\n<p>Tour Rompecorazones<br>Un viaje hacia los libros que te rompen el coraz\u00f3n. Romances, amistades y otros v\u00ednculos que nos cambian para siempre. Gu\u00eda: Agustina de Diego (@gusrecomienda)<br>\u25cf Jueves 1 de febrero a las 15 &#8211; Casa de la Escritura<\/p>\n\n\n\n<p>T\u00e9 en la biblioteca<br>Un espacio para compartir el t\u00e9 con autoras y autores en la biblioteca, descubriendo los secretos de libros y personajes. Ser\u00e1 una merienda de literatura y fantas\u00eda. Con Nicole Cohen, Luc\u00eda Silva y Ludmila Ramis<br>\u25cf S\u00e1bado 3 de febrero a las 16 &#8211; Casa de la Escritura<\/p>\n\n\n\n<p>Taller de creaci\u00f3n de fanzines (Adolescentes)<br>\u25cf S\u00e1bado 10 de febrero a las 17 &#8211; Casa de la Escritura<\/p>\n\n\n\n<p>Tour fant\u00e1stico<br>Reinos con r\u00edos de sangre, criaturas espeluznantes y hero\u00ednas que recorren los bosques del peligro y el deseo.<br>Gu\u00eda: Ann Rodd<br>\u25cf S\u00e1bado 3 de febrero a las 15 &#8211; Parque de la Estaci\u00f3n<\/p>\n\n\n\n<p>Misterio en la biblioteca (Infantil)<br>\u25cf S\u00e1bado 10 de febrero a las 17 &#8211; Parque de la Estaci\u00f3n<\/p>\n\n\n\n<p>Consultorio sentimental literario<br>Con las booktokers Almendra, Ponga Goya, America Vespucia y Victoria Resco<br>\u25cf Viernes 16 de febrero a las 15 &#8211; Parque de la Estaci\u00f3n<\/p>\n\n\n\n<p>Grandes mujeres de la historia argentina<br>Con Florencia Canale y Mar\u00eda Rosa Lojo<br>\u25cf Viernes 26 de febrero a las 15:30 &#8211; Biblioteca Antonio Devoto<\/p>\n\n\n\n<p>Taller negro: novela policial por Horacio Convertini<br>\u25cf Viernes 9 de febrero a las 15 &#8211; Biblioteca Antonio Devoto<\/p>\n\n\n\n<p>Taller de iniciaci\u00f3n a la poes\u00eda por Rafa Otegui<br>\u25cf Jueves 15 de febrero a las 15 &#8211; Biblioteca Antonio Devoto<\/p>\n\n\n\n<figure class=\"wp-block-image size-large\"><img decoding=\"async\" src=\"https:\/\/ci3.googleusercontent.com\/meips\/ADKq_NY5cBwDc6zPYJxsL_x4mp4Q6FntP_de9ZehvgbIdrnLhD9ecUmy_Pw8oNTywzTe2Q8oWDon7lCVZ-J6OA795Vcnet_maJaO1NIm4DOVwSY04H954MQYG1MCrDctWYNslR4Yd4KpM5d4-EszZywtMF3fWVc-rm-X2MyENmSIomAc=s0-d-e1-ft#https:\/\/app2.dopplerfiles.com\/Users\/160762\/Campaigns\/13124391\/WhatsApp_Image_2024-01-16_at_4.53.26_PM.jpeg\" alt=\"\"\/><\/figure>\n\n\n\n<p>BA Playa<\/p>\n\n\n\n<p>A partir del jueves 18 de enero y hasta el 25 de febrero se podr\u00e1 disfrutar de forma gratuita de playas urbanas en el Parque de los Ni\u00f1os (Av. General Paz y Av. Cantilo colectora, N\u00fa\u00f1ez) y en el Parque de la Ciudad (Av. Gral. Francisco Fern\u00e1ndez de la Cruz 4000, Villa Soldati), para que quienes se encuentren en la Ciudad durante los meses de calor puedan vivir las vacaciones con muchas actividades especialmente pensadas para esta \u00e9poca del a\u00f1o y al aire libre.<\/p>\n\n\n\n<p>BA Playa funcionar\u00e1 de martes a domingos, de 10 a 20 horas. Habr\u00e1 juegos de agua para ni\u00f1os, \u00e1reas de relax y esparcimiento con sillas, reposeras, lonas, camastros y puffs. Actividades recreativas como talleres; cine m\u00f3vil; y juegos de metegol, ping pong, ajedrez, y jenga. Habr\u00e1 tambi\u00e9n actividades deportivas: beach v\u00f3ley, f\u00fatbol 5, f\u00fatbol tenis, b\u00e1squet.<\/p>\n\n\n\n<p>El espacio dedicado a la ni\u00f1ez contar\u00e1 un arenero, juegos did\u00e1cticos y una plaza blanda. Y tambi\u00e9n habr\u00e1 un escenario en el cual se desarrollar\u00e1n actividades culturales, shows y clases.<\/p>\n\n\n\n<p>A su vez ofrecer\u00e1 ferias gastron\u00f3micas los s\u00e1bados y domingos. Adem\u00e1s, habr\u00e1 un espacio a cargo de Atenci\u00f3n Ciudadana que brindar\u00e1 informaci\u00f3n sobre tr\u00e1mites, programas, beneficios y asistencia general al ciudadano. Y otro a cargo del Ministerio de Justicia que funcionar\u00e1 los viernes en el Parque de la Ciudad de 10 a 16.<\/p>\n\n\n\n<p>Los s\u00e1bados en el Parque de la Ciudad y los domingos en el Parque de los Ni\u00f1os se desarrollar\u00e1 el programa \u201cSoltate\u201d del Ministerio de Transporte de 14 a 19 hs para aprender a andar en bici. Tambi\u00e9n habr\u00e1 actividades l\u00fadicas con premios de martes a domingo de 10 a 18 horas.<\/p>\n\n\n\n<p>Los chicos podr\u00e1n jugar a ser Bomberos por un d\u00eda tanto en el Parque de los Ni\u00f1os (23 y 30 de enero, y 6 y 20 de febrero de 10 a 12 y de 16 a 20 horas) como en el Parque de la Ciudad (17, 24 y 31 de enero) y 7, 14 y 21 de febrero de 10 a 12 y de 16 a 20 horas).<\/p>\n\n\n\n<p>El Ministerio de Espacio P\u00fablico desarrollar\u00e1 su programa de reciclado Reciclab, todos los s\u00e1bados y domingos. Y el Ministerio de Educaci\u00f3n programar\u00e1 talleres y espect\u00e1culos de martes a domingo de 10 a 20hs. Mientras que el Ministerio de Cultura programar\u00e1 shows infantiles y para toda la familia y clases de ritmos. M\u00e1s de 400 mil personas disfrutan de Ba Playa cada verano.<\/p>\n\n\n\n<p>Formas de acceso: En bici: bicicleteros en los accesos a ambos parques. Consultar la red de ciclov\u00edas en <a rel=\"noreferrer noopener\" href=\"http:\/\/ecobici.buenosaires.gob.ar\/\" target=\"_blank\">ecobici.buenosaires.gob.ar<\/a><\/p>\n\n\n\n<p>En auto: se puede estacionar dentro de ambos parques. La capacidad de estacionamiento es limitada, una vez completa solo se permitir\u00e1 el acceso peatonal o en bicicleta.<\/p>\n\n\n\n<p>En transporte p\u00fablico, colectivos: Parque de los Ni\u00f1os: l\u00edneas 15, 28 (Ramal Puente Saavedra \u2013 Ciudad Universitaria), 29, 117, 130.<\/p>\n\n\n\n<p>Parque de la Ciudad: l\u00edneas 101, 143, 150 y Premetro (Estaci\u00f3n Parque de la Ciudad).<\/p>\n\n\n\n<p>Vamos las plazas<\/p>\n\n\n\n<p>Tambi\u00e9n como parte del ciclo \u201cVerano en la Ciudad\u201d, arranc\u00f3 \u201cVamos las Plazas\u201d, con una amplia variedad de espect\u00e1culos infantiles propuestas teatrales, circo, magia y baile orientadas a los m\u00e1s chicos.<\/p>\n\n\n\n<p>Ser\u00e1n en total 560 espect\u00e1culos libres y gratuitos en 56 parques y plazas porte\u00f1as hasta el 22 de febrero, de martes a jueves a las 17 y 19 horas.<\/p>\n\n\n\n<p>Organizado por el Ministerio de Espacio P\u00fablico e Higiene Urbana, esta edici\u00f3n 2024 contar\u00e1 con 30 espect\u00e1culos por d\u00eda, divididos en dos por Comuna, cambiando las plazas en algunos casos a partir del 30 de enero.<\/p>\n\n\n\n<p>La programaci\u00f3n incluye una amplia variedad de espect\u00e1culos dirigidos al p\u00fablico infantil entre los que se destacan Chukrun con una propuesta de circo y magia, El show de Azu y Libroyasos con Clown, Maga Morgana, con una propuesta de magia y muchos artistas m\u00e1s que brindar\u00e1n a los m\u00e1s chicos un show a pura diversi\u00f3n.<\/p>\n\n\n\n<figure class=\"wp-block-image size-large\"><img decoding=\"async\" src=\"https:\/\/ci3.googleusercontent.com\/meips\/ADKq_NamttmztYWkJOM00rD9e7dNGnENB5Za5I7PM-WG_wTRq2-h2lsWZpyAK4SdRYR-17s2p9QWd1QjquXZ4Voa6sc0V7Je_dgoZCCvrvWYkCBbd-gea3MLxyTouazABP_lcjB0KbwJHi58L_16E0okk3pGA6Y8ZvA995RB5zWJCvmC=s0-d-e1-ft#https:\/\/app2.dopplerfiles.com\/Users\/160762\/Campaigns\/13124391\/WhatsApp_Image_2024-01-16_at_4.53.09_PM.jpeg\" alt=\"\"\/><\/figure>\n\n\n\n<p><strong><em>Nota de prensa<\/em><\/strong><\/p>\n","protected":false},"excerpt":{"rendered":"<p>Propuestas culturales y recreativas para disfrutar la Ciudad en enero y febrero. El Teatro Col\u00f3n y el San Mart\u00edn llegan a los barrios con sus espect\u00e1culos. Habr\u00e1 teatro, cine, m\u00fasica, artes visuales y literatura.Con m\u00e1s de 800 actividades culturales y recreativas, el Gobierno de la Ciudad lanz\u00f3 su programaci\u00f3n para enero y febrero con m\u00faltiples [&hellip;]<\/p>\n","protected":false},"author":5,"featured_media":47944,"comment_status":"closed","ping_status":"closed","sticky":false,"template":"","format":"standard","meta":{"jnews-multi-image_gallery":[],"jnews_single_post":{"subtitle":"","format":"standard","video":"","gallery":"","source_name":"","source_url":"","via_name":"","via_url":"","override_template":"0","override":[{"template":"4","single_blog_custom":"","parallax":"1","fullscreen":"1","layout":"right-sidebar","sidebar":"default-sidebar","second_sidebar":"default-sidebar","sticky_sidebar":"1","share_position":"top","share_float_style":"share-monocrhome","show_share_counter":"1","show_view_counter":"1","show_featured":"1","show_post_meta":"1","show_post_author":"1","show_post_author_image":"1","show_post_date":"1","post_date_format":"default","post_date_format_custom":"Y\/m\/d","show_post_category":"1","show_post_reading_time":"1","post_reading_time_wpm":"300","show_zoom_button":"1","zoom_button_out_step":"2","zoom_button_in_step":"3","show_post_tag":"1","show_prev_next_post":"1","show_popup_post":"1","number_popup_post":"1","show_author_box":"1","show_post_related":"1","show_inline_post_related":"0"}],"override_image_size":"0","image_override":[{"single_post_thumbnail_size":"crop-500","single_post_gallery_size":"crop-500"}],"trending_post":"0","trending_post_position":"meta","trending_post_label":"Trending","sponsored_post":"0","sponsored_post_label":"Sponsored by","sponsored_post_name":"","sponsored_post_url":"","sponsored_post_logo_enable":"0","sponsored_post_logo":"","sponsored_post_desc":"","disable_ad":"0"},"jnews_primary_category":{"id":"","hide":""},"jnews_social_meta":{"fb_title":"","fb_description":"","fb_image":"","twitter_title":"","twitter_description":"","twitter_image":""},"jnews_review":[],"enable_review":"0","type":"percentage","name":"","summary":"","brand":"","sku":"","good":[{"good_text":""}],"bad":[{"bad_text":""}],"score_override":"","override_value":"","rating":[{"rating_text":"","rating_number":"10"}],"price":[{"shop":"","price":"","link":"","icon":""}],"jnews_override_counter":{"override_view_counter":"0","view_counter_number":"0","override_share_counter":"0","share_counter_number":"0","override_like_counter":"0","like_counter_number":"0","override_dislike_counter":"0","dislike_counter_number":"0"},"jnews_post_split":{"enable_post_split":"0","post_split":[{"template":"1","tag":"h2","numbering":"asc","mode":"normal","first":"0","enable_toc":"0","toc_type":"normal"}]},"footnotes":""},"categories":[43,58,50],"tags":[13264,468,13263],"class_list":["post-47943","post","type-post","status-publish","format-standard","has-post-thumbnail","hentry","category-actualidad","category-argentina","category-entretenimiento","tag-actividades-recreativas","tag-caba","tag-verano-en-buenos-aires"],"amp_enabled":true,"_links":{"self":[{"href":"https:\/\/esreviral.com\/index.php?rest_route=\/wp\/v2\/posts\/47943"}],"collection":[{"href":"https:\/\/esreviral.com\/index.php?rest_route=\/wp\/v2\/posts"}],"about":[{"href":"https:\/\/esreviral.com\/index.php?rest_route=\/wp\/v2\/types\/post"}],"author":[{"embeddable":true,"href":"https:\/\/esreviral.com\/index.php?rest_route=\/wp\/v2\/users\/5"}],"replies":[{"embeddable":true,"href":"https:\/\/esreviral.com\/index.php?rest_route=%2Fwp%2Fv2%2Fcomments&post=47943"}],"version-history":[{"count":0,"href":"https:\/\/esreviral.com\/index.php?rest_route=\/wp\/v2\/posts\/47943\/revisions"}],"wp:featuredmedia":[{"embeddable":true,"href":"https:\/\/esreviral.com\/index.php?rest_route=\/wp\/v2\/media\/47944"}],"wp:attachment":[{"href":"https:\/\/esreviral.com\/index.php?rest_route=%2Fwp%2Fv2%2Fmedia&parent=47943"}],"wp:term":[{"taxonomy":"category","embeddable":true,"href":"https:\/\/esreviral.com\/index.php?rest_route=%2Fwp%2Fv2%2Fcategories&post=47943"},{"taxonomy":"post_tag","embeddable":true,"href":"https:\/\/esreviral.com\/index.php?rest_route=%2Fwp%2Fv2%2Ftags&post=47943"}],"curies":[{"name":"wp","href":"https:\/\/api.w.org\/{rel}","templated":true}]}}