{"id":47853,"date":"2024-01-15T07:30:51","date_gmt":"2024-01-15T12:30:51","guid":{"rendered":"https:\/\/esreviral.com\/?p=47853"},"modified":"2024-01-15T07:33:42","modified_gmt":"2024-01-15T12:33:42","slug":"se-incrementaron-los-feminicidios-en-argentina-durante-el-2023-uno-cada-27-horas","status":"publish","type":"post","link":"https:\/\/esreviral.com\/?p=47853","title":{"rendered":"Se incrementaron los feminicidios en Argentina durante el 2023: \u00abUno cada 27 horas\u00bb"},"content":{"rendered":"\n<p>Un total de 322 femicidios, entre ellos 30 vinculados, fueron cometidos durante 2023 en distintos puntos del pa\u00eds, lo que implic\u00f3 un aumento de 80 casos en comparaci\u00f3n con 2022, seg\u00fan inform\u00f3 la Defensor\u00eda del Pueblo. Esto representa un salto del 33% anual.<\/p>\n\n\n\n<p>De acuerdo a los datos del Observatorio de Femicidios de dicho organismo, entre el 1\u00b0 de enero y el 31 de diciembre del a\u00f1o pasado hubo 6 transfemicidio y 28 muertes violentas de mujeres en contexto de narcotr\u00e1fico y crimen organizado.<\/p>\n\n\n\n<p>Seg\u00fan el informe, se cometi\u00f3 <strong><em>\u00abun femicidio cada 27 horas\u00bb,<\/em><\/strong> ante lo cual \u00abel aumento en las cifras de asesinatos de mujeres por razones de g\u00e9nero es alarmante, superando incluso las cifras de 2020, a\u00f1o marcado por la pandemia\u00bb, en el que se registraron 295. A su vez, las cifras de 2023 superaron las de 2022, cuando hubo un total de 242.<\/p>\n\n\n\n<p>En cuanto al rango etario, la franja con incidencia fue de 31 a 50 a\u00f1os, con 125 casos. Adem\u00e1s, se registraron 191 ni\u00f1as y ni\u00f1os que se quedaron sin sus madres porque fueron asesinadas, y algunas de estas v\u00edctimas colaterales fueron testigos presenciales de los hechos.<\/p>\n\n\n\n<p>A su vez, el 19% de las v\u00edctimas realiz\u00f3 al menos una denuncia por violencia de g\u00e9nero previamente al femicidio y, si bien en un 44% no se realiz\u00f3 denuncia, algunos familiares de reportaron que exist\u00eda violencia de g\u00e9nero desde antes del crimen.<\/p>\n\n\n\n<p><strong><em>Con informaci\u00f3n de Clar\u00edn<\/em><\/strong><\/p>\n","protected":false},"excerpt":{"rendered":"<p>Un total de 322 femicidios, entre ellos 30 vinculados, fueron cometidos durante 2023 en distintos puntos del pa\u00eds, lo que implic\u00f3 un aumento de 80 casos en comparaci\u00f3n con 2022, seg\u00fan inform\u00f3 la Defensor\u00eda del Pueblo. Esto representa un salto del 33% anual. De acuerdo a los datos del Observatorio de Femicidios de dicho organismo, [&hellip;]<\/p>\n","protected":false},"author":5,"featured_media":47854,"comment_status":"closed","ping_status":"closed","sticky":false,"template":"","format":"standard","meta":{"jnews-multi-image_gallery":[],"jnews_single_post":{"subtitle":"","format":"standard","video":"","gallery":"","source_name":"","source_url":"","via_name":"","via_url":"","override_template":"0","override":[{"template":"4","single_blog_custom":"","parallax":"1","fullscreen":"1","layout":"right-sidebar","sidebar":"default-sidebar","second_sidebar":"default-sidebar","sticky_sidebar":"1","share_position":"top","share_float_style":"share-monocrhome","show_share_counter":"1","show_view_counter":"1","show_featured":"1","show_post_meta":"1","show_post_author":"1","show_post_author_image":"1","show_post_date":"1","post_date_format":"default","post_date_format_custom":"Y\/m\/d","show_post_category":"1","show_post_reading_time":"1","post_reading_time_wpm":"300","show_zoom_button":"1","zoom_button_out_step":"2","zoom_button_in_step":"3","show_post_tag":"1","show_prev_next_post":"1","show_popup_post":"1","number_popup_post":"1","show_author_box":"1","show_post_related":"1","show_inline_post_related":"0"}],"override_image_size":"0","image_override":[{"single_post_thumbnail_size":"crop-500","single_post_gallery_size":"crop-500"}],"trending_post":"0","trending_post_position":"meta","trending_post_label":"Trending","sponsored_post":"0","sponsored_post_label":"Sponsored by","sponsored_post_name":"","sponsored_post_url":"","sponsored_post_logo_enable":"0","sponsored_post_logo":"","sponsored_post_desc":"","disable_ad":"0"},"jnews_primary_category":{"id":"","hide":""},"jnews_social_meta":{"fb_title":"","fb_description":"","fb_image":"","twitter_title":"","twitter_description":"","twitter_image":""},"jnews_review":[],"enable_review":"0","type":"percentage","name":"","summary":"","brand":"","sku":"","good":[{"good_text":""}],"bad":[{"bad_text":""}],"score_override":"","override_value":"","rating":[{"rating_text":"","rating_number":"10"}],"price":[{"shop":"","price":"","link":"","icon":""}],"jnews_override_counter":{"override_view_counter":"0","view_counter_number":"0","override_share_counter":"0","share_counter_number":"0","override_like_counter":"0","like_counter_number":"0","override_dislike_counter":"0","dislike_counter_number":"0"},"jnews_post_split":{"enable_post_split":"0","post_split":[{"template":"1","tag":"h2","numbering":"asc","mode":"normal","first":"0","enable_toc":"0","toc_type":"normal"}]},"footnotes":""},"categories":[43,58,64],"tags":[44,7547],"class_list":["post-47853","post","type-post","status-publish","format-standard","has-post-thumbnail","hentry","category-actualidad","category-argentina","category-sucesos","tag-argentina","tag-femicidios"],"amp_enabled":true,"_links":{"self":[{"href":"https:\/\/esreviral.com\/index.php?rest_route=\/wp\/v2\/posts\/47853"}],"collection":[{"href":"https:\/\/esreviral.com\/index.php?rest_route=\/wp\/v2\/posts"}],"about":[{"href":"https:\/\/esreviral.com\/index.php?rest_route=\/wp\/v2\/types\/post"}],"author":[{"embeddable":true,"href":"https:\/\/esreviral.com\/index.php?rest_route=\/wp\/v2\/users\/5"}],"replies":[{"embeddable":true,"href":"https:\/\/esreviral.com\/index.php?rest_route=%2Fwp%2Fv2%2Fcomments&post=47853"}],"version-history":[{"count":0,"href":"https:\/\/esreviral.com\/index.php?rest_route=\/wp\/v2\/posts\/47853\/revisions"}],"wp:featuredmedia":[{"embeddable":true,"href":"https:\/\/esreviral.com\/index.php?rest_route=\/wp\/v2\/media\/47854"}],"wp:attachment":[{"href":"https:\/\/esreviral.com\/index.php?rest_route=%2Fwp%2Fv2%2Fmedia&parent=47853"}],"wp:term":[{"taxonomy":"category","embeddable":true,"href":"https:\/\/esreviral.com\/index.php?rest_route=%2Fwp%2Fv2%2Fcategories&post=47853"},{"taxonomy":"post_tag","embeddable":true,"href":"https:\/\/esreviral.com\/index.php?rest_route=%2Fwp%2Fv2%2Ftags&post=47853"}],"curies":[{"name":"wp","href":"https:\/\/api.w.org\/{rel}","templated":true}]}}