{"id":47839,"date":"2024-01-15T06:40:02","date_gmt":"2024-01-15T11:40:02","guid":{"rendered":"https:\/\/esreviral.com\/?p=47839"},"modified":"2024-01-15T06:40:03","modified_gmt":"2024-01-15T11:40:03","slug":"los-impresionantes-videos-que-dejaron-las-lluvias-torrenciales-en-brasil-se-reportan-al-menos-11-muertos","status":"publish","type":"post","link":"https:\/\/esreviral.com\/?p=47839","title":{"rendered":"Los impresionantes videos que dejaron las lluvias torrenciales en Brasil: Se reportan al menos 11 muertos"},"content":{"rendered":"\n<p>El temporal que azot\u00f3 la ciudad brasile\u00f1a de\u00a0R\u00edo de Janeiro\u00a0y su regi\u00f3n metropolitana entre la noche del s\u00e1bado y la madrugada del domingo provoc\u00f3\u00a0la muerte de por lo menos once personas e inund\u00f3 decenas de calles, informaron las autoridades locales a media tarde.<\/p>\n\n\n\n<p>Entre las v\u00edctimas, hay un hombre fallecido por un deslizamiento de tierra y otros dos por descargas el\u00e9ctricas, aunque la mayor\u00eda murieron ahogadas ante las crecidas de los r\u00edos, seg\u00fan el Cuerpo de Bomberos del estado, que asegur\u00f3 haber atendido cerca de 230 incidentes relacionados con las lluvias en las \u00faltimas 24 horas.<\/p>\n\n\n\n<figure class=\"wp-block-embed is-type-rich is-provider-twitter wp-block-embed-twitter\"><div class=\"wp-block-embed__wrapper\">\n<blockquote class=\"twitter-tweet\" data-width=\"500\" data-dnt=\"true\"><p lang=\"es\" dir=\"ltr\">As\u00ed qued\u00f3 la estaci\u00f3n de tren en R\u00edo de Janeiro, Brasil, despu\u00e9s de las lluvias torrenciales que dejaron al menos 7 personas muertas. <br><br>\u27a1\ufe0f <a href=\"https:\/\/t.co\/oDK9URLLfM\">https:\/\/t.co\/oDK9URLLfM<\/a> <a href=\"https:\/\/t.co\/SLJ5pLdeQx\">pic.twitter.com\/SLJ5pLdeQx<\/a><\/p>&mdash; Centinela35 (@Centinela_35) <a href=\"https:\/\/twitter.com\/Centinela_35\/status\/1746600451661819975?ref_src=twsrc%5Etfw\">January 14, 2024<\/a><\/blockquote><script async src=\"https:\/\/platform.twitter.com\/widgets.js\" charset=\"utf-8\"><\/script>\n<\/div><\/figure>\n\n\n\n<p>Asimismo, hay una mujer desaparecida despu\u00e9s de la ca\u00edda de su veh\u00edculo en el r\u00edo Botas en la noche del s\u00e1bado.<\/p>\n\n\n\n<p><strong>Aunque la lluvia remiti\u00f3 en la tarde del domingo, el alcalde de la segunda mayor ciudad del pa\u00eds, Eduardo Paes,\u00a0decret\u00f3 una situaci\u00f3n de emergencia en el municipio\u00a0y recomend\u00f3 a los ciudadanos evitar desplazarse y quedarse en lugar seguro.<\/strong><\/p>\n\n\n\n<p>El temporal oblig\u00f3 en la ma\u00f1ana del domingo a cortar durante horas importantes v\u00edas de entrada a la ciudad, como la Avenida Brasil, y a cerrar algunas paradas de metro y de autob\u00fas, principalmente en la zona norte.<\/p>\n\n\n\n<figure class=\"wp-block-embed is-type-rich is-provider-twitter wp-block-embed-twitter\"><div class=\"wp-block-embed__wrapper\">\n<blockquote class=\"twitter-tweet\" data-width=\"500\" data-dnt=\"true\"><p lang=\"es\" dir=\"ltr\"><a href=\"https:\/\/twitter.com\/hashtag\/Brasil?src=hash&amp;ref_src=twsrc%5Etfw\">#Brasil<\/a> \ud83c\udde7\ud83c\uddf7\ud83c\udf27\ufe0f Las fuertes lluvias que azotaron anoche el estado de R\u00edo de Janeiro dejaron al menos 7 muertos y una persona desaparecida. Los veh\u00edculos quedaron atrapados en la Avenida Brasil, una de las principales calles de la capital. <a href=\"https:\/\/twitter.com\/UniversoNews1?ref_src=twsrc%5Etfw\">@UniversoNews1<\/a> <a href=\"https:\/\/t.co\/G8yZp0nUiC\">pic.twitter.com\/G8yZp0nUiC<\/a><\/p>&mdash; Centinela35 (@Centinela_35) <a href=\"https:\/\/twitter.com\/Centinela_35\/status\/1746597191966154954?ref_src=twsrc%5Etfw\">January 14, 2024<\/a><\/blockquote><script async src=\"https:\/\/platform.twitter.com\/widgets.js\" charset=\"utf-8\"><\/script>\n<\/div><\/figure>\n\n\n\n<p>Las inundaciones tambi\u00e9n dejaron a un hospital de la zona norte sin energ\u00eda el\u00e9ctrica durante parte del d\u00eda, seg\u00fan las autoridades locales.<\/p>\n\n\n\n<p><strong>El presidente de Brasil, Luiz In\u00e1cio Lula da Silva, habl\u00f3 por tel\u00e9fono con los alcaldes de la regi\u00f3n y les garantiz\u00f3 \u201ctodo el apoyo\u201d del Gobierno federal\u00a0y asistencia para la poblaci\u00f3n afectada, seg\u00fan un comunicado.<\/strong><\/p>\n\n\n\n<figure class=\"wp-block-embed is-type-rich is-provider-twitter wp-block-embed-twitter\"><div class=\"wp-block-embed__wrapper\">\n<blockquote class=\"twitter-tweet\" data-width=\"500\" data-dnt=\"true\"><p lang=\"es\" dir=\"ltr\">R\u00edo de Janeiro en Brasil qued\u00f3 parcialmente sumergido tras las fuertes lluvias: 11 personas murieron. <a href=\"https:\/\/t.co\/ue4qklaQuo\">pic.twitter.com\/ue4qklaQuo<\/a><\/p>&mdash; Tony Venet (@TonyVenet274186) <a href=\"https:\/\/twitter.com\/TonyVenet274186\/status\/1746856506065068141?ref_src=twsrc%5Etfw\">January 15, 2024<\/a><\/blockquote><script async src=\"https:\/\/platform.twitter.com\/widgets.js\" charset=\"utf-8\"><\/script>\n<\/div><\/figure>\n\n\n\n<p><strong><em>Con informaci\u00f3n de Infobae<\/em><\/strong><\/p>\n\n\n\n<p><a rel=\"noreferrer noopener\" href=\"https:\/\/www.infobae.com\/america\/america-latina\/2024\/01\/11\/drones-y-cocaina-las-mafias-brasilenas-ofrecen-su-logistica-a-los-carteles-mexicanos-y-podrian-aprovechar-la-crisis-en-ecuador\/\" target=\"_blank\"><\/a><\/p>\n\n\n\n<p><a rel=\"noreferrer noopener\" href=\"https:\/\/www.infobae.com\/venezuela\/2024\/01\/09\/un-robo-que-termino-en-violacion-y-asfixia-los-macabros-detalles-del-asesinato-de-la-artista-venezolana-en-brasil\/\" target=\"_blank\"><\/a><\/p>\n","protected":false},"excerpt":{"rendered":"<p>El temporal que azot\u00f3 la ciudad brasile\u00f1a de\u00a0R\u00edo de Janeiro\u00a0y su regi\u00f3n metropolitana entre la noche del s\u00e1bado y la madrugada del domingo provoc\u00f3\u00a0la muerte de por lo menos once personas e inund\u00f3 decenas de calles, informaron las autoridades locales a media tarde. Entre las v\u00edctimas, hay un hombre fallecido por un deslizamiento de tierra [&hellip;]<\/p>\n","protected":false},"author":5,"featured_media":47840,"comment_status":"closed","ping_status":"closed","sticky":false,"template":"","format":"standard","meta":{"jnews-multi-image_gallery":[],"jnews_single_post":{"subtitle":"","format":"standard","video":"","gallery":"","source_name":"","source_url":"","via_name":"","via_url":"","override_template":"0","override":[{"template":"4","single_blog_custom":"","parallax":"1","fullscreen":"1","layout":"right-sidebar","sidebar":"default-sidebar","second_sidebar":"default-sidebar","sticky_sidebar":"1","share_position":"top","share_float_style":"share-monocrhome","show_share_counter":"1","show_view_counter":"1","show_featured":"1","show_post_meta":"1","show_post_author":"1","show_post_author_image":"1","show_post_date":"1","post_date_format":"default","post_date_format_custom":"Y\/m\/d","show_post_category":"1","show_post_reading_time":"1","post_reading_time_wpm":"300","show_zoom_button":"1","zoom_button_out_step":"2","zoom_button_in_step":"3","show_post_tag":"1","show_prev_next_post":"1","show_popup_post":"1","number_popup_post":"1","show_author_box":"1","show_post_related":"1","show_inline_post_related":"0"}],"override_image_size":"0","image_override":[{"single_post_thumbnail_size":"crop-500","single_post_gallery_size":"crop-500"}],"trending_post":"0","trending_post_position":"meta","trending_post_label":"Trending","sponsored_post":"0","sponsored_post_label":"Sponsored by","sponsored_post_name":"","sponsored_post_url":"","sponsored_post_logo_enable":"0","sponsored_post_logo":"","sponsored_post_desc":"","disable_ad":"0"},"jnews_primary_category":{"id":"","hide":""},"jnews_social_meta":{"fb_title":"","fb_description":"","fb_image":"","twitter_title":"","twitter_description":"","twitter_image":""},"jnews_review":[],"enable_review":"0","type":"percentage","name":"","summary":"","brand":"","sku":"","good":[{"good_text":""}],"bad":[{"bad_text":""}],"score_override":"","override_value":"","rating":[{"rating_text":"","rating_number":"10"}],"price":[{"shop":"","price":"","link":"","icon":""}],"jnews_override_counter":{"override_view_counter":"0","view_counter_number":"0","override_share_counter":"0","share_counter_number":"0","override_like_counter":"0","like_counter_number":"0","override_dislike_counter":"0","dislike_counter_number":"0"},"jnews_post_split":{"enable_post_split":"0","post_split":[{"template":"1","tag":"h2","numbering":"asc","mode":"normal","first":"0","enable_toc":"0","toc_type":"normal"}]},"footnotes":""},"categories":[43,88,64],"tags":[227,13243,2913,7109],"class_list":["post-47839","post","type-post","status-publish","format-standard","has-post-thumbnail","hentry","category-actualidad","category-internacionales","category-sucesos","tag-brasil","tag-lluvias-torrenciales","tag-muertos","tag-rio-de-janeiro"],"amp_enabled":true,"_links":{"self":[{"href":"https:\/\/esreviral.com\/index.php?rest_route=\/wp\/v2\/posts\/47839"}],"collection":[{"href":"https:\/\/esreviral.com\/index.php?rest_route=\/wp\/v2\/posts"}],"about":[{"href":"https:\/\/esreviral.com\/index.php?rest_route=\/wp\/v2\/types\/post"}],"author":[{"embeddable":true,"href":"https:\/\/esreviral.com\/index.php?rest_route=\/wp\/v2\/users\/5"}],"replies":[{"embeddable":true,"href":"https:\/\/esreviral.com\/index.php?rest_route=%2Fwp%2Fv2%2Fcomments&post=47839"}],"version-history":[{"count":0,"href":"https:\/\/esreviral.com\/index.php?rest_route=\/wp\/v2\/posts\/47839\/revisions"}],"wp:featuredmedia":[{"embeddable":true,"href":"https:\/\/esreviral.com\/index.php?rest_route=\/wp\/v2\/media\/47840"}],"wp:attachment":[{"href":"https:\/\/esreviral.com\/index.php?rest_route=%2Fwp%2Fv2%2Fmedia&parent=47839"}],"wp:term":[{"taxonomy":"category","embeddable":true,"href":"https:\/\/esreviral.com\/index.php?rest_route=%2Fwp%2Fv2%2Fcategories&post=47839"},{"taxonomy":"post_tag","embeddable":true,"href":"https:\/\/esreviral.com\/index.php?rest_route=%2Fwp%2Fv2%2Ftags&post=47839"}],"curies":[{"name":"wp","href":"https:\/\/api.w.org\/{rel}","templated":true}]}}