{"id":47768,"date":"2024-01-12T10:36:57","date_gmt":"2024-01-12T15:36:57","guid":{"rendered":"https:\/\/esreviral.com\/?p=47768"},"modified":"2024-01-12T10:43:03","modified_gmt":"2024-01-12T15:43:03","slug":"esta-es-la-fecha-del-comienzo-de-clases-en-2024-para-cada-provincia","status":"publish","type":"post","link":"https:\/\/esreviral.com\/?p=47768","title":{"rendered":"Esta es la fecha del comienzo de clases en 2024 para cada provincia"},"content":{"rendered":"\n<p>Los ministerios de Educaci\u00f3n ya comunicaron&nbsp;<strong>cu\u00e1ndo iniciar\u00e1n las clases&nbsp;<\/strong>en todos los niveles, aunque hay algunas provincias que todav\u00eda no informaron el calendario escolar.&nbsp;<\/p>\n\n\n\n<p>El Consejo Federal de Educaci\u00f3n (CFE) estableci\u00f3 que el nuevo calendario escolar tendr\u00e1 que contar con<strong><em>&nbsp;\u201cal menos 190 d\u00edas de clase efectivos en las 24 jurisdicciones educativas<\/em>\u201d<\/strong>, diferente al de la Ley 25.864 de 2003, que fijaba un m\u00ednimo de 180 d\u00edas.<\/p>\n\n\n\n<p>Con el cambio de Gobierno,&nbsp;algunas provincias, como la de Buenos Aires, a\u00fan deben definir sus calendarios escolares&nbsp;en base al dictamen del Consejo ya que las fechas a\u00fan no han sido anunciadas de manera oficial por la Secretar\u00eda de Educaci\u00f3n, que depende del Ministerio de Capital Humano, a cargo de Sandra Pettovello.&nbsp;<\/p>\n\n\n\n<h1 class=\"wp-block-heading\">Las fechas de inicio de clases en 2024<\/h1>\n\n\n\n<ul class=\"wp-block-list\">\n<li><strong>Ciudad de Buenos Aires<\/strong>: 26 de febrero<\/li>\n\n\n\n<li><strong>C\u00f3rdoba<\/strong>: 26 de febrero<\/li>\n\n\n\n<li><strong>Entre R\u00edos<\/strong>: 26 de febrero<\/li>\n\n\n\n<li><strong>Formosa<\/strong>: 26 de febrero<\/li>\n\n\n\n<li><strong>Jujuy<\/strong>: 26 de febrero<\/li>\n\n\n\n<li><strong>Mendoza<\/strong>: 26 de febrero<\/li>\n\n\n\n<li><strong>San Luis<\/strong>: 26 de febrero<\/li>\n\n\n\n<li><strong>Santa Fe<\/strong>: 26 de febrero<\/li>\n\n\n\n<li><strong>Salta<\/strong>: 26 de febrero<\/li>\n\n\n\n<li><strong>Santa Cruz<\/strong>: 29 de febrero<\/li>\n\n\n\n<li><strong>Chaco<\/strong>: 4 de marzo<\/li>\n\n\n\n<li><strong>Chubut<\/strong>: 4 de marzo<\/li>\n\n\n\n<li><strong>Corrientes<\/strong>: 4 de marzo<\/li>\n\n\n\n<li><strong>La Pampa<\/strong>: 1 de marzo<\/li>\n\n\n\n<li><strong>Misiones<\/strong>: 4 de marzo<\/li>\n\n\n\n<li><strong>Neuqu\u00e9n<\/strong>: 4 de marzo<\/li>\n\n\n\n<li><strong>R\u00edo Negro<\/strong>: 11 de marzo<\/li>\n\n\n\n<li><strong>San Juan<\/strong>: 4 de marzo<\/li>\n\n\n\n<li><strong>Santiago del Estero:&nbsp;<\/strong>4 de marzo<\/li>\n\n\n\n<li><strong>Buenos<\/strong>&nbsp;<strong>Aires<\/strong>: no anunci\u00f3 la fecha<\/li>\n\n\n\n<li><strong>Catamarca<\/strong>: no anunci\u00f3 la fecha<\/li>\n\n\n\n<li><strong>La Rioja<\/strong>: no anunci\u00f3 la fecha<\/li>\n\n\n\n<li><strong>Tierra del Fuego<\/strong>: no anunci\u00f3 la fecha<\/li>\n\n\n\n<li><strong>Tucum\u00e1n<\/strong>: no anunci\u00f3 la fecha<\/li>\n<\/ul>\n\n\n\n<p><strong><em>Fuente: TYC Sports<\/em><\/strong><\/p>\n","protected":false},"excerpt":{"rendered":"<p>Los ministerios de Educaci\u00f3n ya comunicaron&nbsp;cu\u00e1ndo iniciar\u00e1n las clases&nbsp;en todos los niveles, aunque hay algunas provincias que todav\u00eda no informaron el calendario escolar.&nbsp; El Consejo Federal de Educaci\u00f3n (CFE) estableci\u00f3 que el nuevo calendario escolar tendr\u00e1 que contar con&nbsp;\u201cal menos 190 d\u00edas de clase efectivos en las 24 jurisdicciones educativas\u201d, diferente al de la Ley [&hellip;]<\/p>\n","protected":false},"author":5,"featured_media":47769,"comment_status":"closed","ping_status":"closed","sticky":false,"template":"","format":"standard","meta":{"jnews-multi-image_gallery":[],"jnews_single_post":{"subtitle":"","format":"standard","video":"","gallery":"","source_name":"","source_url":"","via_name":"","via_url":"","override_template":"0","override":[{"template":"4","single_blog_custom":"","parallax":"1","fullscreen":"1","layout":"right-sidebar","sidebar":"default-sidebar","second_sidebar":"default-sidebar","sticky_sidebar":"1","share_position":"top","share_float_style":"share-monocrhome","show_share_counter":"1","show_view_counter":"1","show_featured":"1","show_post_meta":"1","show_post_author":"1","show_post_author_image":"1","show_post_date":"1","post_date_format":"default","post_date_format_custom":"Y\/m\/d","show_post_category":"1","show_post_reading_time":"1","post_reading_time_wpm":"300","show_zoom_button":"1","zoom_button_out_step":"2","zoom_button_in_step":"3","show_post_tag":"1","show_prev_next_post":"1","show_popup_post":"1","number_popup_post":"1","show_author_box":"1","show_post_related":"1","show_inline_post_related":"0"}],"override_image_size":"0","image_override":[{"single_post_thumbnail_size":"crop-500","single_post_gallery_size":"crop-500"}],"trending_post":"0","trending_post_position":"meta","trending_post_label":"Trending","sponsored_post":"0","sponsored_post_label":"Sponsored by","sponsored_post_name":"","sponsored_post_url":"","sponsored_post_logo_enable":"0","sponsored_post_logo":"","sponsored_post_desc":"","disable_ad":"0"},"jnews_primary_category":{"id":"","hide":""},"jnews_social_meta":{"fb_title":"","fb_description":"","fb_image":"","twitter_title":"","twitter_description":"","twitter_image":""},"jnews_review":[],"enable_review":"0","type":"percentage","name":"","summary":"","brand":"","sku":"","good":[{"good_text":""}],"bad":[{"bad_text":""}],"score_override":"","override_value":"","rating":[{"rating_text":"","rating_number":"10"}],"price":[{"shop":"","price":"","link":"","icon":""}],"jnews_override_counter":{"override_view_counter":"0","view_counter_number":"0","override_share_counter":"0","share_counter_number":"0","override_like_counter":"0","like_counter_number":"0","override_dislike_counter":"0","dislike_counter_number":"0"},"jnews_post_split":{"enable_post_split":"0","post_split":[{"template":"1","tag":"h2","numbering":"asc","mode":"normal","first":"0","enable_toc":"0","toc_type":"normal"}]},"footnotes":""},"categories":[43,58],"tags":[44,7639],"class_list":["post-47768","post","type-post","status-publish","format-standard","has-post-thumbnail","hentry","category-actualidad","category-argentina","tag-argentina","tag-inicio-de-clases"],"amp_enabled":true,"_links":{"self":[{"href":"https:\/\/esreviral.com\/index.php?rest_route=\/wp\/v2\/posts\/47768"}],"collection":[{"href":"https:\/\/esreviral.com\/index.php?rest_route=\/wp\/v2\/posts"}],"about":[{"href":"https:\/\/esreviral.com\/index.php?rest_route=\/wp\/v2\/types\/post"}],"author":[{"embeddable":true,"href":"https:\/\/esreviral.com\/index.php?rest_route=\/wp\/v2\/users\/5"}],"replies":[{"embeddable":true,"href":"https:\/\/esreviral.com\/index.php?rest_route=%2Fwp%2Fv2%2Fcomments&post=47768"}],"version-history":[{"count":0,"href":"https:\/\/esreviral.com\/index.php?rest_route=\/wp\/v2\/posts\/47768\/revisions"}],"wp:featuredmedia":[{"embeddable":true,"href":"https:\/\/esreviral.com\/index.php?rest_route=\/wp\/v2\/media\/47769"}],"wp:attachment":[{"href":"https:\/\/esreviral.com\/index.php?rest_route=%2Fwp%2Fv2%2Fmedia&parent=47768"}],"wp:term":[{"taxonomy":"category","embeddable":true,"href":"https:\/\/esreviral.com\/index.php?rest_route=%2Fwp%2Fv2%2Fcategories&post=47768"},{"taxonomy":"post_tag","embeddable":true,"href":"https:\/\/esreviral.com\/index.php?rest_route=%2Fwp%2Fv2%2Ftags&post=47768"}],"curies":[{"name":"wp","href":"https:\/\/api.w.org\/{rel}","templated":true}]}}