{"id":47477,"date":"2024-01-05T09:46:47","date_gmt":"2024-01-05T14:46:47","guid":{"rendered":"https:\/\/esreviral.com\/?p=47477"},"modified":"2024-01-05T09:46:48","modified_gmt":"2024-01-05T14:46:48","slug":"macabro-hallazgo-encontraron-el-cuerpo-de-un-joven-de-24-anos-en-el-techo-de-una-capilla","status":"publish","type":"post","link":"https:\/\/esreviral.com\/?p=47477","title":{"rendered":"Macabro hallazgo: Encontraron el cuerpo de un joven de 24 a\u00f1os en el techo de una capilla"},"content":{"rendered":"\n<p><strong>Realizaron un\u00a0escalofriante hallazgo\u00a0que perturb\u00f3 a los vecinos de la zona noroeste de la ciudad de Santa Fe: El\u00a0cuerpo\u00a0de un joven de aproximadamente 24 a\u00f1os en el\u00a0techo de una capilla evang\u00e9lica.<\/strong><\/p>\n\n\n\n<p>El templo est\u00e1 ubicado en la calle Cafferata 7600 y es conocida como\u00a0Jes\u00fas Buen Pastor, la cual abre sus puertas s\u00f3lo los fines de semana.<\/p>\n\n\n\n<p><strong>Los restos de la v\u00edctima, que no fue identificada, fueron descubiertos por\u00a0un hombre que lleg\u00f3 al lugar para realizar trabajos de limpieza, aunque cuando iba a comenzar not\u00f3 que algo inusual se encontraba en el techo.<\/strong><\/p>\n\n\n\n<p>Seg\u00fan su testimonio, se dio cuenta del macabro suceso ya que la cabeza del joven pend\u00eda hacia abajo y presentaba un color oscuro, lo cual evidenciaba el\u00a0estado en descomposici\u00f3n.<\/p>\n\n\n\n<p><strong>Luego de avisar a la Polic\u00eda, el personal del Cuerpo de Guardia de Infanter\u00eda arrib\u00f3 a la escena y confirm\u00f3 la tragedia despu\u00e9s de realizar una inspecci\u00f3n. De acuerdo a los primeros indicios,\u00a0la v\u00edctima no ten\u00eda lesiones traum\u00e1ticas ni heridas de arma de fuego o arma blanca.<\/strong><\/p>\n\n\n\n<p>El caso qued\u00f3 a cargo del fiscal de Homicidios de turno, el doctor Estanislao Giavedoni, quien orden\u00f3 la intervenci\u00f3n de los peritos de la Polic\u00eda de Investigaciones (PDI), seg\u00fan inform\u00f3\u00a0<em>El Litoral<\/em>.<\/p>\n\n\n\n<p><strong><em>Con informaci\u00f3n de TN <\/em><\/strong><\/p>\n","protected":false},"excerpt":{"rendered":"<p>Realizaron un\u00a0escalofriante hallazgo\u00a0que perturb\u00f3 a los vecinos de la zona noroeste de la ciudad de Santa Fe: El\u00a0cuerpo\u00a0de un joven de aproximadamente 24 a\u00f1os en el\u00a0techo de una capilla evang\u00e9lica. El templo est\u00e1 ubicado en la calle Cafferata 7600 y es conocida como\u00a0Jes\u00fas Buen Pastor, la cual abre sus puertas s\u00f3lo los fines de semana. [&hellip;]<\/p>\n","protected":false},"author":5,"featured_media":47478,"comment_status":"closed","ping_status":"closed","sticky":false,"template":"","format":"standard","meta":{"jnews-multi-image_gallery":[],"jnews_single_post":{"subtitle":"","format":"standard","video":"","gallery":"","source_name":"","source_url":"","via_name":"","via_url":"","override_template":"0","override":[{"template":"4","single_blog_custom":"","parallax":"1","fullscreen":"1","layout":"right-sidebar","sidebar":"default-sidebar","second_sidebar":"default-sidebar","sticky_sidebar":"1","share_position":"top","share_float_style":"share-monocrhome","show_share_counter":"1","show_view_counter":"1","show_featured":"1","show_post_meta":"1","show_post_author":"1","show_post_author_image":"1","show_post_date":"1","post_date_format":"default","post_date_format_custom":"Y\/m\/d","show_post_category":"1","show_post_reading_time":"1","post_reading_time_wpm":"300","show_zoom_button":"1","zoom_button_out_step":"2","zoom_button_in_step":"3","show_post_tag":"1","show_prev_next_post":"1","show_popup_post":"1","number_popup_post":"1","show_author_box":"1","show_post_related":"1","show_inline_post_related":"0"}],"override_image_size":"0","image_override":[{"single_post_thumbnail_size":"crop-500","single_post_gallery_size":"crop-500"}],"trending_post":"0","trending_post_position":"meta","trending_post_label":"Trending","sponsored_post":"0","sponsored_post_label":"Sponsored by","sponsored_post_name":"","sponsored_post_url":"","sponsored_post_logo_enable":"0","sponsored_post_logo":"","sponsored_post_desc":"","disable_ad":"0"},"jnews_primary_category":{"id":"","hide":""},"jnews_social_meta":{"fb_title":"","fb_description":"","fb_image":"","twitter_title":"","twitter_description":"","twitter_image":""},"jnews_review":[],"enable_review":"0","type":"percentage","name":"","summary":"","brand":"","sku":"","good":[{"good_text":""}],"bad":[{"bad_text":""}],"score_override":"","override_value":"","rating":[{"rating_text":"","rating_number":"10"}],"price":[{"shop":"","price":"","link":"","icon":""}],"jnews_override_counter":{"override_view_counter":"0","view_counter_number":"0","override_share_counter":"0","share_counter_number":"0","override_like_counter":"0","like_counter_number":"0","override_dislike_counter":"0","dislike_counter_number":"0"},"jnews_post_split":{"enable_post_split":"0","post_split":[{"template":"1","tag":"h2","numbering":"asc","mode":"normal","first":"0","enable_toc":"0","toc_type":"normal"}]},"footnotes":""},"categories":[43,64],"tags":[2617,13154,5506],"class_list":["post-47477","post","type-post","status-publish","format-standard","has-post-thumbnail","hentry","category-actualidad","category-sucesos","tag-cadaver","tag-capilla","tag-cuerpo"],"amp_enabled":true,"_links":{"self":[{"href":"https:\/\/esreviral.com\/index.php?rest_route=\/wp\/v2\/posts\/47477"}],"collection":[{"href":"https:\/\/esreviral.com\/index.php?rest_route=\/wp\/v2\/posts"}],"about":[{"href":"https:\/\/esreviral.com\/index.php?rest_route=\/wp\/v2\/types\/post"}],"author":[{"embeddable":true,"href":"https:\/\/esreviral.com\/index.php?rest_route=\/wp\/v2\/users\/5"}],"replies":[{"embeddable":true,"href":"https:\/\/esreviral.com\/index.php?rest_route=%2Fwp%2Fv2%2Fcomments&post=47477"}],"version-history":[{"count":0,"href":"https:\/\/esreviral.com\/index.php?rest_route=\/wp\/v2\/posts\/47477\/revisions"}],"wp:featuredmedia":[{"embeddable":true,"href":"https:\/\/esreviral.com\/index.php?rest_route=\/wp\/v2\/media\/47478"}],"wp:attachment":[{"href":"https:\/\/esreviral.com\/index.php?rest_route=%2Fwp%2Fv2%2Fmedia&parent=47477"}],"wp:term":[{"taxonomy":"category","embeddable":true,"href":"https:\/\/esreviral.com\/index.php?rest_route=%2Fwp%2Fv2%2Fcategories&post=47477"},{"taxonomy":"post_tag","embeddable":true,"href":"https:\/\/esreviral.com\/index.php?rest_route=%2Fwp%2Fv2%2Ftags&post=47477"}],"curies":[{"name":"wp","href":"https:\/\/api.w.org\/{rel}","templated":true}]}}