{"id":47399,"date":"2024-01-04T10:12:14","date_gmt":"2024-01-04T15:12:14","guid":{"rendered":"https:\/\/esreviral.com\/?p=47399"},"modified":"2024-01-04T10:12:14","modified_gmt":"2024-01-04T15:12:14","slug":"fue-desarticulada-una-banda-de-viudas-negras-colombianas","status":"publish","type":"post","link":"https:\/\/esreviral.com\/?p=47399","title":{"rendered":"Fue desarticulada una banda de \u00abviudas negras\u00bb colombianas"},"content":{"rendered":"\n<p>Como resultado de una investigaci\u00f3n, la Polic\u00eda de la Ciudad desbarat\u00f3 una organizaci\u00f3n criminal dedicada a perpetrar robos bajo la modalidad \u00abviuda negra\u00bb, detuvo a su cabecilla y recuper\u00f3 valiosos objetos sustra\u00eddos a las v\u00edctimas durante un allanamiento en Balvanera.<\/p>\n\n\n\n<p><br>El 21 de octubre \u00faltimo, dos hombres concurrieron a un bar en Palermo, en donde conocieron a tres mujeres colombianas, con quienes luego de un rato se fueron al departamento de uno de ellos, en el barrio de Saavedra.<\/p>\n\n\n\n<p>Lea tambi\u00e9n: <strong><a href=\"https:\/\/esreviral.com\/detuvieron-a-tres-mujeres-que-rumbearon-enganaron-y-robaron-a-dos-turistas-ingleses\/\">Detuvieron a tres mujeres que rumbearon, enga\u00f1aron y robaron a dos turistas ingleses<\/a><\/strong><\/p>\n\n\n\n<p><br>Una vez en la vivienda compartieron unos tragos, y a partir de all\u00ed los damnificados solo recuerdan haber despertado al d\u00eda siguiente, notando que les faltaban sus tel\u00e9fonos celulares, una notebook, c\u00e1maras de fotos, dinero en efectivo, documentaci\u00f3n y otros efectos personales, por lo que realizaron la denuncia al 911.<br>De inmediato, la Divisi\u00f3n de Investigaciones Comunales 12 de la Polic\u00eda de la Ciudad realiz\u00f3 un an\u00e1lisis de los movimientos de las cuentas bancarias de las v\u00edctimas, notando que se hab\u00edan realizado gastos con las tarjetas de cr\u00e9dito y d\u00e9bito en distintos locales comerciales del centro porte\u00f1o.<br>Una vez localizados estos comercios, les fueron solicitadas las grabaciones de c\u00e1maras de seguridad y los comprobantes de las operaciones realizadas, lo que permiti\u00f3 identificar a un individuo, tambi\u00e9n de nacionalidad colombiana, y luego a trav\u00e9s de las c\u00e1maras del Centro de Monitoreo Urbano (CMU) reconstruir su recorrido hasta un domicilio en Balvanera.<\/p>\n\n\n\n<p><br>El lugar, un edificio de la Avenida Rivadavia al 2000, ten\u00eda c\u00e1maras particulares cuyas im\u00e1genes hicieron posible individualizar a la totalidad de la banda, la cual estaba compuesta por tres hombres y tres mujeres, y era liderada por el sujeto investigado.<\/p>\n\n\n\n<p><br>A la luz de las pruebas obtenidas, el Juzgado Nacional en lo Criminal y Correccional 48, a cargo del Dr. S\u00e1nchez Sarmiento, Secretar\u00eda 145 a cargo del Dr. Donarini, libr\u00f3 la correspondiente orden de allanamiento y detenci\u00f3n, que dej\u00f3 como resultado la detenci\u00f3n del imputado y el secuestro de vestimenta utilizada en el hecho, as\u00ed como la computadora y la c\u00e1mara de fotos sustra\u00eddas a la v\u00edctima. Adicionalmente se secuestraron dos celulares y documentaci\u00f3n de inter\u00e9s para la causa.<\/p>\n\n\n\n<p><strong><em>Prensa Polic\u00eda de la Ciudad.-<\/em><\/strong><\/p>\n","protected":false},"excerpt":{"rendered":"<p>Como resultado de una investigaci\u00f3n, la Polic\u00eda de la Ciudad desbarat\u00f3 una organizaci\u00f3n criminal dedicada a perpetrar robos bajo la modalidad \u00abviuda negra\u00bb, detuvo a su cabecilla y recuper\u00f3 valiosos objetos sustra\u00eddos a las v\u00edctimas durante un allanamiento en Balvanera. El 21 de octubre \u00faltimo, dos hombres concurrieron a un bar en Palermo, en donde [&hellip;]<\/p>\n","protected":false},"author":2,"featured_media":47400,"comment_status":"open","ping_status":"closed","sticky":false,"template":"","format":"standard","meta":{"jnews-multi-image_gallery":[],"jnews_single_post":{"subtitle":"","format":"standard","video":"","gallery":"","source_name":"","source_url":"","via_name":"","via_url":"","override_template":"0","override":[{"template":"4","single_blog_custom":"","parallax":"1","fullscreen":"1","layout":"right-sidebar","sidebar":"default-sidebar","second_sidebar":"default-sidebar","sticky_sidebar":"1","share_position":"top","share_float_style":"share-monocrhome","show_share_counter":"1","show_view_counter":"1","show_featured":"1","show_post_meta":"1","show_post_author":"1","show_post_author_image":"1","show_post_date":"1","post_date_format":"default","post_date_format_custom":"Y\/m\/d","show_post_category":"1","show_post_reading_time":"1","post_reading_time_wpm":"300","show_zoom_button":"1","zoom_button_out_step":"2","zoom_button_in_step":"3","show_post_tag":"1","show_prev_next_post":"1","show_popup_post":"1","number_popup_post":"1","show_author_box":"1","show_post_related":"1","show_inline_post_related":"0"}],"override_image_size":"0","image_override":[{"single_post_thumbnail_size":"crop-500","single_post_gallery_size":"crop-500"}],"trending_post":"0","trending_post_position":"meta","trending_post_label":"Trending","sponsored_post":"0","sponsored_post_label":"Sponsored by","sponsored_post_name":"","sponsored_post_url":"","sponsored_post_logo_enable":"0","sponsored_post_logo":"","sponsored_post_desc":"","disable_ad":"0"},"jnews_primary_category":{"id":"","hide":""},"jnews_social_meta":{"fb_title":"","fb_description":"","fb_image":"","twitter_title":"","twitter_description":"","twitter_image":""},"jnews_review":[],"enable_review":"0","type":"percentage","name":"","summary":"","brand":"","sku":"","good":[{"good_text":""}],"bad":[{"bad_text":""}],"score_override":"","override_value":"","rating":[{"rating_text":"","rating_number":"10"}],"price":[{"shop":"","price":"","link":"","icon":""}],"jnews_override_counter":{"override_view_counter":"0","view_counter_number":"0","override_share_counter":"0","share_counter_number":"0","override_like_counter":"0","like_counter_number":"0","override_dislike_counter":"0","dislike_counter_number":"0"},"jnews_post_split":{"enable_post_split":"0","post_split":[{"template":"1","tag":"h2","numbering":"asc","mode":"normal","first":"0","enable_toc":"0","toc_type":"normal"}]},"footnotes":""},"categories":[64],"tags":[1102,45,11463],"class_list":["post-47399","post","type-post","status-publish","format-standard","has-post-thumbnail","hentry","category-sucesos","tag-colombianos-en-argentina","tag-noticias","tag-viudas-negras"],"amp_enabled":true,"_links":{"self":[{"href":"https:\/\/esreviral.com\/index.php?rest_route=\/wp\/v2\/posts\/47399"}],"collection":[{"href":"https:\/\/esreviral.com\/index.php?rest_route=\/wp\/v2\/posts"}],"about":[{"href":"https:\/\/esreviral.com\/index.php?rest_route=\/wp\/v2\/types\/post"}],"author":[{"embeddable":true,"href":"https:\/\/esreviral.com\/index.php?rest_route=\/wp\/v2\/users\/2"}],"replies":[{"embeddable":true,"href":"https:\/\/esreviral.com\/index.php?rest_route=%2Fwp%2Fv2%2Fcomments&post=47399"}],"version-history":[{"count":0,"href":"https:\/\/esreviral.com\/index.php?rest_route=\/wp\/v2\/posts\/47399\/revisions"}],"wp:featuredmedia":[{"embeddable":true,"href":"https:\/\/esreviral.com\/index.php?rest_route=\/wp\/v2\/media\/47400"}],"wp:attachment":[{"href":"https:\/\/esreviral.com\/index.php?rest_route=%2Fwp%2Fv2%2Fmedia&parent=47399"}],"wp:term":[{"taxonomy":"category","embeddable":true,"href":"https:\/\/esreviral.com\/index.php?rest_route=%2Fwp%2Fv2%2Fcategories&post=47399"},{"taxonomy":"post_tag","embeddable":true,"href":"https:\/\/esreviral.com\/index.php?rest_route=%2Fwp%2Fv2%2Ftags&post=47399"}],"curies":[{"name":"wp","href":"https:\/\/api.w.org\/{rel}","templated":true}]}}