{"id":47203,"date":"2023-12-28T09:41:35","date_gmt":"2023-12-28T14:41:35","guid":{"rendered":"https:\/\/esreviral.com\/?p=47203"},"modified":"2023-12-28T09:44:36","modified_gmt":"2023-12-28T14:44:36","slug":"envideo-maduro-arremetio-contra-el-dnu-de-milei-es-dictatorial","status":"publish","type":"post","link":"https:\/\/esreviral.com\/?p=47203","title":{"rendered":"#ENVIDEO Maduro arremeti\u00f3 contra el DNU de Milei: \u00abes dictatorial\u00bb"},"content":{"rendered":"\n<p>Nicol\u00e1s Maduro, el presidente de Venezuela, arremeti\u00f3 nuevamente contra el gobierno de Javier\u00a0<a href=\"https:\/\/www.instagram.com\/explore\/tags\/milei\/\">Milei<\/a>\u00a0en\u00a0<a href=\"https:\/\/www.instagram.com\/explore\/tags\/argentina\/\">Argentina<\/a>\u00a0y rechaz\u00f3 las medidas econ\u00f3micas impulsadas por esta administraci\u00f3n a las cuales calific\u00f3 de <strong>\u201cdictatoriales\u201d.<\/strong><\/p>\n\n\n\n<p>El mandatario venezolano, asegur\u00f3 que Milei era parte de la corriente ideol\u00f3gica del expresidente norteamericano, Donald Trump y quieren colonizar a Argentina. <\/p>\n\n\n\n<figure class=\"wp-block-embed is-type-rich is-provider-twitter wp-block-embed-twitter\"><div class=\"wp-block-embed__wrapper\">\n<blockquote class=\"twitter-tweet\" data-width=\"500\" data-dnt=\"true\"><p lang=\"es\" dir=\"ltr\">Nicol\u00e1s Maduro arremeti\u00f3 nuevamente contra el gobierno de Javier <a href=\"https:\/\/twitter.com\/hashtag\/milei?src=hash&amp;ref_src=twsrc%5Etfw\">#milei<\/a> en <a href=\"https:\/\/twitter.com\/hashtag\/argentina?src=hash&amp;ref_src=twsrc%5Etfw\">#argentina<\/a> y rechaz\u00f3 las medidas econ\u00f3micas impulsadas por esta administraci\u00f3n a las cuales calific\u00f3 de \u201cdictatoriales\u201d. <a href=\"https:\/\/twitter.com\/hashtag\/esreviral?src=hash&amp;ref_src=twsrc%5Etfw\">#esreviral<\/a> <a href=\"https:\/\/twitter.com\/hashtag\/venezolanosenargentina?src=hash&amp;ref_src=twsrc%5Etfw\">#venezolanosenargentina<\/a> <a href=\"https:\/\/t.co\/RMFsb08DP7\">pic.twitter.com\/RMFsb08DP7<\/a><\/p>&mdash; ES RE VIRAL (@esreviral) <a href=\"https:\/\/twitter.com\/esreviral\/status\/1740378705544011863?ref_src=twsrc%5Etfw\">December 28, 2023<\/a><\/blockquote><script async src=\"https:\/\/platform.twitter.com\/widgets.js\" charset=\"utf-8\"><\/script>\n<\/div><\/figure>\n","protected":false},"excerpt":{"rendered":"<p>Nicol\u00e1s Maduro, el presidente de Venezuela, arremeti\u00f3 nuevamente contra el gobierno de Javier\u00a0Milei\u00a0en\u00a0Argentina\u00a0y rechaz\u00f3 las medidas econ\u00f3micas impulsadas por esta administraci\u00f3n a las cuales calific\u00f3 de \u201cdictatoriales\u201d. El mandatario venezolano, asegur\u00f3 que Milei era parte de la corriente ideol\u00f3gica del expresidente norteamericano, Donald Trump y quieren colonizar a Argentina.<\/p>\n","protected":false},"author":2,"featured_media":30113,"comment_status":"closed","ping_status":"closed","sticky":false,"template":"","format":"standard","meta":{"jnews-multi-image_gallery":[],"jnews_single_post":{"subtitle":"","format":"standard","video":"","gallery":"","source_name":"","source_url":"","via_name":"","via_url":"","override_template":"0","override":[{"template":"4","single_blog_custom":"","parallax":"1","fullscreen":"1","layout":"right-sidebar","sidebar":"default-sidebar","second_sidebar":"default-sidebar","sticky_sidebar":"1","share_position":"top","share_float_style":"share-monocrhome","show_share_counter":"1","show_view_counter":"1","show_featured":"1","show_post_meta":"1","show_post_author":"1","show_post_author_image":"1","show_post_date":"1","post_date_format":"default","post_date_format_custom":"Y\/m\/d","show_post_category":"1","show_post_reading_time":"1","post_reading_time_wpm":"300","show_zoom_button":"1","zoom_button_out_step":"2","zoom_button_in_step":"3","show_post_tag":"1","show_prev_next_post":"1","show_popup_post":"1","number_popup_post":"1","show_author_box":"1","show_post_related":"1","show_inline_post_related":"0"}],"override_image_size":"0","image_override":[{"single_post_thumbnail_size":"crop-500","single_post_gallery_size":"crop-500"}],"trending_post":"0","trending_post_position":"meta","trending_post_label":"Trending","sponsored_post":"0","sponsored_post_label":"Sponsored by","sponsored_post_name":"","sponsored_post_url":"","sponsored_post_logo_enable":"0","sponsored_post_logo":"","sponsored_post_desc":"","disable_ad":"0"},"jnews_primary_category":{"id":"","hide":""},"jnews_social_meta":{"fb_title":"","fb_description":"","fb_image":"","twitter_title":"","twitter_description":"","twitter_image":""},"jnews_review":[],"enable_review":"0","type":"percentage","name":"","summary":"","brand":"","sku":"","good":[{"good_text":""}],"bad":[{"bad_text":""}],"score_override":"","override_value":"","rating":[{"rating_text":"","rating_number":"10"}],"price":[{"shop":"","price":"","link":"","icon":""}],"jnews_override_counter":{"override_view_counter":"0","view_counter_number":"0","override_share_counter":"0","share_counter_number":"0","override_like_counter":"0","like_counter_number":"0","override_dislike_counter":"0","dislike_counter_number":"0"},"jnews_post_split":{"enable_post_split":"0","post_split":[{"template":"1","tag":"h2","numbering":"asc","mode":"normal","first":"0","enable_toc":"0","toc_type":"normal"}]},"footnotes":""},"categories":[59,66],"tags":[44,1158,82,1251,1068,45,67,56],"class_list":["post-47203","post","type-post","status-publish","format-standard","has-post-thumbnail","hentry","category-politica","category-venezuela","tag-argentina","tag-javier-milei","tag-maduro","tag-milei","tag-nicolas-maduro","tag-noticias","tag-venezolanos-en-argentina","tag-venezuela"],"amp_enabled":true,"_links":{"self":[{"href":"https:\/\/esreviral.com\/index.php?rest_route=\/wp\/v2\/posts\/47203"}],"collection":[{"href":"https:\/\/esreviral.com\/index.php?rest_route=\/wp\/v2\/posts"}],"about":[{"href":"https:\/\/esreviral.com\/index.php?rest_route=\/wp\/v2\/types\/post"}],"author":[{"embeddable":true,"href":"https:\/\/esreviral.com\/index.php?rest_route=\/wp\/v2\/users\/2"}],"replies":[{"embeddable":true,"href":"https:\/\/esreviral.com\/index.php?rest_route=%2Fwp%2Fv2%2Fcomments&post=47203"}],"version-history":[{"count":0,"href":"https:\/\/esreviral.com\/index.php?rest_route=\/wp\/v2\/posts\/47203\/revisions"}],"wp:featuredmedia":[{"embeddable":true,"href":"https:\/\/esreviral.com\/index.php?rest_route=\/wp\/v2\/media\/30113"}],"wp:attachment":[{"href":"https:\/\/esreviral.com\/index.php?rest_route=%2Fwp%2Fv2%2Fmedia&parent=47203"}],"wp:term":[{"taxonomy":"category","embeddable":true,"href":"https:\/\/esreviral.com\/index.php?rest_route=%2Fwp%2Fv2%2Fcategories&post=47203"},{"taxonomy":"post_tag","embeddable":true,"href":"https:\/\/esreviral.com\/index.php?rest_route=%2Fwp%2Fv2%2Ftags&post=47203"}],"curies":[{"name":"wp","href":"https:\/\/api.w.org\/{rel}","templated":true}]}}