{"id":47067,"date":"2023-12-26T09:59:21","date_gmt":"2023-12-26T14:59:21","guid":{"rendered":"https:\/\/esreviral.com\/?p=47067"},"modified":"2023-12-26T09:59:21","modified_gmt":"2023-12-26T14:59:21","slug":"el-gobierno-puso-en-marcha-el-nuevo-sistema-de-importaciones-oficializaron-la-creacion-del-sedi-video","status":"publish","type":"post","link":"https:\/\/esreviral.com\/?p=47067","title":{"rendered":"El Gobierno puso en marcha el nuevo sistema de Importaciones. Oficializaron la creaci\u00f3n del SEDI (+VIDEO)"},"content":{"rendered":"\n<p>La agenda pol\u00edtica de Argentina retom\u00f3 su ritmo post-navide\u00f1o con una reuni\u00f3n de gabinete encabezada por el presidente\u00a0Javier Milei, marcando el comienzo de un per\u00edodo de intensa actividad legislativa.<\/p>\n\n\n\n<p>Tras ese encuentro, que arranc\u00f3 a las 8:30, el vocero presidencial,&nbsp;<strong>Manuel Adorni<\/strong>, brind\u00f3&nbsp;una conferencia de prensa en la Casa de Gobierno a las 11hs donde abarc\u00f3 varios temas, incluyendo las sesiones extraordinarias del Congreso, los cambios en las importaciones, la baja de 7 mil empleados estatales y las jubilaciones.<\/p>\n\n\n\n<p>De esa manera indic\u00f3 que el Gobierno puso en marcha el nuevo sistema de Importaciones, oficializando la creaci\u00f3n del SEDI, el sistema de registro que reemplaza al Sistema de Importaciones de la Rep\u00fablica Argentina (SIRA): <strong><em>\u00abNo va a haber licencias no autom\u00e1ticas. Quien decida importar va a poder importar. Y punto, se termin\u00f3\u00bb.<\/em><\/strong><\/p>\n\n\n\n<p>Al respecto, Adorni explic\u00f3 que el esquema eliminado se reemplazar\u00e1 por un\u00a0Sistema Estad\u00edstico de Importaciones o SEDI, el cual defini\u00f3 como un \u00ab<strong><em>registro estad\u00edstico\u00bb <\/em><\/strong>en el cual <strong><em>\u00abya no va a haber licencias no autom\u00e1ticas\u00bb. \u00abQuien decida\u00a0 importar va a poder importar y punto, no va a haber mucha m\u00e1s vuelta\u00a0burocr\u00e1tica que esa\u00bb<\/em><\/strong>, reiter\u00f3.<\/p>\n\n\n\n<figure class=\"wp-block-embed is-type-rich is-provider-twitter wp-block-embed-twitter\"><div class=\"wp-block-embed__wrapper\">\n<blockquote class=\"twitter-tweet\" data-width=\"500\" data-dnt=\"true\"><p lang=\"es\" dir=\"ltr\">El Gobierno puso en marcha el nuevo sistema de Importaciones. Oficializaron la creaci\u00f3n del SEDI, el sistema de registro que reemplaza al SIRA: &quot;No va a haber licencias no autom\u00e1ticas. Quien decida importar va a poder importar. Y punto, se termin\u00f3&quot; <a href=\"https:\/\/t.co\/INOEid0DKP\">pic.twitter.com\/INOEid0DKP<\/a><\/p>&mdash; TN &#8211; Todo Noticias (@todonoticias) <a href=\"https:\/\/twitter.com\/todonoticias\/status\/1739651244073824493?ref_src=twsrc%5Etfw\">December 26, 2023<\/a><\/blockquote><script async src=\"https:\/\/platform.twitter.com\/widgets.js\" charset=\"utf-8\"><\/script>\n<\/div><\/figure>\n\n\n\n<p><strong><em>Con informaci\u00f3n de TN<\/em><\/strong><\/p>\n","protected":false},"excerpt":{"rendered":"<p>La agenda pol\u00edtica de Argentina retom\u00f3 su ritmo post-navide\u00f1o con una reuni\u00f3n de gabinete encabezada por el presidente\u00a0Javier Milei, marcando el comienzo de un per\u00edodo de intensa actividad legislativa. Tras ese encuentro, que arranc\u00f3 a las 8:30, el vocero presidencial,&nbsp;Manuel Adorni, brind\u00f3&nbsp;una conferencia de prensa en la Casa de Gobierno a las 11hs donde abarc\u00f3 [&hellip;]<\/p>\n","protected":false},"author":5,"featured_media":47068,"comment_status":"closed","ping_status":"closed","sticky":false,"template":"","format":"standard","meta":{"jnews-multi-image_gallery":[],"jnews_single_post":{"subtitle":"","format":"standard","video":"","gallery":"","source_name":"","source_url":"","via_name":"","via_url":"","override_template":"0","override":[{"template":"4","single_blog_custom":"","parallax":"1","fullscreen":"1","layout":"right-sidebar","sidebar":"default-sidebar","second_sidebar":"default-sidebar","sticky_sidebar":"1","share_position":"top","share_float_style":"share-monocrhome","show_share_counter":"1","show_view_counter":"1","show_featured":"1","show_post_meta":"1","show_post_author":"1","show_post_author_image":"1","show_post_date":"1","post_date_format":"default","post_date_format_custom":"Y\/m\/d","show_post_category":"1","show_post_reading_time":"1","post_reading_time_wpm":"300","show_zoom_button":"1","zoom_button_out_step":"2","zoom_button_in_step":"3","show_post_tag":"1","show_prev_next_post":"1","show_popup_post":"1","number_popup_post":"1","show_author_box":"1","show_post_related":"1","show_inline_post_related":"0"}],"override_image_size":"0","image_override":[{"single_post_thumbnail_size":"crop-500","single_post_gallery_size":"crop-500"}],"trending_post":"0","trending_post_position":"meta","trending_post_label":"Trending","sponsored_post":"0","sponsored_post_label":"Sponsored by","sponsored_post_name":"","sponsored_post_url":"","sponsored_post_logo_enable":"0","sponsored_post_logo":"","sponsored_post_desc":"","disable_ad":"0"},"jnews_primary_category":{"id":"","hide":""},"jnews_social_meta":{"fb_title":"","fb_description":"","fb_image":"","twitter_title":"","twitter_description":"","twitter_image":""},"jnews_review":[],"enable_review":"0","type":"percentage","name":"","summary":"","brand":"","sku":"","good":[{"good_text":""}],"bad":[{"bad_text":""}],"score_override":"","override_value":"","rating":[{"rating_text":"","rating_number":"10"}],"price":[{"shop":"","price":"","link":"","icon":""}],"jnews_override_counter":{"override_view_counter":"0","view_counter_number":"0","override_share_counter":"0","share_counter_number":"0","override_like_counter":"0","like_counter_number":"0","override_dislike_counter":"0","dislike_counter_number":"0"},"jnews_post_split":{"enable_post_split":"0","post_split":[{"template":"1","tag":"h2","numbering":"asc","mode":"normal","first":"0","enable_toc":"0","toc_type":"normal"}]},"footnotes":""},"categories":[43,58],"tags":[12936,13058],"class_list":["post-47067","post","type-post","status-publish","format-standard","has-post-thumbnail","hentry","category-actualidad","category-argentina","tag-manuel-adorni","tag-sedi"],"amp_enabled":true,"_links":{"self":[{"href":"https:\/\/esreviral.com\/index.php?rest_route=\/wp\/v2\/posts\/47067"}],"collection":[{"href":"https:\/\/esreviral.com\/index.php?rest_route=\/wp\/v2\/posts"}],"about":[{"href":"https:\/\/esreviral.com\/index.php?rest_route=\/wp\/v2\/types\/post"}],"author":[{"embeddable":true,"href":"https:\/\/esreviral.com\/index.php?rest_route=\/wp\/v2\/users\/5"}],"replies":[{"embeddable":true,"href":"https:\/\/esreviral.com\/index.php?rest_route=%2Fwp%2Fv2%2Fcomments&post=47067"}],"version-history":[{"count":0,"href":"https:\/\/esreviral.com\/index.php?rest_route=\/wp\/v2\/posts\/47067\/revisions"}],"wp:featuredmedia":[{"embeddable":true,"href":"https:\/\/esreviral.com\/index.php?rest_route=\/wp\/v2\/media\/47068"}],"wp:attachment":[{"href":"https:\/\/esreviral.com\/index.php?rest_route=%2Fwp%2Fv2%2Fmedia&parent=47067"}],"wp:term":[{"taxonomy":"category","embeddable":true,"href":"https:\/\/esreviral.com\/index.php?rest_route=%2Fwp%2Fv2%2Fcategories&post=47067"},{"taxonomy":"post_tag","embeddable":true,"href":"https:\/\/esreviral.com\/index.php?rest_route=%2Fwp%2Fv2%2Ftags&post=47067"}],"curies":[{"name":"wp","href":"https:\/\/api.w.org\/{rel}","templated":true}]}}