{"id":47037,"date":"2023-12-26T07:27:42","date_gmt":"2023-12-26T12:27:42","guid":{"rendered":"https:\/\/esreviral.com\/?p=47037"},"modified":"2023-12-26T07:27:43","modified_gmt":"2023-12-26T12:27:43","slug":"milei-dara-de-baja-7-mil-contratos-de-empleados-estatales-firmados-este-ano-lo-que-se-sabe-hasta-ahora","status":"publish","type":"post","link":"https:\/\/esreviral.com\/?p=47037","title":{"rendered":"Milei dar\u00e1 de baja 7 mil contratos de empleados estatales firmados este a\u00f1o: Lo que se sabe hasta ahora"},"content":{"rendered":"\n<p>Javier Milei\u00a0firmar\u00e1 un decreto simple para cesantear a los estatales contratados en 2023. Se publicar\u00eda este martes. Era una de las medidas que hab\u00eda anunciado el ministro de Econom\u00eda\u00a0Luis Caputo, pero qued\u00f3 bajo la supervisi\u00f3n del jefe de Gabinete\u00a0Nicol\u00e1s Posse. El Gobierno dejar\u00e1 caer los contratos que\u00a0vencen el 31 de diciembre. Mientras tanto, el Gobierno prepara una auditor\u00eda sobre el total de la planta del Estado.<\/p>\n\n\n\n<p>El decreto impide la renovaci\u00f3n de los contratos de los trabajadores empleados hace menos de un a\u00f1o en la administraci\u00f3n central del Ejecutivo y en los\u00a0organismos descentralizados\u00a0del Estado, adem\u00e1s de las\u00a0empresas p\u00fablicas\u00a0y las\u00a0sociedades an\u00f3nimas de mayor\u00eda estatal, como YPF.<\/p>\n\n\n\n<p>Ni en la Casa Rosada ni en los gremios estatales se precisa cu\u00e1ntos contratos caer\u00edan.<\/p>\n\n\n\n<p>Sin embargo, seg\u00fan pudo saber\u00a0<a href=\"https:\/\/www.clarin.com\/politica\/gobierno-ultima-decreto-cesantear-7-mil-estatales-contratados-2023_0_imZdOH5fAs.html\" data-type=\"link\" data-id=\"https:\/\/www.clarin.com\/politica\/gobierno-ultima-decreto-cesantear-7-mil-estatales-contratados-2023_0_imZdOH5fAs.html\">Clar\u00edn\u00a0<\/a>de fuentes oficiales y sindicales hasta noviembre\u00a0se contaban 7 mil contratados sin antig\u00fcedad previa. A ellos podr\u00edan sumarse el recorte los\u00a0contratados por locaci\u00f3n de servicio\u00a0que tambi\u00e9n caducan antes de fin de a\u00f1o.<\/p>\n\n\n\n<p><strong>Por ahora es una inc\u00f3gnita qu\u00e9 suceder\u00e1 con\u00a0los m\u00e1s de 45 mil contratados por el Estado, que trabajan desde hace m\u00e1s de 12 meses en la administraci\u00f3n p\u00fablica nacional, una informalidad que brota en todos los resquicios del Estado desde hace m\u00e1s de una d\u00e9cada. En principio se les\u00a0renovar\u00e1 el contrato por 90 d\u00edas\u00a0mientras el Gobierno avanza con su\u00a0auditor\u00eda\u00a0y define si son puestos que se mantendr\u00e1n en el nuevo organigrama.<\/strong><\/p>\n\n\n\n<p>En el Gobierno aseguran que en el decreto\u00a0quedar\u00e1n exceptuados\u00a0los trabajadores contratados en el \u00faltimo a\u00f1o que completan por\u00a0ley el cupo trans y de discapacitados. Tambi\u00e9n destacan que no ser\u00e1n afectados los trabajadores que fueron contratados durante a\u00f1os y se incorporaron a la planta permanente durante el correr del a\u00f1o como parte del proceso de\u00a0normalizaci\u00f3n que impuls\u00f3 la administraci\u00f3n de Alberto Fern\u00e1ndez\u00a0desde los primeros de su gesti\u00f3n, en acuerdo con UPCN y ATE.<\/p>\n\n\n\n<p>Se trata de algo m\u00e1s de\u00a012.200 concursos\u00a0de los cuales\u00a0se culminaron m\u00e1s de 9\u00a0mil.\u00a0El ranking de organismos con mayor cantidad de pases a planta permanente por concurso lo encabez\u00f3 la Direcci\u00f3n Nacional del Registro Nacional de las Personas, con 680 cargos aprobados. Luego le sigue la Direcci\u00f3n Nacional de Migraciones .-tambi\u00e9n dependiente del Ministerio del Interior-, con 551, y despu\u00e9s el ministerio de Desarrollo Social, con 479.<\/p>\n\n\n\n<p>Tambi\u00e9n podr\u00edan sumarse excepciones si los responsables de cada \u00e1rea requieren que los contratados despu\u00e9s del 1 de enero permanezcan en sus puestos. Para ello deber\u00e1n justificar cada caso ante la jefatura de Gabinete y\u00a0no podr\u00e1n prorrogar contrato de manera inconsulta. Se multiplican casos en el Gobierno de funcionarios pol\u00edticos de la gesti\u00f3n saliente que permanecen en sus cargos, porque en el Ejecutivo no encuentran sustitutos.<\/p>\n\n\n\n<p><strong><em>Con informaci\u00f3n de Clar\u00edn<\/em><\/strong><\/p>\n","protected":false},"excerpt":{"rendered":"<p>Javier Milei\u00a0firmar\u00e1 un decreto simple para cesantear a los estatales contratados en 2023. Se publicar\u00eda este martes. Era una de las medidas que hab\u00eda anunciado el ministro de Econom\u00eda\u00a0Luis Caputo, pero qued\u00f3 bajo la supervisi\u00f3n del jefe de Gabinete\u00a0Nicol\u00e1s Posse. El Gobierno dejar\u00e1 caer los contratos que\u00a0vencen el 31 de diciembre. Mientras tanto, el Gobierno [&hellip;]<\/p>\n","protected":false},"author":5,"featured_media":47038,"comment_status":"closed","ping_status":"closed","sticky":false,"template":"","format":"standard","meta":{"jnews-multi-image_gallery":[],"jnews_single_post":{"subtitle":"","format":"standard","video":"","gallery":"","source_name":"","source_url":"","via_name":"","via_url":"","override_template":"0","override":[{"template":"4","single_blog_custom":"","parallax":"1","fullscreen":"1","layout":"right-sidebar","sidebar":"default-sidebar","second_sidebar":"default-sidebar","sticky_sidebar":"1","share_position":"top","share_float_style":"share-monocrhome","show_share_counter":"1","show_view_counter":"1","show_featured":"1","show_post_meta":"1","show_post_author":"1","show_post_author_image":"1","show_post_date":"1","post_date_format":"default","post_date_format_custom":"Y\/m\/d","show_post_category":"1","show_post_reading_time":"1","post_reading_time_wpm":"300","show_zoom_button":"1","zoom_button_out_step":"2","zoom_button_in_step":"3","show_post_tag":"1","show_prev_next_post":"1","show_popup_post":"1","number_popup_post":"1","show_author_box":"1","show_post_related":"1","show_inline_post_related":"0"}],"override_image_size":"0","image_override":[{"single_post_thumbnail_size":"crop-500","single_post_gallery_size":"crop-500"}],"trending_post":"0","trending_post_position":"meta","trending_post_label":"Trending","sponsored_post":"0","sponsored_post_label":"Sponsored by","sponsored_post_name":"","sponsored_post_url":"","sponsored_post_logo_enable":"0","sponsored_post_logo":"","sponsored_post_desc":"","disable_ad":"0"},"jnews_primary_category":{"id":"","hide":""},"jnews_social_meta":{"fb_title":"","fb_description":"","fb_image":"","twitter_title":"","twitter_description":"","twitter_image":""},"jnews_review":[],"enable_review":"0","type":"percentage","name":"","summary":"","brand":"","sku":"","good":[{"good_text":""}],"bad":[{"bad_text":""}],"score_override":"","override_value":"","rating":[{"rating_text":"","rating_number":"10"}],"price":[{"shop":"","price":"","link":"","icon":""}],"jnews_override_counter":{"override_view_counter":"0","view_counter_number":"0","override_share_counter":"0","share_counter_number":"0","override_like_counter":"0","like_counter_number":"0","override_dislike_counter":"0","dislike_counter_number":"0"},"jnews_post_split":{"enable_post_split":"0","post_split":[{"template":"1","tag":"h2","numbering":"asc","mode":"normal","first":"0","enable_toc":"0","toc_type":"normal"}]},"footnotes":""},"categories":[43,59],"tags":[13051,1158],"class_list":["post-47037","post","type-post","status-publish","format-standard","has-post-thumbnail","hentry","category-actualidad","category-politica","tag-contratos-estatales","tag-javier-milei"],"amp_enabled":true,"_links":{"self":[{"href":"https:\/\/esreviral.com\/index.php?rest_route=\/wp\/v2\/posts\/47037"}],"collection":[{"href":"https:\/\/esreviral.com\/index.php?rest_route=\/wp\/v2\/posts"}],"about":[{"href":"https:\/\/esreviral.com\/index.php?rest_route=\/wp\/v2\/types\/post"}],"author":[{"embeddable":true,"href":"https:\/\/esreviral.com\/index.php?rest_route=\/wp\/v2\/users\/5"}],"replies":[{"embeddable":true,"href":"https:\/\/esreviral.com\/index.php?rest_route=%2Fwp%2Fv2%2Fcomments&post=47037"}],"version-history":[{"count":0,"href":"https:\/\/esreviral.com\/index.php?rest_route=\/wp\/v2\/posts\/47037\/revisions"}],"wp:featuredmedia":[{"embeddable":true,"href":"https:\/\/esreviral.com\/index.php?rest_route=\/wp\/v2\/media\/47038"}],"wp:attachment":[{"href":"https:\/\/esreviral.com\/index.php?rest_route=%2Fwp%2Fv2%2Fmedia&parent=47037"}],"wp:term":[{"taxonomy":"category","embeddable":true,"href":"https:\/\/esreviral.com\/index.php?rest_route=%2Fwp%2Fv2%2Fcategories&post=47037"},{"taxonomy":"post_tag","embeddable":true,"href":"https:\/\/esreviral.com\/index.php?rest_route=%2Fwp%2Fv2%2Ftags&post=47037"}],"curies":[{"name":"wp","href":"https:\/\/api.w.org\/{rel}","templated":true}]}}