{"id":46831,"date":"2023-12-20T09:25:47","date_gmt":"2023-12-20T14:25:47","guid":{"rendered":"https:\/\/esreviral.com\/?p=46831"},"modified":"2023-12-20T09:25:48","modified_gmt":"2023-12-20T14:25:48","slug":"la-advertencia-que-publico-javier-milei-en-sus-redes-antes-de-la-marcha-piquetera-en-su-contra","status":"publish","type":"post","link":"https:\/\/esreviral.com\/?p=46831","title":{"rendered":"La advertencia que public\u00f3 Javier Milei en sus redes antes de la marcha piquetera en su contra"},"content":{"rendered":"\n<p>Javier Milei\u00a0tendr\u00e1 hoy en la Ciudad de Buenos Aires (CABA) la\u00a0primera marcha piquetera\u00a0en protesta contra su gobierno. Es por ello que el presidente de la Naci\u00f3n y l\u00edder de La Libertad Avanza decidi\u00f3 enviar una advertencia en redes sociales para quienes est\u00e9n decididos a asistir a la movilizaci\u00f3n.<\/p>\n\n\n\n<p><em><strong>\u201cUna Argentina distinta&#8230;!!!VIVA LA LIBERTAD CARAJO\u201d<\/strong><\/em>, expres\u00f3 Javier Milei en su cuenta de Instagram sobre el piquete que se llevar\u00e1 adelante esta tarde en la Ciudad de Buenos Aires, en donde public\u00f3 una fotograf\u00eda de las gr\u00e1ficas que indicaron en la estaci\u00f3n de Constituci\u00f3n que <strong><em>\u201cel que corta no cobra\u201d.<\/em><\/strong><\/p>\n\n\n\n<figure class=\"wp-block-image size-large\"><img decoding=\"async\" src=\"https:\/\/tn.com.ar\/resizer\/GzbpTJp-NDjol_YvTIslQgAH_Xc=\/1440x0\/smart\/filters:format(webp)\/cloudfront-us-east-1.images.arcpublishing.com\/artear\/VTR2B4W5K5B5NJ2IC4APG6HNEE.png\" alt=\"\"\/><\/figure>\n\n\n\n<p>Este mi\u00e9rcoles 20 de diciembre, Javier Milei hablar\u00e1 por primera vez en\u00a0cadena nacional\u00a0para anunciar medidas econ\u00f3micas. El presidente grabar\u00e1 el discurso por la tarde y\u00a0se emitir\u00e1 a las 21 horas\u00a0por televisi\u00f3n abierta.<\/p>\n\n\n\n<p>Durante el transcurso del d\u00eda, el\u00a0Decreto de Necesidad y Urgencia (DNU)\u00a0ser\u00e1 publicado en el Bolet\u00edn Oficial y luego el Presidente har\u00e1 una explicaci\u00f3n pormenorizada de los distintos puntos.<\/p>\n\n\n\n<p><em><strong>Con informaci\u00f3n de TN <\/strong><\/em><\/p>\n","protected":false},"excerpt":{"rendered":"<p>Javier Milei\u00a0tendr\u00e1 hoy en la Ciudad de Buenos Aires (CABA) la\u00a0primera marcha piquetera\u00a0en protesta contra su gobierno. Es por ello que el presidente de la Naci\u00f3n y l\u00edder de La Libertad Avanza decidi\u00f3 enviar una advertencia en redes sociales para quienes est\u00e9n decididos a asistir a la movilizaci\u00f3n. \u201cUna Argentina distinta&#8230;!!!VIVA LA LIBERTAD CARAJO\u201d, expres\u00f3 [&hellip;]<\/p>\n","protected":false},"author":5,"featured_media":46832,"comment_status":"closed","ping_status":"closed","sticky":false,"template":"","format":"standard","meta":{"jnews-multi-image_gallery":[],"jnews_single_post":{"subtitle":"","format":"standard","video":"","gallery":"","source_name":"","source_url":"","via_name":"","via_url":"","override_template":"0","override":[{"template":"4","single_blog_custom":"","parallax":"1","fullscreen":"1","layout":"right-sidebar","sidebar":"default-sidebar","second_sidebar":"default-sidebar","sticky_sidebar":"1","share_position":"top","share_float_style":"share-monocrhome","show_share_counter":"1","show_view_counter":"1","show_featured":"1","show_post_meta":"1","show_post_author":"1","show_post_author_image":"1","show_post_date":"1","post_date_format":"default","post_date_format_custom":"Y\/m\/d","show_post_category":"1","show_post_reading_time":"1","post_reading_time_wpm":"300","show_zoom_button":"1","zoom_button_out_step":"2","zoom_button_in_step":"3","show_post_tag":"1","show_prev_next_post":"1","show_popup_post":"1","number_popup_post":"1","show_author_box":"1","show_post_related":"1","show_inline_post_related":"0"}],"override_image_size":"0","image_override":[{"single_post_thumbnail_size":"crop-500","single_post_gallery_size":"crop-500"}],"trending_post":"0","trending_post_position":"meta","trending_post_label":"Trending","sponsored_post":"0","sponsored_post_label":"Sponsored by","sponsored_post_name":"","sponsored_post_url":"","sponsored_post_logo_enable":"0","sponsored_post_logo":"","sponsored_post_desc":"","disable_ad":"0"},"jnews_primary_category":{"id":"","hide":""},"jnews_social_meta":{"fb_title":"","fb_description":"","fb_image":"","twitter_title":"","twitter_description":"","twitter_image":""},"jnews_review":[],"enable_review":"0","type":"percentage","name":"","summary":"","brand":"","sku":"","good":[{"good_text":""}],"bad":[{"bad_text":""}],"score_override":"","override_value":"","rating":[{"rating_text":"","rating_number":"10"}],"price":[{"shop":"","price":"","link":"","icon":""}],"jnews_override_counter":{"override_view_counter":"0","view_counter_number":"0","override_share_counter":"0","share_counter_number":"0","override_like_counter":"0","like_counter_number":"0","override_dislike_counter":"0","dislike_counter_number":"0"},"jnews_post_split":{"enable_post_split":"0","post_split":[{"template":"1","tag":"h2","numbering":"asc","mode":"normal","first":"0","enable_toc":"0","toc_type":"normal"}]},"footnotes":""},"categories":[43,58,59],"tags":[1158,3225],"class_list":["post-46831","post","type-post","status-publish","format-standard","has-post-thumbnail","hentry","category-actualidad","category-argentina","category-politica","tag-javier-milei","tag-marcha-piquetera"],"amp_enabled":true,"_links":{"self":[{"href":"https:\/\/esreviral.com\/index.php?rest_route=\/wp\/v2\/posts\/46831"}],"collection":[{"href":"https:\/\/esreviral.com\/index.php?rest_route=\/wp\/v2\/posts"}],"about":[{"href":"https:\/\/esreviral.com\/index.php?rest_route=\/wp\/v2\/types\/post"}],"author":[{"embeddable":true,"href":"https:\/\/esreviral.com\/index.php?rest_route=\/wp\/v2\/users\/5"}],"replies":[{"embeddable":true,"href":"https:\/\/esreviral.com\/index.php?rest_route=%2Fwp%2Fv2%2Fcomments&post=46831"}],"version-history":[{"count":0,"href":"https:\/\/esreviral.com\/index.php?rest_route=\/wp\/v2\/posts\/46831\/revisions"}],"wp:featuredmedia":[{"embeddable":true,"href":"https:\/\/esreviral.com\/index.php?rest_route=\/wp\/v2\/media\/46832"}],"wp:attachment":[{"href":"https:\/\/esreviral.com\/index.php?rest_route=%2Fwp%2Fv2%2Fmedia&parent=46831"}],"wp:term":[{"taxonomy":"category","embeddable":true,"href":"https:\/\/esreviral.com\/index.php?rest_route=%2Fwp%2Fv2%2Fcategories&post=46831"},{"taxonomy":"post_tag","embeddable":true,"href":"https:\/\/esreviral.com\/index.php?rest_route=%2Fwp%2Fv2%2Ftags&post=46831"}],"curies":[{"name":"wp","href":"https:\/\/api.w.org\/{rel}","templated":true}]}}