{"id":46818,"date":"2023-12-20T08:30:02","date_gmt":"2023-12-20T13:30:02","guid":{"rendered":"https:\/\/esreviral.com\/?p=46818"},"modified":"2023-12-20T08:30:03","modified_gmt":"2023-12-20T13:30:03","slug":"crecen-las-criticas-contra-aerolineas-argentinas-por-lo-ocurrido-con-sus-aviones-durante-el-temporal-empresa-emitio-un-comunicado","status":"publish","type":"post","link":"https:\/\/esreviral.com\/?p=46818","title":{"rendered":"Crecen las cr\u00edticas contra Aerol\u00edneas Argentinas por lo ocurrido con sus aviones durante el temporal: Empresa emiti\u00f3 un comunicado"},"content":{"rendered":"\n<p>Aerol\u00edneas Argentinas emiti\u00f3 un comunicado este martes para explicar la raz\u00f3n por la cual 20 aviones de la compa\u00f1\u00eda sufrieron da\u00f1os, algunos de magnitud, durante el\u00a0<strong>fuerte temporal que azot\u00f3 a la ciudad de Buenos Aires el fin de semana.<\/strong><\/p>\n\n\n\n<p>Tras la\u00a0<strong>tr\u00e1gica jornada, que caus\u00f3 un total de 15 muertes en la provincia de Buenos Aires,<\/strong>\u00a0comenzaron a circular en las redes videos de aviones de la estatal que giran sobre s\u00ed mismos, ante el viento del temporal del s\u00e1bado y madrugada del domingo en Buenos Aires, impactando ante escaleras y\/o mangas en Aeroparque.<\/p>\n\n\n\n<p><strong>Tras conocerse el da\u00f1o que sufrieron las aeronaves, varios exencargados de mantenimiento se\u00f1alaron que no se respetaron los protocolos para resguardar las aeronaves que resultaron da\u00f1adas.<\/strong><\/p>\n\n\n\n<p>En el escrito de este martes, la empresa adelant\u00f3 que abrir\u00e1 un proceso interno para determinar responsabilidades, en caso de que las hubiera.<\/p>\n\n\n\n<blockquote class=\"instagram-media\" data-instgrm-captioned data-instgrm-permalink=\"https:\/\/www.instagram.com\/p\/C09TEBqO0iH\/?utm_source=ig_embed&amp;utm_campaign=loading\" data-instgrm-version=\"14\" style=\" background:#FFF; border:0; border-radius:3px; box-shadow:0 0 1px 0 rgba(0,0,0,0.5),0 1px 10px 0 rgba(0,0,0,0.15); margin: 1px; max-width:540px; min-width:326px; padding:0; width:99.375%; width:-webkit-calc(100% - 2px); width:calc(100% - 2px);\"><div style=\"padding:16px;\"> <a href=\"https:\/\/www.instagram.com\/p\/C09TEBqO0iH\/?utm_source=ig_embed&amp;utm_campaign=loading\" style=\" background:#FFFFFF; line-height:0; padding:0 0; text-align:center; text-decoration:none; width:100%;\" target=\"_blank\" rel=\"noopener\"> <div style=\" display: flex; flex-direction: row; align-items: center;\"> <div style=\"background-color: #F4F4F4; border-radius: 50%; flex-grow: 0; height: 40px; margin-right: 14px; width: 40px;\"><\/div> <div style=\"display: flex; flex-direction: column; flex-grow: 1; justify-content: center;\"> <div style=\" background-color: #F4F4F4; border-radius: 4px; flex-grow: 0; height: 14px; margin-bottom: 6px; width: 100px;\"><\/div> <div style=\" background-color: #F4F4F4; border-radius: 4px; flex-grow: 0; height: 14px; width: 60px;\"><\/div><\/div><\/div><div style=\"padding: 19% 0;\"><\/div> <div style=\"display:block; height:50px; margin:0 auto 12px; width:50px;\"><svg width=\"50px\" height=\"50px\" viewBox=\"0 0 60 60\" version=\"1.1\" xmlns=\"https:\/\/www.w3.org\/2000\/svg\" xmlns:xlink=\"https:\/\/www.w3.org\/1999\/xlink\"><g stroke=\"none\" stroke-width=\"1\" fill=\"none\" fill-rule=\"evenodd\"><g transform=\"translate(-511.000000, -20.000000)\" fill=\"#000000\"><g><path d=\"M556.869,30.41 C554.814,30.41 553.148,32.076 553.148,34.131 C553.148,36.186 554.814,37.852 556.869,37.852 C558.924,37.852 560.59,36.186 560.59,34.131 C560.59,32.076 558.924,30.41 556.869,30.41 M541,60.657 C535.114,60.657 530.342,55.887 530.342,50 C530.342,44.114 535.114,39.342 541,39.342 C546.887,39.342 551.658,44.114 551.658,50 C551.658,55.887 546.887,60.657 541,60.657 M541,33.886 C532.1,33.886 524.886,41.1 524.886,50 C524.886,58.899 532.1,66.113 541,66.113 C549.9,66.113 557.115,58.899 557.115,50 C557.115,41.1 549.9,33.886 541,33.886 M565.378,62.101 C565.244,65.022 564.756,66.606 564.346,67.663 C563.803,69.06 563.154,70.057 562.106,71.106 C561.058,72.155 560.06,72.803 558.662,73.347 C557.607,73.757 556.021,74.244 553.102,74.378 C549.944,74.521 548.997,74.552 541,74.552 C533.003,74.552 532.056,74.521 528.898,74.378 C525.979,74.244 524.393,73.757 523.338,73.347 C521.94,72.803 520.942,72.155 519.894,71.106 C518.846,70.057 518.197,69.06 517.654,67.663 C517.244,66.606 516.755,65.022 516.623,62.101 C516.479,58.943 516.448,57.996 516.448,50 C516.448,42.003 516.479,41.056 516.623,37.899 C516.755,34.978 517.244,33.391 517.654,32.338 C518.197,30.938 518.846,29.942 519.894,28.894 C520.942,27.846 521.94,27.196 523.338,26.654 C524.393,26.244 525.979,25.756 528.898,25.623 C532.057,25.479 533.004,25.448 541,25.448 C548.997,25.448 549.943,25.479 553.102,25.623 C556.021,25.756 557.607,26.244 558.662,26.654 C560.06,27.196 561.058,27.846 562.106,28.894 C563.154,29.942 563.803,30.938 564.346,32.338 C564.756,33.391 565.244,34.978 565.378,37.899 C565.522,41.056 565.552,42.003 565.552,50 C565.552,57.996 565.522,58.943 565.378,62.101 M570.82,37.631 C570.674,34.438 570.167,32.258 569.425,30.349 C568.659,28.377 567.633,26.702 565.965,25.035 C564.297,23.368 562.623,22.342 560.652,21.575 C558.743,20.834 556.562,20.326 553.369,20.18 C550.169,20.033 549.148,20 541,20 C532.853,20 531.831,20.033 528.631,20.18 C525.438,20.326 523.257,20.834 521.349,21.575 C519.376,22.342 517.703,23.368 516.035,25.035 C514.368,26.702 513.342,28.377 512.574,30.349 C511.834,32.258 511.326,34.438 511.181,37.631 C511.035,40.831 511,41.851 511,50 C511,58.147 511.035,59.17 511.181,62.369 C511.326,65.562 511.834,67.743 512.574,69.651 C513.342,71.625 514.368,73.296 516.035,74.965 C517.703,76.634 519.376,77.658 521.349,78.425 C523.257,79.167 525.438,79.673 528.631,79.82 C531.831,79.965 532.853,80.001 541,80.001 C549.148,80.001 550.169,79.965 553.369,79.82 C556.562,79.673 558.743,79.167 560.652,78.425 C562.623,77.658 564.297,76.634 565.965,74.965 C567.633,73.296 568.659,71.625 569.425,69.651 C570.167,67.743 570.674,65.562 570.82,62.369 C570.966,59.17 571,58.147 571,50 C571,41.851 570.966,40.831 570.82,37.631\"><\/path><\/g><\/g><\/g><\/svg><\/div><div style=\"padding-top: 8px;\"> <div style=\" color:#3897f0; font-family:Arial,sans-serif; font-size:14px; font-style:normal; font-weight:550; line-height:18px;\">Ver esta publicaci\u00f3n en Instagram<\/div><\/div><div style=\"padding: 12.5% 0;\"><\/div> <div style=\"display: flex; flex-direction: row; margin-bottom: 14px; align-items: center;\"><div> <div style=\"background-color: #F4F4F4; border-radius: 50%; height: 12.5px; width: 12.5px; transform: translateX(0px) translateY(7px);\"><\/div> <div style=\"background-color: #F4F4F4; height: 12.5px; transform: rotate(-45deg) translateX(3px) translateY(1px); width: 12.5px; flex-grow: 0; margin-right: 14px; margin-left: 2px;\"><\/div> <div style=\"background-color: #F4F4F4; border-radius: 50%; height: 12.5px; width: 12.5px; transform: translateX(9px) translateY(-18px);\"><\/div><\/div><div style=\"margin-left: 8px;\"> <div style=\" background-color: #F4F4F4; border-radius: 50%; flex-grow: 0; height: 20px; width: 20px;\"><\/div> <div style=\" width: 0; height: 0; border-top: 2px solid transparent; border-left: 6px solid #f4f4f4; border-bottom: 2px solid transparent; transform: translateX(16px) translateY(-4px) rotate(30deg)\"><\/div><\/div><div style=\"margin-left: auto;\"> <div style=\" width: 0px; border-top: 8px solid #F4F4F4; border-right: 8px solid transparent; transform: translateY(16px);\"><\/div> <div style=\" background-color: #F4F4F4; flex-grow: 0; height: 12px; width: 16px; transform: translateY(-4px);\"><\/div> <div style=\" width: 0; height: 0; border-top: 8px solid #F4F4F4; border-left: 8px solid transparent; transform: translateY(-4px) translateX(8px);\"><\/div><\/div><\/div> <div style=\"display: flex; flex-direction: column; flex-grow: 1; justify-content: center; margin-bottom: 24px;\"> <div style=\" background-color: #F4F4F4; border-radius: 4px; flex-grow: 0; height: 14px; margin-bottom: 6px; width: 224px;\"><\/div> <div style=\" background-color: #F4F4F4; border-radius: 4px; flex-grow: 0; height: 14px; width: 144px;\"><\/div><\/div><\/a><p style=\" color:#c9c8cd; font-family:Arial,sans-serif; font-size:14px; line-height:17px; margin-bottom:0; margin-top:8px; overflow:hidden; padding:8px 0 7px; text-align:center; text-overflow:ellipsis; white-space:nowrap;\"><a href=\"https:\/\/www.instagram.com\/p\/C09TEBqO0iH\/?utm_source=ig_embed&amp;utm_campaign=loading\" style=\" color:#c9c8cd; font-family:Arial,sans-serif; font-size:14px; font-style:normal; font-weight:normal; line-height:17px; text-decoration:none;\" target=\"_blank\" rel=\"noopener\">Una publicaci\u00f3n compartida de ES RE VIRAL Carlos Iv\u00e1n Su\u00e1rez (@esreviral)<\/a><\/p><\/div><\/blockquote> <script async src=\"\/\/www.instagram.com\/embed.js\"><\/script>\n\n\n\n<p>El comunicado de prensa, difundido este martes por la tarde, se\u00f1al\u00f3 que <strong><em>\u201cse encontraban posicionados en el Aeroparque 38 aviones de la empresa en proceso de alistamiento, con el personal llevando a cabo tareas sobre los mismos\u201d.<\/em><\/strong><\/p>\n\n\n\n<p>En el documento se explic\u00f3 que <strong><em>\u201cesto se debe a que la compa\u00f1\u00eda opera vuelos desde las 2 de la madrugada, con un pico de salidas entre las 5 y las 7 de la ma\u00f1ana\u201d.<\/em><\/strong><\/p>\n\n\n\n<p>Seg\u00fan apuntaron, <strong><em>\u201cel informe meteorol\u00f3gico, tanto el interno como el del Servicio Meteorol\u00f3gico Nacional (conocido en la industria como TAF), no indicaba una intensidad de vientos de la magnitud que finalmente tuvo para la hora se\u00f1alada\u201d.<\/em><\/strong><\/p>\n\n\n\n<p>Y sostuvo que<strong><em> \u201cla empresa cuenta con un protocolo interno de protecci\u00f3n de equipos y aeronaves cuando los vientos superan los 50 nudos (92,6 kil\u00f3metros por hora), situaci\u00f3n que, como ya se mencion\u00f3, no estaba prevista en los partes meteorol\u00f3gicos\u201d.<\/em><\/strong><\/p>\n\n\n\n<p>El comunicado destac\u00f3 posteriormente que,<strong><em> \u201cactualmente, la empresa se encuentra trabajando con su equipo de meteor\u00f3logos en un nuevo procedimiento que permita predecir con una mayor precisi\u00f3n este tipo de efectos clim\u00e1ticos\u201d.<\/em><\/strong><\/p>\n\n\n\n<p>Luego indic\u00f3 que, en total, fueron 20 las aeronaves afectadas con distintos grados de da\u00f1o, de las cuales 12 fueron liberadas casi de inmediato, una vez completadas las tareas de mantenimiento.<\/p>\n\n\n\n<p>La compa\u00f1\u00eda inform\u00f3 que <strong><em>\u201cse ha iniciado un proceso interno para determinar si hubo alguna omisi\u00f3n que pudiera haber sido la causa principal de los da\u00f1os sufridos en dos de los aviones de la flota, los cuales fueron desplazados por los fuertes vientos\u201d.<\/em><\/strong><\/p>\n\n\n\n<p>Finalmente, Aerol\u00edneas Argentinas reiter\u00f3<strong><em> \u201csu compromiso con la seguridad operacional, siendo este uno de sus valores fundamentales. No obstante, se tomar\u00e1n las acciones necesarias para determinar, si es que las hubiere, las responsabilidades en el caso de los dos aviones mencionados\u201d.<\/em><\/strong><\/p>\n\n\n\n<h2 class=\"wp-block-heading\">Crecen las cr\u00edticas contra Aerol\u00edneas Argentinas<\/h2>\n\n\n\n<p>Si bien el s\u00e1bado a la noche tambi\u00e9n hab\u00edan quedado estacionados en Aeroparque aviones de JetSmart y Flybondi, el temporal da\u00f1\u00f3 s\u00f3lo a aviones de Aerol\u00edneas.<\/p>\n\n\n\n<p>Los aviones de la l\u00ednea a\u00e9rea estatal son muchos m\u00e1s que los de Flybondi y JetSmart. La flota de Aerol\u00edneas es de 80 aviones, de los cuales varias decenas pernoctan cada noche en Aeroparque. Flybondi y JetSmart, entre las dos, no llegan a los 30 aviones. De modo que hab\u00eda mayor cantidad de aviones de Aerol\u00edneas expuestos a las r\u00e1fagas de 140 kil\u00f3metros por hora.<\/p>\n\n\n\n<p>Pero con el correr de los d\u00edas, aparecieron cr\u00edticas sobre la falta de precauciones o directamente la desidia a la hora de tomar las precauciones necesarias frente a un temporal, explic\u00f3 Clar\u00edn.<\/p>\n\n\n\n<p><strong><em>\u201cTodo lo que antes se hac\u00eda se dej\u00f3 de hacer. Los equipos de tierra como escalerillas tienen que tener un lugar de guardado, los aviones se calzan y se frenan con el \u201cParking Brake\u201d, un sistema equivalente al freno de mano en el auto. Pero todo eso hay que controlarlo cada seis u ocho horas, lo cual evidentemente no se hizo\u201d,<\/em><\/strong> dijo un expiloto de la empresa.<\/p>\n\n\n\n<p>Un antiguo empleado de mantenimiento, que se ocupaba de los aviones de Austral, cont\u00f3 c\u00f3mo operaban cuando se ven\u00eda una sudestada fuerte como la del domingo.<\/p>\n\n\n\n<p><strong><em>\u201cRecuerdo cuando nos avisaban en Austral que ven\u00eda tormenta, en aquella \u00e9poca la informaci\u00f3n nos llegaba a trav\u00e9s de las escalas o bien por el propio Servicio Meteorol\u00f3gico. Entonces coloc\u00e1bamos los aviones mirando al sudoeste para oponer menor resistencia al viento, con todas las ruedas calzadas con topes y sin ning\u00fan accesorio o escalera alrededor. Cuid\u00e1bamos los aviones. No hay manera de que la gente de Aerol\u00edneas no supiera que ven\u00eda la tormenta, se sab\u00eda dos o tres horas antes de la actividad que ven\u00eda de Bah\u00eda Blanca. Han dejado los aviones as\u00ed nom\u00e1s, con las escaleras sin guardar. Hubo aviones que se corrieron por el viento. Imaginate ahora lo que cuesta pagar todo eso\u201d,<\/em><\/strong> concluy\u00f3.<\/p>\n\n\n\n<p><strong><em>Con informaci\u00f3n de\u00a0Agencia T\u00e9lam &#8211; La Voz<\/em><\/strong><\/p>\n\n\n\n<p><a href=\"https:\/\/www.lavoz.com.ar\/sucesos\/tengo-miedo-uno-de-los-hashtags-mas-usados-en-redes-por-el-temporal\/\"><\/a><a href=\"https:\/\/www.lavoz.com.ar\/sucesos\/tengo-miedo-uno-de-los-hashtags-mas-usados-en-redes-por-el-temporal\/\"><\/a><\/p>\n","protected":false},"excerpt":{"rendered":"<p>Aerol\u00edneas Argentinas emiti\u00f3 un comunicado este martes para explicar la raz\u00f3n por la cual 20 aviones de la compa\u00f1\u00eda sufrieron da\u00f1os, algunos de magnitud, durante el\u00a0fuerte temporal que azot\u00f3 a la ciudad de Buenos Aires el fin de semana. Tras la\u00a0tr\u00e1gica jornada, que caus\u00f3 un total de 15 muertes en la provincia de Buenos Aires,\u00a0comenzaron [&hellip;]<\/p>\n","protected":false},"author":5,"featured_media":46821,"comment_status":"closed","ping_status":"closed","sticky":false,"template":"","format":"standard","meta":{"jnews-multi-image_gallery":[],"jnews_single_post":{"subtitle":"","format":"standard","video":"","gallery":"","source_name":"","source_url":"","via_name":"","via_url":"","override_template":"0","override":[{"template":"4","single_blog_custom":"","parallax":"1","fullscreen":"1","layout":"right-sidebar","sidebar":"default-sidebar","second_sidebar":"default-sidebar","sticky_sidebar":"1","share_position":"top","share_float_style":"share-monocrhome","show_share_counter":"1","show_view_counter":"1","show_featured":"1","show_post_meta":"1","show_post_author":"1","show_post_author_image":"1","show_post_date":"1","post_date_format":"default","post_date_format_custom":"Y\/m\/d","show_post_category":"1","show_post_reading_time":"1","post_reading_time_wpm":"300","show_zoom_button":"1","zoom_button_out_step":"2","zoom_button_in_step":"3","show_post_tag":"1","show_prev_next_post":"1","show_popup_post":"1","number_popup_post":"1","show_author_box":"1","show_post_related":"1","show_inline_post_related":"0"}],"override_image_size":"0","image_override":[{"single_post_thumbnail_size":"crop-500","single_post_gallery_size":"crop-500"}],"trending_post":"0","trending_post_position":"meta","trending_post_label":"Trending","sponsored_post":"0","sponsored_post_label":"Sponsored by","sponsored_post_name":"","sponsored_post_url":"","sponsored_post_logo_enable":"0","sponsored_post_logo":"","sponsored_post_desc":"","disable_ad":"0"},"jnews_primary_category":{"id":"","hide":""},"jnews_social_meta":{"fb_title":"","fb_description":"","fb_image":"","twitter_title":"","twitter_description":"","twitter_image":""},"jnews_review":[],"enable_review":"0","type":"percentage","name":"","summary":"","brand":"","sku":"","good":[{"good_text":""}],"bad":[{"bad_text":""}],"score_override":"","override_value":"","rating":[{"rating_text":"","rating_number":"10"}],"price":[{"shop":"","price":"","link":"","icon":""}],"jnews_override_counter":{"override_view_counter":"0","view_counter_number":"0","override_share_counter":"0","share_counter_number":"0","override_like_counter":"0","like_counter_number":"0","override_dislike_counter":"0","dislike_counter_number":"0"},"jnews_post_split":{"enable_post_split":"0","post_split":[{"template":"1","tag":"h2","numbering":"asc","mode":"normal","first":"0","enable_toc":"0","toc_type":"normal"}]},"footnotes":""},"categories":[43,58],"tags":[1447],"class_list":["post-46818","post","type-post","status-publish","format-standard","has-post-thumbnail","hentry","category-actualidad","category-argentina","tag-aerolineas-argentinas"],"amp_enabled":true,"_links":{"self":[{"href":"https:\/\/esreviral.com\/index.php?rest_route=\/wp\/v2\/posts\/46818"}],"collection":[{"href":"https:\/\/esreviral.com\/index.php?rest_route=\/wp\/v2\/posts"}],"about":[{"href":"https:\/\/esreviral.com\/index.php?rest_route=\/wp\/v2\/types\/post"}],"author":[{"embeddable":true,"href":"https:\/\/esreviral.com\/index.php?rest_route=\/wp\/v2\/users\/5"}],"replies":[{"embeddable":true,"href":"https:\/\/esreviral.com\/index.php?rest_route=%2Fwp%2Fv2%2Fcomments&post=46818"}],"version-history":[{"count":0,"href":"https:\/\/esreviral.com\/index.php?rest_route=\/wp\/v2\/posts\/46818\/revisions"}],"wp:featuredmedia":[{"embeddable":true,"href":"https:\/\/esreviral.com\/index.php?rest_route=\/wp\/v2\/media\/46821"}],"wp:attachment":[{"href":"https:\/\/esreviral.com\/index.php?rest_route=%2Fwp%2Fv2%2Fmedia&parent=46818"}],"wp:term":[{"taxonomy":"category","embeddable":true,"href":"https:\/\/esreviral.com\/index.php?rest_route=%2Fwp%2Fv2%2Fcategories&post=46818"},{"taxonomy":"post_tag","embeddable":true,"href":"https:\/\/esreviral.com\/index.php?rest_route=%2Fwp%2Fv2%2Ftags&post=46818"}],"curies":[{"name":"wp","href":"https:\/\/api.w.org\/{rel}","templated":true}]}}