{"id":46609,"date":"2023-12-14T16:37:41","date_gmt":"2023-12-14T21:37:41","guid":{"rendered":"https:\/\/esreviral.com\/?p=46609"},"modified":"2023-12-14T16:37:43","modified_gmt":"2023-12-14T21:37:43","slug":"se-acabaran-los-cierres-de-calle-en-argentina-por-el-nuevo-protocolo-del-gobierno","status":"publish","type":"post","link":"https:\/\/esreviral.com\/?p=46609","title":{"rendered":"Se acabar\u00e1n los cierres de calle en Argentina por el nuevo protocolo del Gobierno"},"content":{"rendered":"\n<p><strong><em>Telam.-<\/em><\/strong> La ministra de Seguridad, Patricia Bullrich,\u00a0<strong>advirti\u00f3 que \u00absi se toma la calle va a haber consecuencias\u00bb<\/strong>, al presentar<strong>\u00a0\u00abun protocolo para el mantenimiento del orden p\u00fablico\u00bb<\/strong>\u00a0que incluye la identificaci\u00f3n de quienes corten arterias, la aplicaci\u00f3n de las leyes que contemplan hasta penas de prisi\u00f3n y el cobro de los gastos que demande la intervenci\u00f3n de las fuerzas de seguridad a las organizaciones que violen la normativa.<\/p>\n\n\n\n<p>Bullrich anunci\u00f3 que&nbsp;<strong>\u00ablas cuatro fuerzas federales\u00bb podr\u00e1n intervenir \u00absi hay un delito flagrante\u00bb durante las manifestaciones en la v\u00eda p\u00fablica<\/strong>.<\/p>\n\n\n\n<p>\u00abLas cuatro fuerzas federales y el Servicio Penitenciario Federal van a intervenir frente a cortes, piquetes o bloqueos, sean parciales o totales. La ley no se cumple a medias, se cumple o no se cumple\u00bb, dijo Bullrich durante una presentaci\u00f3n ante la prensa en la sede de la cartera de Seguridad, en Gelly y Obes 2289, en el barrio porte\u00f1o de Recoleta.<\/p>\n\n\n\n<figure class=\"wp-block-image\"><a href=\"javascript:void(0);\"><img decoding=\"async\" src=\"https:\/\/www.telam.com.ar\/thumbs\/bluesteel\/advf\/imagenes\/2023\/12\/657b690946e0f_1200.jpg\" alt=\"Foto Eliana Obregn\"\/><\/a><figcaption class=\"wp-element-caption\">Foto: Eliana Obreg\u00f3n<\/figcaption><\/figure>\n\n\n\n<p>La funcionaria indic\u00f3 que<strong>&nbsp;\u00absi hay un delito flagrante\u00bb las fuerzas federales podr\u00e1n intervenir \u00abde manera inmediata\u00bb de acuerdo con \u00ablos c\u00f3digos procesales vigentes\u00bb y que utilizar\u00e1n \u00abla m\u00ednima fuerza necesaria y suficiente\u00bb<\/strong>, la cual ser\u00e1 \u00abgraduada en proporci\u00f3n a la resistencia\u00bb que se oponga.<\/p>\n\n\n\n<p>\u00abSer\u00e1n determinados los delitos hasta una nueva ley que se va a presentar a corto plazo de acuerdo al art\u00edculo 194 del C\u00f3digo Penal\u00bb, agreg\u00f3.<\/p>\n\n\n\n<p>Ese art\u00edculo establece que \u00abel que, sin crear una situaci\u00f3n de peligro com\u00fan, impidiere, estorbare o entorpeciere el normal funcionamiento de los transportes por tierra, agua o aire o los servicios p\u00fablicos de comunicaci\u00f3n, de provisi\u00f3n de agua, de electricidad o de sustancias energ\u00e9ticas, ser\u00e1 reprimido con prisi\u00f3n de tres meses a dos a\u00f1os\u00bb.<\/p>\n\n\n\n<p>Bullrich&nbsp;<strong>remarc\u00f3 que el Gobierno tiene \u00abuna decisi\u00f3n tomada\u00bb de que \u00abla forma de pedir o buscar un beneficio social\u00bb ya no es \u00abpor la v\u00eda del corte\u00bb<\/strong>.<\/p>\n\n\n\n<p>\u00abSepan que si se toma la calle va a haber consecuencias. Vamos a ordenar el pa\u00eds para que la gente pueda vivir en paz\u00bb, se\u00f1al\u00f3.<\/p>\n\n\n\n<p>En ese sentido, la ministra recalc\u00f3 que las fuerzas federales \u00abvan a actuar hasta que quede totalmente liberado el espacio de circulaci\u00f3n\u00bb y que \u00absi se corta la v\u00eda principal, se libera la v\u00eda principal\u00bb sin importar que exista \u00abuna v\u00eda alternativa\u00bb.<\/p>\n\n\n\n<figure class=\"wp-block-image\"><a href=\"javascript:void(0);\"><img decoding=\"async\" src=\"https:\/\/www.telam.com.ar\/thumbs\/bluesteel\/advf\/imagenes\/2023\/12\/657b690932b01_1200.jpg\" alt=\"Foto Eliana Obregn\"\/><\/a><figcaption class=\"wp-element-caption\">Foto: Eliana Obreg\u00f3n<\/figcaption><\/figure>\n\n\n\n<p>\u00abSer\u00e1n identificados los autores, c\u00f3mplices e instigadores de este tipo de delitos\u00bb, a\u00f1adi\u00f3, y resalt\u00f3 que \u00abse van a identificar a los conductores y a los veh\u00edculos utilizados\u00bb.<\/p>\n\n\n\n<p>La funcionaria agreg\u00f3 que \u00abse va a trabajar\u00bb en las estaciones de tren y ante aquellas personas que \u00abvayan con palos, caras tapadas o formas de participar de una manifestaci\u00f3n intentando no ser reconocidos por las fuerzas de seguridad\u00bb.<\/p>\n\n\n\n<blockquote class=\"wp-block-quote is-layout-flow wp-block-quote-is-layout-flow\">\n<p>\u00abSer\u00e1n determinados los delitos hasta una nueva ley que se va a presentar a corto plazo de acuerdo al art\u00edculo 194 del C\u00f3digo Penal\u00bbPatricia Bullrich<\/p>\n<\/blockquote>\n\n\n\n<p>\u00abEn el caos de participaci\u00f3n de ni\u00f1os y adolescentes se le va a dar aviso a la autoridad competente y se proceder\u00e1 a dar sanciones aquellos que lleven ni\u00f1os para que no est\u00e9n en las manifestaciones cuando tienen que estar en la escuela\u00bb, destac\u00f3.<\/p>\n\n\n\n<p>Tambi\u00e9n plante\u00f3 que \u00abse va a crear un registro de las organizaciones que participan\u00bb en cortes de la v\u00eda p\u00fablica, y remarc\u00f3 que \u00abenviar\u00e1 la factura\u00bb a las organizaciones o individuos responsables por todos \u00ablos costos vinculados a los operativos de seguridad\u00bb.<\/p>\n\n\n\n<p><strong>\u00abEl Estado no va a pagar por el uso de la fuerza de seguridad, tendr\u00e1n que pagar las organizaciones que tengan personer\u00eda o los individuos se deber\u00e1n hacer cargos del costo\u00bb<\/strong>, sostuvo.<\/p>\n\n\n\n<p>Al presentar el protocolo, Bullrich indic\u00f3 que&nbsp;<strong>\u00abhemos vivido muchos a\u00f1os bajo un desorden absoluto que ha hecho que la gente no ha podido llega a su trabajo y ha tenido problemas\u00bb y que el prop\u00f3sito de las nuevas normas es \u00abcumplir la ley\u00bb<\/strong>.<\/p>\n\n\n\n<p>\u00abToda persona que est\u00e9 en la vereda no va a tener ning\u00fan problema. Lo que no queremos es cortes de calles y de rutas\u00bb, afirm\u00f3.<\/p>\n\n\n\n<p>Este nuevo protocolo se conoce luego de que la conducci\u00f3n nacional de las organizaciones de izquierda nucleadas en la Unidad Piquetera (UP) confirmara esta semana que el pr\u00f3ximo mi\u00e9rcoles realizar\u00e1n un \u00abparo activo\u00bb en la Plaza de Mayo, como respuesta a \u00ablos anuncios\u00bb del ministro de Econom\u00eda, Nicol\u00e1s Caputo.<\/p>\n\n\n\n<p>La jornada de protesta coincidir\u00e1 con el 22 aniversario de las jornadas del 19 y 20 de diciembre del 2001 cuando el gobierno de Fernando de la R\u00faa reprimi\u00f3 una protesta social, que culmin\u00f3 con 38 muertos y finalmente la renuncia del exmandatario radical.<\/p>\n\n\n\n<p>\u00abSe decidi\u00f3 realizar un paro activo el 20 con otros sectores, gente del movimiento obrero, sindicatos docentes, de la Uni\u00f3n Ferroviaria, ante los anuncios de Caputo, que son un &#8216;Rodrigazo&#8217; brutal contra los trabajadores\u00bb, confirm\u00f3 el martes a T\u00e9lam el referente del Polo Obrero,&nbsp;<strong>Eduardo Belliboni<\/strong>.<\/p>\n\n\n\n<p>Durante su gesti\u00f3n en el gobierno de Mauricio Macri, Bullrich -en el mismo cargo, al frente de la cartera de Seguridad- tambi\u00e9n hab\u00eda lanzado en febrero de 2016 un protocolo \u00ab<strong>antipiquetes<\/strong>\u00bb para evitar los cortes de tr\u00e1nsito en la v\u00eda p\u00fablica.<\/p>\n\n\n\n<p>El llamado \u00abProtocolo de actuaci\u00f3n de las fuerzas de seguridad del Estado en manifestaciones p\u00fablicas\u00bb procuraba, entre otros objetivos, ordenar la circulaci\u00f3n ante cortes de calles y rutas llevados a cabo por manifestantes.<\/p>\n\n\n\n<p>En aquel momento, Bullrich hab\u00eda advertido que quienes protestaran tendr\u00edan \u00ab5 o 10 minutos\u00bb para desalojar los caminos, autopistas o rutas que cortaran antes de ser desalojados y, eventualmente, detenidos. \u00abSi no se van, los sacamos\u00bb, expres\u00f3 en declaraciones period\u00edsticas.<\/p>\n\n\n\n<figure class=\"wp-block-image\"><a href=\"javascript:void(0);\"><img decoding=\"async\" src=\"https:\/\/www.telam.com.ar\/thumbs\/bluesteel\/advf\/imagenes\/2023\/08\/64d25c7990182_1200.jpg\" alt=\"La medida prev severas multas Foto Leo Vaca \"\/><\/a><figcaption class=\"wp-element-caption\">La medida prev\u00e9 severas multas \/ Foto: Leo Vaca.<\/figcaption><\/figure>\n\n\n\n<p>El&nbsp;<strong>Centro de Estudios Legales y Sociales (CELS)<\/strong>, por ejemplo, mencion\u00f3 en esa oportunidad que el Protocolo limitaba \u00abde manera inconstitucional el derecho a la protesta\u00bb, a la vez ampliaba \u00ablas facultades policiales para reprimir y criminalizar la protesta social\u00bb en la Argentina al colocar el \u00aborden p\u00fablico por encima de todo\u00bb.<\/p>\n\n\n\n<p>El CELS tambi\u00e9n evalu\u00f3 que se trataba de una medida incompatible con la Constituci\u00f3n Nacional y los tratados internacionales sobre derechos humanos.<\/p>\n\n\n\n<p>El Protocolo hab\u00eda sido puesto en conocimiento de los representantes de las provincias agrupados en el Consejo de Seguridad Interior nacional, pero no se tradujo en una resoluci\u00f3n o disposici\u00f3n oficial que se publicara en el Bolet\u00edn Oficial.<\/p>\n\n\n\n<p>La decisi\u00f3n comunicada en su momento por Bullrich tambi\u00e9n regulaba el trabajo period\u00edstico, porque establec\u00eda que la polic\u00eda iba a indicar a los trabajadores de prensa d\u00f3nde pod\u00edan ubicarse de modo que \u201cno interfieran con el procedimiento de seguridad. De ese modo, incid\u00eda en forma negativa sobre la libertad de expresi\u00f3n\u00bb, resalt\u00f3 el CELS en 2016.<\/p>\n\n\n\n<figure class=\"wp-block-table\"><table><tbody><tr><td><\/td><\/tr><\/tbody><\/table><\/figure>\n","protected":false},"excerpt":{"rendered":"<p>Telam.- La ministra de Seguridad, Patricia Bullrich,\u00a0advirti\u00f3 que \u00absi se toma la calle va a haber consecuencias\u00bb, al presentar\u00a0\u00abun protocolo para el mantenimiento del orden p\u00fablico\u00bb\u00a0que incluye la identificaci\u00f3n de quienes corten arterias, la aplicaci\u00f3n de las leyes que contemplan hasta penas de prisi\u00f3n y el cobro de los gastos que demande la intervenci\u00f3n de [&hellip;]<\/p>\n","protected":false},"author":2,"featured_media":46610,"comment_status":"open","ping_status":"closed","sticky":false,"template":"","format":"standard","meta":{"jnews-multi-image_gallery":[],"jnews_single_post":{"subtitle":"","format":"standard","video":"","gallery":"","source_name":"","source_url":"","via_name":"","via_url":"","override_template":"0","override":[{"template":"4","single_blog_custom":"","parallax":"1","fullscreen":"1","layout":"right-sidebar","sidebar":"default-sidebar","second_sidebar":"default-sidebar","sticky_sidebar":"1","share_position":"top","share_float_style":"share-monocrhome","show_share_counter":"1","show_view_counter":"1","show_featured":"1","show_post_meta":"1","show_post_author":"1","show_post_author_image":"1","show_post_date":"1","post_date_format":"default","post_date_format_custom":"Y\/m\/d","show_post_category":"1","show_post_reading_time":"1","post_reading_time_wpm":"300","show_zoom_button":"1","zoom_button_out_step":"2","zoom_button_in_step":"3","show_post_tag":"1","show_prev_next_post":"1","show_popup_post":"1","number_popup_post":"1","show_author_box":"1","show_post_related":"1","show_inline_post_related":"0"}],"override_image_size":"0","image_override":[{"single_post_thumbnail_size":"crop-500","single_post_gallery_size":"crop-500"}],"trending_post":"0","trending_post_position":"meta","trending_post_label":"Trending","sponsored_post":"0","sponsored_post_label":"Sponsored by","sponsored_post_name":"","sponsored_post_url":"","sponsored_post_logo_enable":"0","sponsored_post_logo":"","sponsored_post_desc":"","disable_ad":"0"},"jnews_primary_category":{"id":"","hide":""},"jnews_social_meta":{"fb_title":"","fb_description":"","fb_image":"","twitter_title":"","twitter_description":"","twitter_image":""},"jnews_review":[],"enable_review":"0","type":"percentage","name":"","summary":"","brand":"","sku":"","good":[{"good_text":""}],"bad":[{"bad_text":""}],"score_override":"","override_value":"","rating":[{"rating_text":"","rating_number":"10"}],"price":[{"shop":"","price":"","link":"","icon":""}],"jnews_override_counter":{"override_view_counter":"0","view_counter_number":"0","override_share_counter":"0","share_counter_number":"0","override_like_counter":"0","like_counter_number":"0","override_dislike_counter":"0","dislike_counter_number":"0"},"jnews_post_split":{"enable_post_split":"0","post_split":[{"template":"1","tag":"h2","numbering":"asc","mode":"normal","first":"0","enable_toc":"0","toc_type":"normal"}]},"footnotes":""},"categories":[58],"tags":[44,45,5499,391,7023],"class_list":["post-46609","post","type-post","status-publish","format-standard","has-post-thumbnail","hentry","category-argentina","tag-argentina","tag-noticias","tag-operativo-de-seguridad","tag-patricia-bullrich","tag-piquetes"],"_links":{"self":[{"href":"https:\/\/esreviral.com\/index.php?rest_route=\/wp\/v2\/posts\/46609","targetHints":{"allow":["GET"]}}],"collection":[{"href":"https:\/\/esreviral.com\/index.php?rest_route=\/wp\/v2\/posts"}],"about":[{"href":"https:\/\/esreviral.com\/index.php?rest_route=\/wp\/v2\/types\/post"}],"author":[{"embeddable":true,"href":"https:\/\/esreviral.com\/index.php?rest_route=\/wp\/v2\/users\/2"}],"replies":[{"embeddable":true,"href":"https:\/\/esreviral.com\/index.php?rest_route=%2Fwp%2Fv2%2Fcomments&post=46609"}],"version-history":[{"count":0,"href":"https:\/\/esreviral.com\/index.php?rest_route=\/wp\/v2\/posts\/46609\/revisions"}],"wp:featuredmedia":[{"embeddable":true,"href":"https:\/\/esreviral.com\/index.php?rest_route=\/wp\/v2\/media\/46610"}],"wp:attachment":[{"href":"https:\/\/esreviral.com\/index.php?rest_route=%2Fwp%2Fv2%2Fmedia&parent=46609"}],"wp:term":[{"taxonomy":"category","embeddable":true,"href":"https:\/\/esreviral.com\/index.php?rest_route=%2Fwp%2Fv2%2Fcategories&post=46609"},{"taxonomy":"post_tag","embeddable":true,"href":"https:\/\/esreviral.com\/index.php?rest_route=%2Fwp%2Fv2%2Ftags&post=46609"}],"curies":[{"name":"wp","href":"https:\/\/api.w.org\/{rel}","templated":true}]}}