{"id":4660,"date":"2021-03-04T20:28:59","date_gmt":"2021-03-04T23:28:59","guid":{"rendered":"http:\/\/esreviral.com\/?p=4660"},"modified":"2021-03-04T20:28:59","modified_gmt":"2021-03-04T23:28:59","slug":"cristina-kirchner-la-causa-dolar-futuro-se-manipulo-al-calor-del-proceso-electoral-de-2015","status":"publish","type":"post","link":"https:\/\/esreviral.com\/?p=4660","title":{"rendered":"Cristina Kirchner: \u00abLa causa d\u00f3lar futuro se manipul\u00f3 al calor del proceso electoral\u00bb de 2015"},"content":{"rendered":"\n<figure class=\"wp-block-embed-youtube wp-block-embed is-type-video is-provider-youtube wp-embed-aspect-16-9 wp-has-aspect-ratio\"><div class=\"wp-block-embed__wrapper\">\n<div class=\"jeg_video_container jeg_video_content\"><iframe title=\"En su exposici\u00f3n, Cristina aludi\u00f3 a un sistema \u201cpodrido y perverso\u201d y culp\u00f3 al Poder Judicial\" width=\"500\" height=\"281\" src=\"https:\/\/www.youtube.com\/embed\/osl102XkCe8?feature=oembed\" frameborder=\"0\" allow=\"accelerometer; autoplay; clipboard-write; encrypted-media; gyroscope; picture-in-picture; web-share\" referrerpolicy=\"strict-origin-when-cross-origin\" allowfullscreen><\/iframe><\/div>\n<\/div><\/figure>\n\n\n\n<p>La vicepresidenta Cristina Fern\u00e1ndez de Kirchner asegur\u00f3 que la causa conocida como d\u00f3lar futuro se \u00abmanipul\u00f3 al calor del proceso electoral\u00bb de 2015 y que<strong>\u00a0con la operatoria de ese tipo de contratos no se le gener\u00f3 ning\u00fan perjuicio al Estad<\/strong>o, por lo que exhort\u00f3 a los jueces que deben decidir si se hace el juicio oral o no a que \u00abapliquen la ley\u00bb.<\/p>\n\n\n\n<p>La exmandataria&nbsp;<strong>expuso durante cerca de 50 minutos ante la sala I de la C\u00e1mara Federal de Casaci\u00f3n Penal<\/strong>, en los que repas\u00f3 algunos hitos del expediente judicial, cuestion\u00f3 el papel del fallecido juez Claudio Bonadio y, en un mensaje directo a los jueces que la escuchaban, concluy\u00f3: \u00abYo no les voy a pedir mi sobreseimiento, les voy a pedir que apliquen la Constituci\u00f3n. Est\u00e1 todo escrito, tienen que aplicar la ley\u00bb.<\/p>\n\n\n\n<p>\u00abYo no les voy a pedir mi sobreseimiento, les voy a pedir que apliquen la Constituci\u00f3n. Est\u00e1 todo escrito, tienen que aplicar la ley\u00bbCRISTINA FERN\u00c1NDEZ DE KIRCHNER<br>Pasadas las 10.30 horas, la titular del Senado dio inicio a una exposici\u00f3n que tendi\u00f3, entre otras cosas, a mostrar que la causa por supuestas irregularidades en la compraventa de d\u00f3lar futuro al final de su mandato fue en realidad un armado electoral para allanar la llegada de Mauricio Macri al poder:&nbsp;<strong>\u00abUstedes, el Poder Judicial, contribuyeron a que ese Gobierno ganara las elecciones\u00bb<\/strong>, afirm\u00f3.<\/p>\n\n\n\n<p>Desde su oficina en el Senado, y a trav\u00e9s de la plataforma virtual Zoom, detall\u00f3 que<strong>&nbsp;la denuncia que dio origen a la causa fue presentada por los jefes de bloques legislativos de Cambiemos<\/strong>, Federico Pinedo (PRO) y Mario Negri (UCR), entre la primera vuelta electoral y el balotaje en el que la poblaci\u00f3n tuvo que decidir entre Macri y el exgobernador bonaerense Daniel Scioli.<\/p>\n\n\n\n<p>\u00abEl 17 de noviembre de 2015, a las 12, en plena rueda cambiaria, Bonadio irrumpe con un allanamiento en el Banco Central. \u00bfCu\u00e1l era el objetivo? Provocar una corrida, una devaluaci\u00f3n, un desastre para todos\u00bb, continu\u00f3 la expresidenta, para luego hacer hincapi\u00e9 en que eso ocurri\u00f3 cinco d\u00edas antes de la segunda vuelta electoral.<\/p>\n\n\n\n<p>https:\/\/www.youtube.com\/embed\/8lEVftZ5h_I?wmode=transparent&amp;showinfo=0&amp;autohide=1&amp;rel=0Cristina dijo que hubo \u201cintromisi\u00f3n y manipulaci\u00f3n\u201d en procesos electorales por parte de la Justicia<br>Fern\u00e1ndez de Kirchner dedic\u00f3 otra parte de su exposici\u00f3n a se\u00f1alar que no hubo entre los suscriptores de contratos de d\u00f3lar futuro \u00abning\u00fan amigo\u00bb de su Gobierno, sino que los que se beneficiaron con esos contratos y con la posterior devaluaci\u00f3n provocada por la gesti\u00f3n de Macri fueron amigos del exmandatario y exfuncionarios, como Mario Quintana, exvicejefe de Gabinete de Marcos Pe\u00f1a.<\/p>\n\n\n\n<p>\u00abCuando llegaron al Gobierno pactaron la tasa de inter\u00e9s que iban a pagarse a s\u00ed mismos cuando devaluaran, sabiendo que iban a devaluar. (&#8230;) Llegaron al Gobierno, devaluaron, usufructuaron la devaluaci\u00f3n en los contratos de d\u00f3lar futuro y los que estamos acusados somos nosotros, que desendeudamos el pa\u00eds y pagamos la deuda al FMI\u00bb, enfatiz\u00f3.<\/p>\n\n\n\n<p>\u00abLlegaron al Gobierno, devaluaron, usufructuaron la devaluaci\u00f3n en los contratos de d\u00f3lar futuro y los que estamos acusados somos nosotros, que desendeudamos el pa\u00eds y pagamos la deuda al FMI\u00bbCRISTINA FERN\u00c1NDEZ DE KIRCHNER<br>La vicepresidenta, como los dem\u00e1s imputados que expusieron despu\u00e9s, invoc\u00f3 durante su intervenci\u00f3n el peritaje que orden\u00f3 el Tribunal Oral Federal (TOF) 1 y que el juez Bonadio se hab\u00eda negado a hacer durante la causa, en el cual los peritos Carlos Campod\u00f3nico, Alejandro Del Acebo y Stella Maris Casta\u00f1o constataron que en aquella operatoria no hab\u00eda existido un perjuicio para el Estado nacional.<\/p>\n\n\n\n<p>\u00abEst\u00e1 comprobado que no hubo perjuicio. Hubo ganancias en el balance del BCRA\u00bb, sostuvo la exmandataria y luego se\u00f1al\u00f3 que los indicadores econ\u00f3micos y el valor del d\u00f3lar se fueron \u00abal demonio\u00bb con la gesti\u00f3n de Alfonso Prat Gay en Hacienda (Cambiemos).<\/p>\n\n\n\n<p>https:\/\/www.youtube.com\/embed\/XowSprcbM58?wmode=transparent&amp;showinfo=0&amp;autohide=1&amp;rel=0D\u00f3lar futuro: Cristina habl\u00f3 de \u201clawfare\u201d en \u201cpleno apogeo\u201d<br>\u00abUstedes tambi\u00e9n son los responsables, el Poder Judicial. No miren para otro lado, porque ustedes son responsables. Hoy Prat Gay da clases en Columbia y el que nos endeud\u00f3 (Macri) va a ver partidos de f\u00fatbol en Qatar. Y Axel Kicillof y yo estamos aqu\u00ed\u00bb, sostuvo mientras le hablaba, particularmente, a los jueces Daniel Petrone y Diego Barroetave\u00f1a, a los que dijo no conocerles la cara.<\/p>\n\n\n\n<p>Sobre \u00abdar la cara\u00bb, de hecho, vers\u00f3 la primera parte de la exposici\u00f3n de la vicepresidenta, que, no obstante, agradeci\u00f3 la oportunidad de que la audiencia fuera trasmitida y de acceso p\u00fablico, pero lament\u00f3 que no la hubieran habilitado a presentarse en persona ante el tribunal.<\/p>\n\n\n\n<p>https:\/\/www.youtube.com\/embed\/2Hjwlupalc0?wmode=transparent&amp;showinfo=0&amp;autohide=1&amp;rel=0Para Cristina, el Poder Judicial \u201ces responsable de lo que pas\u00f3\u201d con el gobierno de Mauricio Macri<\/p>\n\n\n\n<p>https:\/\/www.youtube.com\/embed\/eVdXLTqYCUE?wmode=transparent&amp;showinfo=0&amp;autohide=1&amp;rel=0Cristina Kirchner denunci\u00f3 que Stornelli \u00abamenaz\u00f3 al Presidente\u00bb por televisi\u00f3n<\/p>\n\n\n\n<p>Los dem\u00e1s imputados y el fiscal<br>Despu\u00e9s de la primera y m\u00e1s acalorada exposici\u00f3n, lleg\u00f3 el turno de los dem\u00e1s imputados y finalmente del fiscal Ra\u00fal Plee, el \u00fanico que se opuso a la cancelaci\u00f3n del juicio. Intervinieron, en este orden, Kicillof; el expresidente del Banco Central Alejandro Vanoli; el actual, Miguel Pesce, que era vicepresidente de esa instituci\u00f3n cuando se produjeron los hechos ahora investigados, y las defensas de otros directivos de la instituci\u00f3n bancaria.<\/p>\n\n\n\n<p><strong><a href=\"https:\/\/www.telam.com.ar\/notas\/202103\/546369-kicillof-dolar-futuro-infamia-absoluta.html\" target=\"_blank\" rel=\"noreferrer noopener\">El gobernador bonaerense afirm\u00f3 que la causa fue una \u00abinfamia absoluta\u00bb usada para \u00abganar elecciones\u00bb y pidi\u00f3 a la C\u00e1mara Federal de Casaci\u00f3n \u00abterminar con esta farsa\u00bb.<\/a><\/strong><\/p>\n\n\n\n<p>\u00abEsta causa se us\u00f3 para un negociado\u00bb de quienes fueron funcionarios del Gobierno de Macri, agreg\u00f3 el mandatario provincial, al declarar desde su despacho en la Casa de Gobierno de La Plata, donde asegur\u00f3 que \u00abnunca hubo delito\u00bb.<\/p>\n\n\n\n<p><img decoding=\"async\" src=\"https:\/\/www.telam.com.ar\/advf\/imagenes\/2021\/03\/604124b155b38_1004x564.jpg\" alt=\"El gobernador bonaerense afirm\u00f3 que la causa fue una &quot;infamia absoluta&quot;.\">El gobernador bonaerense afirm\u00f3 que la causa fue una \u00abinfamia absoluta\u00bb.<br>A su turno,&nbsp;<strong><a href=\"https:\/\/www.telam.com.ar\/notas\/202103\/546393-causa-dolar-futuro-declaraciones-miguel-angel-pesce-y-alejandro-vanoli.html\" target=\"_blank\" rel=\"noreferrer noopener\">Vanoli despleg\u00f3 una exposici\u00f3n m\u00e1s t\u00e9cnica que apoy\u00f3 en filminas<\/a><\/strong>, lament\u00f3 que por este expediente tiene sus bienes embargados y reclam\u00f3 su sobreseimiento: \u00abNo tengan miedo, hagan justicia\u00bb, les dijo a los jueces.<\/p>\n\n\n\n<p>A su turno, Pesce sostuvo que la audiencia de hoy no hubiera sido necesaria \u00absi durante la tramitaci\u00f3n de la causa se hubiese realizado la pericia fundamental\u00bb.<\/p>\n\n\n\n<p>\u00abNo hubo delito, \u00bfpor qu\u00e9 seguir con este juicio? Si no tuviera la trascendencia p\u00fablica que tiene este debate, no estar\u00edamos ac\u00e1. Se\u00f1ores jueces, se\u00f1ora jueza, tienen la posibilidad de poner fin a esta aventura judicial. La prueba b\u00e1sica para estos casos es la pericia t\u00e9cnica\u00bb, les dijo el presidente del BCRA a los magistrados.<\/p>\n\n\n\n<p>En direcci\u00f3n contraria a todas las exposiciones,&nbsp;<a href=\"https:\/\/www.telam.com.ar\/notas\/202103\/546395-dolar-futuro-fiscal-plee-juicio.html\" target=\"_blank\" rel=\"noreferrer noopener\"><strong>el fiscal Plee reclam\u00f3 que se lleve adelante el juicio oral y p\u00fablico<\/strong><\/a>&nbsp;tras considerar que la pericia t\u00e9cnica que determin\u00f3 que con aquella operatoria no se afectaron las arcas del Estado no es una \u00abprueba exclusiva ni excluyente\u00bb.<\/p>\n\n\n\n<p><img decoding=\"async\" src=\"https:\/\/www.telam.com.ar\/advf\/imagenes\/editadas\/6041231309166_1004x564.jpg\" alt=\"El fiscal Plee reclam\u00f3 que se lleve adelante el juicio oral y p\u00fablico.\">El fiscal Plee reclam\u00f3 que se lleve adelante el juicio oral y p\u00fablico.<br>La transmisi\u00f3n de la audiencia a trav\u00e9s de YouTube lleg\u00f3 a tener 20 mil espectadores: deber\u00e1n esperar ahora un plazo de hasta 20 d\u00edas para saber qu\u00e9 es lo que decide el tribunal.<\/p>\n\n\n\n<p class=\"has-text-align-right\"><strong><em>Agencia Telam.-<\/em><\/strong><\/p>\n","protected":false},"excerpt":{"rendered":"<p>La causa fue \u00abno solamente &#8216;lawfare&#8217; sino tambi\u00e9n intromisi\u00f3n y manipulaci\u00f3n de procesos electorales y pol\u00edtica en general\u00bb por parte de miembros del Poder Judicial, cuestion\u00f3 la vicepresidenta al criticar con dureza al fallecido juez del caso Claudio Bonadio<\/p>\n","protected":false},"author":2,"featured_media":4566,"comment_status":"open","ping_status":"open","sticky":false,"template":"","format":"standard","meta":{"jnews-multi-image_gallery":[],"jnews_single_post":[],"jnews_primary_category":[],"jnews_social_meta":[],"jnews_review":[],"enable_review":"","type":"","name":"","summary":"","brand":"","sku":"","good":[],"bad":[],"score_override":"","override_value":"","rating":[],"price":[],"jnews_override_counter":[],"jnews_post_split":[],"footnotes":""},"categories":[58,59],"tags":[155],"class_list":["post-4660","post","type-post","status-publish","format-standard","has-post-thumbnail","hentry","category-argentina","category-politica","tag-cristina-fernandez-de-kirchner"],"_links":{"self":[{"href":"https:\/\/esreviral.com\/index.php?rest_route=\/wp\/v2\/posts\/4660","targetHints":{"allow":["GET"]}}],"collection":[{"href":"https:\/\/esreviral.com\/index.php?rest_route=\/wp\/v2\/posts"}],"about":[{"href":"https:\/\/esreviral.com\/index.php?rest_route=\/wp\/v2\/types\/post"}],"author":[{"embeddable":true,"href":"https:\/\/esreviral.com\/index.php?rest_route=\/wp\/v2\/users\/2"}],"replies":[{"embeddable":true,"href":"https:\/\/esreviral.com\/index.php?rest_route=%2Fwp%2Fv2%2Fcomments&post=4660"}],"version-history":[{"count":0,"href":"https:\/\/esreviral.com\/index.php?rest_route=\/wp\/v2\/posts\/4660\/revisions"}],"wp:featuredmedia":[{"embeddable":true,"href":"https:\/\/esreviral.com\/index.php?rest_route=\/"}],"wp:attachment":[{"href":"https:\/\/esreviral.com\/index.php?rest_route=%2Fwp%2Fv2%2Fmedia&parent=4660"}],"wp:term":[{"taxonomy":"category","embeddable":true,"href":"https:\/\/esreviral.com\/index.php?rest_route=%2Fwp%2Fv2%2Fcategories&post=4660"},{"taxonomy":"post_tag","embeddable":true,"href":"https:\/\/esreviral.com\/index.php?rest_route=%2Fwp%2Fv2%2Ftags&post=4660"}],"curies":[{"name":"wp","href":"https:\/\/api.w.org\/{rel}","templated":true}]}}