{"id":46404,"date":"2023-12-11T14:32:00","date_gmt":"2023-12-11T19:32:00","guid":{"rendered":"https:\/\/esreviral.com\/?p=46404"},"modified":"2023-12-11T14:33:40","modified_gmt":"2023-12-11T19:33:40","slug":"milei-ordeno-una-revision-de-las-contrataciones-y-exigira-presencialidad-plena-a-los-empleados-publicos","status":"publish","type":"post","link":"https:\/\/esreviral.com\/?p=46404","title":{"rendered":"Milei orden\u00f3 una revisi\u00f3n de las contrataciones y exigir\u00e1 presencialidad plena a los empleados p\u00fablicos"},"content":{"rendered":"\n<p>El presidente Javier Milei encabez\u00f3 este lunes su primera reuni\u00f3n con el Gabinete nacional para trabajar con su equipo en el&nbsp;<strong>\u00abreordenamiento del Estado\u00bb<\/strong>, al tiempo que se inform\u00f3 que el martes se dar\u00e1n a conocer las primeras medidas econ\u00f3micas y sociales de la gesti\u00f3n.<\/p>\n\n\n\n<p>A primera hora se hab\u00eda hecho oficial\u00a0la publicaci\u00f3n de 12 decretos comunes y uno de necesidad y urgencia (DNU)\u00a0-el m\u00e1s importante de ellos el que articula las competencia de los ministerios nacionales- y, adem\u00e1s de la reuni\u00f3n de Gabinete, el portavoz Manuel Adorni realiz\u00f3 una conferencia de prensa y una declaraci\u00f3n a los medios para informar sobre lo acontecido.<\/p>\n\n\n\n<p><strong><a href=\"https:\/\/chat.whatsapp.com\/KWkTmakY3I05kNdd2oZl6d\">\u00daNETE A NUESTRO GRUPO DE WHATSAPP<\/a><\/strong><\/p>\n\n\n\n<p>El encuentro del equipo de Gobierno<strong>&nbsp;se extendi\u00f3 m\u00e1s de una hora y media<\/strong>, se realiz\u00f3 en el Sal\u00f3n Eva Per\u00f3n de la Casa Rosada y, adem\u00e1s del Jefe de Estado, participaron el jefe de Gabinete, Nicol\u00e1s Posse; los ministros y los secretarios que dependen directamente del mandatario.<\/p>\n\n\n\n<p>En conferencia de prensa a primera hora en la Casa Rosada, el vocero, manuel Adorni, acompa\u00f1ado por el subsecretario de Comunicaci\u00f3n, Eduardo Roust, el funcionario defini\u00f3 \u201ccomo pilares principales del nuevo contrato social\u201d al \u201crespeto por la ley, las libertades individuales, la propiedad privada, y todo englobado en el respeto irrestricto por el proyecto del pr\u00f3jimo\u201d.<\/p>\n\n\n\n<p>Adem\u00e1s confirm\u00f3 que har\u00e1 una revisi\u00f3n de los contratos de los trabajadores de la administraci\u00f3n p\u00fablica para determinar si hay irregularidades, adem\u00e1s de que llamaron al trabajo presencial en 100%. <\/p>\n\n\n\n<figure class=\"wp-block-image size-large\"><img decoding=\"async\" src=\"https:\/\/resizer.glanacion.com\/resizer\/v2\/primera-reunion-de-gabinete-de-javier-LYE2RC3KRNECXGLKJ5MRLTE2GQ.jpeg?auth=ad197f53326bf7f2cc41bbb55eef6955b3b17720dc0e592efd8817fff0048ead&amp;width=780&amp;height=522&amp;quality=70&amp;smart=true\" alt=\"\"\/><\/figure>\n\n\n\n<p>Explic\u00f3 que el objetivo del nuevo gobierno es \u201cterminar con esta Argentina de decadencia, terminar con esta Argentina con <strong>45 % de pobres, terminar con esta Argentina con una inflaci\u00f3n que nos acompa\u00f1a ya en esta \u00faltima etapa desde hace 21 a\u00f1os, <\/strong>pero que es un problema que los argentinos tenemos, o que en realidad la pol\u00edtica ha generado en la Argentina. Ha llegado el momento de salir\u201d.<\/p>\n\n\n\n<p>\u201cEl principio de soluci\u00f3n a los problemas de la Argentina tiene un enfoque econ\u00f3mico y claramente la batalla va a estar dada en t\u00e9rminos de crecimiento de la econom\u00eda, pero resolviendo problemas muy estructurales que tiene el Estado argentino en cuanto a pol\u00edtica fiscal\u201d, expuso.<\/p>\n\n\n\n<p>Por otro lado, al ser consultado sobre las modificaciones en el n\u00famero de ministerios del Gobierno nacional y su impacto en el empleo estatal, Manuel Adorni llam\u00f3 a poner en valor al empleado p\u00fablico. \u201cLa gran mayor\u00eda de la gente que trabaja en el Estado es v\u00e1lida, es necesaria, muchas veces ha sido dejada de lado. Lo que no estamos de acuerdo y vamos a combatir es lo que se denomina el empleo militante, el empleado que est\u00e1 por una cuesti\u00f3n pol\u00edtica y no aporta nada. Y no s\u00f3lo no aporta sino que quita porque le quit\u00f3 productividad, salario y funciones al empleado que quiere trabajar, que dar\u00eda su vida por el Estado y que defiende a la Argentina\u201d.<\/p>\n\n\n\n<p>Durante su exposici\u00f3n, el vocero presidencial inform\u00f3 que realizar\u00e1 inicialmente conferencias diarias, a las 9 de ma\u00f1ana. <strong>\u201cEl respeto por el periodismo, el respeto por cada uno de ustedes y el respeto por la libre opini\u00f3n son innegociables\u201d, <\/strong>enfatiz\u00f3.<\/p>\n","protected":false},"excerpt":{"rendered":"<p>El presidente Javier Milei encabez\u00f3 este lunes su primera reuni\u00f3n con el Gabinete nacional para trabajar con su equipo en el&nbsp;\u00abreordenamiento del Estado\u00bb, al tiempo que se inform\u00f3 que el martes se dar\u00e1n a conocer las primeras medidas econ\u00f3micas y sociales de la gesti\u00f3n. A primera hora se hab\u00eda hecho oficial\u00a0la publicaci\u00f3n de 12 decretos [&hellip;]<\/p>\n","protected":false},"author":2,"featured_media":46405,"comment_status":"open","ping_status":"closed","sticky":false,"template":"","format":"standard","meta":{"jnews-multi-image_gallery":[],"jnews_single_post":{"subtitle":"","format":"standard","video":"","gallery":"","source_name":"","source_url":"","via_name":"","via_url":"","override_template":"0","override":[{"template":"4","single_blog_custom":"","parallax":"1","fullscreen":"1","layout":"right-sidebar","sidebar":"default-sidebar","second_sidebar":"default-sidebar","sticky_sidebar":"1","share_position":"top","share_float_style":"share-monocrhome","show_share_counter":"1","show_view_counter":"1","show_featured":"1","show_post_meta":"1","show_post_author":"1","show_post_author_image":"1","show_post_date":"1","post_date_format":"default","post_date_format_custom":"Y\/m\/d","show_post_category":"1","show_post_reading_time":"1","post_reading_time_wpm":"300","show_zoom_button":"1","zoom_button_out_step":"2","zoom_button_in_step":"3","show_post_tag":"1","show_prev_next_post":"1","show_popup_post":"1","number_popup_post":"1","show_author_box":"1","show_post_related":"1","show_inline_post_related":"0"}],"override_image_size":"0","image_override":[{"single_post_thumbnail_size":"crop-500","single_post_gallery_size":"crop-500"}],"trending_post":"0","trending_post_position":"meta","trending_post_label":"Trending","sponsored_post":"0","sponsored_post_label":"Sponsored by","sponsored_post_name":"","sponsored_post_url":"","sponsored_post_logo_enable":"0","sponsored_post_logo":"","sponsored_post_desc":"","disable_ad":"0"},"jnews_primary_category":{"id":"","hide":""},"jnews_social_meta":{"fb_title":"","fb_description":"","fb_image":"","twitter_title":"","twitter_description":"","twitter_image":""},"jnews_review":[],"enable_review":"0","type":"percentage","name":"","summary":"","brand":"","sku":"","good":[{"good_text":""}],"bad":[{"bad_text":""}],"score_override":"","override_value":"","rating":[{"rating_text":"","rating_number":"10"}],"price":[{"shop":"","price":"","link":"","icon":""}],"jnews_override_counter":{"override_view_counter":"0","view_counter_number":"0","override_share_counter":"0","share_counter_number":"0","override_like_counter":"0","like_counter_number":"0","override_dislike_counter":"0","dislike_counter_number":"0"},"jnews_post_split":{"enable_post_split":"0","post_split":[{"template":"1","tag":"h2","numbering":"asc","mode":"normal","first":"0","enable_toc":"0","toc_type":"normal"}]},"footnotes":""},"categories":[58],"tags":[44,1158,12936,1251,45],"class_list":["post-46404","post","type-post","status-publish","format-standard","has-post-thumbnail","hentry","category-argentina","tag-argentina","tag-javier-milei","tag-manuel-adorni","tag-milei","tag-noticias"],"amp_enabled":true,"_links":{"self":[{"href":"https:\/\/esreviral.com\/index.php?rest_route=\/wp\/v2\/posts\/46404"}],"collection":[{"href":"https:\/\/esreviral.com\/index.php?rest_route=\/wp\/v2\/posts"}],"about":[{"href":"https:\/\/esreviral.com\/index.php?rest_route=\/wp\/v2\/types\/post"}],"author":[{"embeddable":true,"href":"https:\/\/esreviral.com\/index.php?rest_route=\/wp\/v2\/users\/2"}],"replies":[{"embeddable":true,"href":"https:\/\/esreviral.com\/index.php?rest_route=%2Fwp%2Fv2%2Fcomments&post=46404"}],"version-history":[{"count":0,"href":"https:\/\/esreviral.com\/index.php?rest_route=\/wp\/v2\/posts\/46404\/revisions"}],"wp:featuredmedia":[{"embeddable":true,"href":"https:\/\/esreviral.com\/index.php?rest_route=\/wp\/v2\/media\/46405"}],"wp:attachment":[{"href":"https:\/\/esreviral.com\/index.php?rest_route=%2Fwp%2Fv2%2Fmedia&parent=46404"}],"wp:term":[{"taxonomy":"category","embeddable":true,"href":"https:\/\/esreviral.com\/index.php?rest_route=%2Fwp%2Fv2%2Fcategories&post=46404"},{"taxonomy":"post_tag","embeddable":true,"href":"https:\/\/esreviral.com\/index.php?rest_route=%2Fwp%2Fv2%2Ftags&post=46404"}],"curies":[{"name":"wp","href":"https:\/\/api.w.org\/{rel}","templated":true}]}}