{"id":46337,"date":"2023-12-11T06:38:42","date_gmt":"2023-12-11T11:38:42","guid":{"rendered":"https:\/\/esreviral.com\/?p=46337"},"modified":"2023-12-11T06:38:43","modified_gmt":"2023-12-11T11:38:43","slug":"vocero-presidencial-de-milei-el-ministro-luis-caputo-dara-a-conocer-manana-las-medidas-economicas-video","status":"publish","type":"post","link":"https:\/\/esreviral.com\/?p=46337","title":{"rendered":"Vocero Presidencial de Milei: \u00abEl Ministro Luis Caputo dar\u00e1 a conocer ma\u00f1ana las medidas econ\u00f3micas\u00bb (+VIDEO)"},"content":{"rendered":"\n<p>En el primer d\u00eda de mandato de Javier Milei, pasadas las 8 de la ma\u00f1ana, el Vocero Presidencial, Manuel Adorni ofreci\u00f3 su primera rueda de prensa.<\/p>\n\n\n\n<p>Durante su alocuci\u00f3n record\u00f3 algunos puntos del discurso de Milei del domingo, recordando que <em><strong>\u00abNo hay plata\u00bb<\/strong><\/em> y que van a respetar el presupuesto y el dinero del estado. <\/p>\n\n\n\n<p>Al ser consultado por la econom\u00eda argentina, afirm\u00f3 que los anuncios en esta materia ser\u00e1n dados ma\u00f1ana por el Ministro, Luis Caputo: <strong><em>\u00abEstamos todos muy preocupados por la Argentina, entendemos la ansiedad\u00bb<\/em><\/strong>&#8211;<\/p>\n\n\n\n<p>Adem\u00e1s agreg\u00f3 que<strong><em> \u00ablos desaf\u00edos econ\u00f3micos son enormes\u00bb. <\/em><\/strong><\/p>\n\n\n\n<p>Al mismo tiempo hizo un llamado a la calma de los trabajadores p\u00fablico, aclarando que<strong><em> \u00abesta l\u00f3gica de premiar al que no trabaja se va a terminar\u00bb. <\/em><\/strong><\/p>\n\n\n\n<blockquote class=\"wp-block-quote is-layout-flow wp-block-quote-is-layout-flow\">\n<p><strong><em>\u00abLa gran mayor\u00eda de la gente que trabaja en el Estado es v\u00e1lida y necesaria. Lo que vamos a combatir es el empleado militante que no aporta\u00bb,<\/em><\/strong> agreg\u00f3 el vocero presidencial.<\/p>\n<\/blockquote>\n\n\n\n<p>Inform\u00f3 que las conferencias de prensa van a ser diarias todas las ma\u00f1anas a las 9 de la ma\u00f1ana.<strong><em> \u00abSi durante el resto del d\u00eda surgen acontecimientos, habr\u00e1 alguna conferencia adicional\u00bb<\/em><\/strong>. <\/p>\n\n\n\n<figure class=\"wp-block-embed is-type-rich is-provider-twitter wp-block-embed-twitter\"><div class=\"wp-block-embed__wrapper\">\n<blockquote class=\"twitter-tweet\" data-width=\"500\" data-dnt=\"true\"><p lang=\"es\" dir=\"ltr\">Manuel Adorni anticip\u00f3 que el Ministro de Econom\u00eda anunciar\u00e1 este martes las primeras medidas. <a href=\"https:\/\/t.co\/NqEZ6GEsRl\">https:\/\/t.co\/NqEZ6GEsRl<\/a> <a href=\"https:\/\/t.co\/kcqeUsNpCi\">pic.twitter.com\/kcqeUsNpCi<\/a><\/p>&mdash; TN &#8211; Todo Noticias (@todonoticias) <a href=\"https:\/\/twitter.com\/todonoticias\/status\/1734173525701775456?ref_src=twsrc%5Etfw\">December 11, 2023<\/a><\/blockquote><script async src=\"https:\/\/platform.twitter.com\/widgets.js\" charset=\"utf-8\"><\/script>\n<\/div><\/figure>\n\n\n\n<p><em>Redacci\u00f3n: Jacmibel Rosas<\/em><\/p>\n","protected":false},"excerpt":{"rendered":"<p>En el primer d\u00eda de mandato de Javier Milei, pasadas las 8 de la ma\u00f1ana, el Vocero Presidencial, Manuel Adorni ofreci\u00f3 su primera rueda de prensa. Durante su alocuci\u00f3n record\u00f3 algunos puntos del discurso de Milei del domingo, recordando que \u00abNo hay plata\u00bb y que van a respetar el presupuesto y el dinero del estado. [&hellip;]<\/p>\n","protected":false},"author":5,"featured_media":46339,"comment_status":"closed","ping_status":"closed","sticky":false,"template":"","format":"standard","meta":{"jnews-multi-image_gallery":[],"jnews_single_post":{"subtitle":"","format":"standard","video":"","gallery":"","source_name":"","source_url":"","via_name":"","via_url":"","override_template":"0","override":[{"template":"4","single_blog_custom":"","parallax":"1","fullscreen":"1","layout":"right-sidebar","sidebar":"default-sidebar","second_sidebar":"default-sidebar","sticky_sidebar":"1","share_position":"top","share_float_style":"share-monocrhome","show_share_counter":"1","show_view_counter":"1","show_featured":"1","show_post_meta":"1","show_post_author":"1","show_post_author_image":"1","show_post_date":"1","post_date_format":"default","post_date_format_custom":"Y\/m\/d","show_post_category":"1","show_post_reading_time":"1","post_reading_time_wpm":"300","show_zoom_button":"1","zoom_button_out_step":"2","zoom_button_in_step":"3","show_post_tag":"1","show_prev_next_post":"1","show_popup_post":"1","number_popup_post":"1","show_author_box":"1","show_post_related":"1","show_inline_post_related":"0"}],"override_image_size":"0","image_override":[{"single_post_thumbnail_size":"crop-500","single_post_gallery_size":"crop-500"}],"trending_post":"0","trending_post_position":"meta","trending_post_label":"Trending","sponsored_post":"0","sponsored_post_label":"Sponsored by","sponsored_post_name":"","sponsored_post_url":"","sponsored_post_logo_enable":"0","sponsored_post_logo":"","sponsored_post_desc":"","disable_ad":"0"},"jnews_primary_category":{"id":"","hide":""},"jnews_social_meta":{"fb_title":"","fb_description":"","fb_image":"","twitter_title":"","twitter_description":"","twitter_image":""},"jnews_review":[],"enable_review":"0","type":"percentage","name":"","summary":"","brand":"","sku":"","good":[{"good_text":""}],"bad":[{"bad_text":""}],"score_override":"","override_value":"","rating":[{"rating_text":"","rating_number":"10"}],"price":[{"shop":"","price":"","link":"","icon":""}],"jnews_override_counter":{"override_view_counter":"0","view_counter_number":"0","override_share_counter":"0","share_counter_number":"0","override_like_counter":"0","like_counter_number":"0","override_dislike_counter":"0","dislike_counter_number":"0"},"jnews_post_split":{"enable_post_split":"0","post_split":[{"template":"1","tag":"h2","numbering":"asc","mode":"normal","first":"0","enable_toc":"0","toc_type":"normal"}]},"footnotes":""},"categories":[43,58,59],"tags":[1158,12936],"class_list":["post-46337","post","type-post","status-publish","format-standard","has-post-thumbnail","hentry","category-actualidad","category-argentina","category-politica","tag-javier-milei","tag-manuel-adorni"],"amp_enabled":true,"_links":{"self":[{"href":"https:\/\/esreviral.com\/index.php?rest_route=\/wp\/v2\/posts\/46337"}],"collection":[{"href":"https:\/\/esreviral.com\/index.php?rest_route=\/wp\/v2\/posts"}],"about":[{"href":"https:\/\/esreviral.com\/index.php?rest_route=\/wp\/v2\/types\/post"}],"author":[{"embeddable":true,"href":"https:\/\/esreviral.com\/index.php?rest_route=\/wp\/v2\/users\/5"}],"replies":[{"embeddable":true,"href":"https:\/\/esreviral.com\/index.php?rest_route=%2Fwp%2Fv2%2Fcomments&post=46337"}],"version-history":[{"count":0,"href":"https:\/\/esreviral.com\/index.php?rest_route=\/wp\/v2\/posts\/46337\/revisions"}],"wp:featuredmedia":[{"embeddable":true,"href":"https:\/\/esreviral.com\/index.php?rest_route=\/wp\/v2\/media\/46339"}],"wp:attachment":[{"href":"https:\/\/esreviral.com\/index.php?rest_route=%2Fwp%2Fv2%2Fmedia&parent=46337"}],"wp:term":[{"taxonomy":"category","embeddable":true,"href":"https:\/\/esreviral.com\/index.php?rest_route=%2Fwp%2Fv2%2Fcategories&post=46337"},{"taxonomy":"post_tag","embeddable":true,"href":"https:\/\/esreviral.com\/index.php?rest_route=%2Fwp%2Fv2%2Ftags&post=46337"}],"curies":[{"name":"wp","href":"https:\/\/api.w.org\/{rel}","templated":true}]}}