{"id":4633,"date":"2021-03-03T19:24:51","date_gmt":"2021-03-03T22:24:51","guid":{"rendered":"http:\/\/esreviral.com\/?p=4633"},"modified":"2021-03-03T19:24:51","modified_gmt":"2021-03-03T22:24:51","slug":"262-decesos-y-7-855-nuevos-contagios-se-contabilizan-en-argentina-al-cumplirse-un-ano-del-primer-caso","status":"publish","type":"post","link":"https:\/\/esreviral.com\/?p=4633","title":{"rendered":"262 decesos y 7.855 nuevos contagios se contabilizan en Argentina al cumplirse un a\u00f1o del primer caso"},"content":{"rendered":"\n<p>El Ministerio de Salud de la naci\u00f3n confirm\u00f3 que en las \u00faltimas 24 horas hubo 262 personas que perdieron la lucha contra el coronavirus con lo cual ya suman 52.453 desde el inicio de la pandemia en el pa\u00eds. <\/p>\n\n\n\n<p>Tambi\u00e9n informaron de 7.855 nuevos contagiados con lo cual se arrib\u00f3 a la cifra de 2.126.531, al d\u00eda que Argentina cumple un a\u00f1o desde que se confirm\u00f3 el primer caso de covid.<\/p>\n\n\n\n<p>Hasta la fecha 1.921.589 se han recuperado y se han hecho 7.565.413 testeos. <\/p>\n\n\n\n<p><\/p>\n","protected":false},"excerpt":{"rendered":"<p>El Ministerio de Salud de la naci\u00f3n confirm\u00f3 que en las \u00faltimas 24 horas hubo 262 personas que perdieron la lucha contra el coronavirus con lo cual ya suman 52.453 desde el inicio de la pandemia en el pa\u00eds. Tambi\u00e9n informaron de 7.855 nuevos contagiados con lo cual se arrib\u00f3 a la cifra de 2.126.531, [&hellip;]<\/p>\n","protected":false},"author":2,"featured_media":4634,"comment_status":"open","ping_status":"open","sticky":false,"template":"","format":"standard","meta":{"jnews-multi-image_gallery":[],"jnews_single_post":[],"jnews_primary_category":[],"jnews_social_meta":[],"jnews_review":[],"enable_review":"","type":"","name":"","summary":"","brand":"","sku":"","good":[],"bad":[],"score_override":"","override_value":"","rating":[],"price":[],"jnews_override_counter":[],"jnews_post_split":[],"footnotes":""},"categories":[76],"tags":[44,77],"class_list":["post-4633","post","type-post","status-publish","format-standard","has-post-thumbnail","hentry","category-coronavirus","tag-argentina","tag-coronavirus"],"amp_enabled":true,"_links":{"self":[{"href":"https:\/\/esreviral.com\/index.php?rest_route=\/wp\/v2\/posts\/4633"}],"collection":[{"href":"https:\/\/esreviral.com\/index.php?rest_route=\/wp\/v2\/posts"}],"about":[{"href":"https:\/\/esreviral.com\/index.php?rest_route=\/wp\/v2\/types\/post"}],"author":[{"embeddable":true,"href":"https:\/\/esreviral.com\/index.php?rest_route=\/wp\/v2\/users\/2"}],"replies":[{"embeddable":true,"href":"https:\/\/esreviral.com\/index.php?rest_route=%2Fwp%2Fv2%2Fcomments&post=4633"}],"version-history":[{"count":0,"href":"https:\/\/esreviral.com\/index.php?rest_route=\/wp\/v2\/posts\/4633\/revisions"}],"wp:featuredmedia":[{"embeddable":true,"href":"https:\/\/esreviral.com\/index.php?rest_route=\/"}],"wp:attachment":[{"href":"https:\/\/esreviral.com\/index.php?rest_route=%2Fwp%2Fv2%2Fmedia&parent=4633"}],"wp:term":[{"taxonomy":"category","embeddable":true,"href":"https:\/\/esreviral.com\/index.php?rest_route=%2Fwp%2Fv2%2Fcategories&post=4633"},{"taxonomy":"post_tag","embeddable":true,"href":"https:\/\/esreviral.com\/index.php?rest_route=%2Fwp%2Fv2%2Ftags&post=4633"}],"curies":[{"name":"wp","href":"https:\/\/api.w.org\/{rel}","templated":true}]}}