{"id":46316,"date":"2023-12-10T07:42:46","date_gmt":"2023-12-10T12:42:46","guid":{"rendered":"https:\/\/esreviral.com\/?p=46316"},"modified":"2023-12-10T07:43:28","modified_gmt":"2023-12-10T12:43:28","slug":"como-funciona-el-operativo-de-proteccion-aeroespacial-para-la-toma-de-poder-de-javier-milei","status":"publish","type":"post","link":"https:\/\/esreviral.com\/?p=46316","title":{"rendered":"C\u00f3mo funciona el operativo de protecci\u00f3n aeroespacial para la toma de poder de Javier Milei"},"content":{"rendered":"\n<p>Telam .-El\u00a0<strong>gobierno nacional puso en marcha un plan<\/strong><strong>\u00a0de protecci\u00f3n aeroespacial<\/strong>, en el marco de la ceremonia de traspaso del mando presidencial de Alberto Fern\u00e1ndez a Javier Milei, que se realiza este domingo en la ciudad de Buenos Aires, de la que participar\u00e1n presidentes y delegaciones extranjeras.<\/p>\n\n\n\n<p>Las disposiciones, ya vigentes, quedaron establecidas en el decreto 734\/2023 publicado en el Bolet\u00edn Oficial, con la firma del presidente saliente Alberto Fern\u00e1ndez; del jefe de Gabinete, Agust\u00edn Rossi y del ministro de Defensa, Jorge Taiana.<\/p>\n\n\n\n<p>\u00abResulta necesario&nbsp;<strong>ampliar las reglas de protecci\u00f3n aeroespacial<\/strong>&nbsp;que determinan los procedimientos a observar en la Zona de Identificaci\u00f3n de Defensa A\u00e9rea Buenos Aires para garantizar la seguridad defensiva en el aeroespacio correspondiente y que establecen las atribuciones y limitaciones a la libertad de acci\u00f3n en el empleo del Instrumento Militar, regulando la intensidad y modalidad en el uso de la fuerza ante las distintas situaciones que se presenten\u00bb, dice los considerandos del decreto.<\/p>\n\n\n\n<figure class=\"wp-block-image\"><a href=\"javascript:void(0);\"><img decoding=\"async\" src=\"https:\/\/www.telam.com.ar\/thumbs\/bluesteel\/advf\/imagenes\/2023\/12\/65738ecdc680d.40.58-%281%29_1200.jpg\" alt=\"Aviones A4AR brindarn seguridad en el espacio areo Foto Prensa\"\/><\/a><figcaption class=\"wp-element-caption\">Aviones A4-AR brindar\u00e1n seguridad en el espacio a\u00e9reo. Foto: Prensa.<\/figcaption><\/figure>\n\n\n\n<p>Seg\u00fan indica la norma,&nbsp;<strong>\u00abest\u00e1 autorizado el uso de la fuerza por medios del Sistema de Defensa Aeroespacial para el derribo y\/o destrucci\u00f3n de vectores incursores declarados &#8216;hostiles'\u00bb<\/strong>.<\/p>\n\n\n\n<p>Asimismo detalla el \u00abempleo de las armas en cumplimiento de una misi\u00f3n y que por su naturaleza inherente puede llegar a ser letal\u00bb y precisa que \u00absu utilizaci\u00f3n, desde el punto de vista aeroespacial, implica el empleo de poder de fuego de la aeronave interceptora contra la estructura del vector incursor, con el objeto de anular su capacidad de vuelo impidiendo la continuidad de su trayectoria, circunstancias en las que se deber\u00e1n adoptar las precauciones tendientes a evitar o minimizar la probabilidad de da\u00f1os a la vida y\/o bienes en la superficie\u00bb.<\/p>\n\n\n\n<p>Por otra parte, se establece que el uso de la fuerza \u00abcomo acci\u00f3n de \u00faltimo recurso deber\u00eda estar condicionado a la confirmaci\u00f3n de la situaci\u00f3n prevista (acto hostil) que amerite la aplicaci\u00f3n de la RPA correspondiente y que se haya difundido la declaraci\u00f3n de hostil al Tr\u00e1nsito A\u00e9reo Irregular\u00bb.<\/p>\n\n\n\n<figure class=\"wp-block-image\"><a href=\"javascript:void(0);\"><img decoding=\"async\" src=\"https:\/\/www.telam.com.ar\/thumbs\/bluesteel\/advf\/imagenes\/2023\/12\/65738ece049fe.40.58-%283%29_1200.jpg\" alt=\"Radar de control areo Foto Prensa\"\/><\/a><figcaption class=\"wp-element-caption\">Radar de control a\u00e9reo. Foto: Prensa.<\/figcaption><\/figure>\n\n\n\n<p>Se establece adem\u00e1s que la autoridad de decisi\u00f3n estar\u00e1 a cargo del Presidente y el Comandante Conjunto Aeroespacial notificar\u00e1 a la Administraci\u00f3n Nacional de Aviaci\u00f3n Civil (ANAC) las restricciones al tr\u00e1nsito a\u00e9reo necesarias.<\/p>\n\n\n\n<p>La ANAC adoptar\u00e1 las medidas necesarias para el cumplimiento del decreto y brindar a las facilidades y el apoyo necesario que requiere el Comandante Conjunto Aeroespacial.<\/p>\n\n\n\n<p>Se indica adem\u00e1s que \u00ablos medios aeroespaciales detectados que no cumplan con las normas establecidas por la autoridad correspondiente, se aparten del plan de vuelo aprobado sin causa justificada, no acaten las instrucciones de los controles y\/o existan dudas respecto de su intenci\u00f3n provocar\u00e1n la intervenci\u00f3n directa del Comandante Conjunto Aeroespacial\u00bb.<\/p>\n\n\n\n<figure class=\"wp-block-image\"><a href=\"javascript:void(0);\"><img decoding=\"async\" src=\"https:\/\/www.telam.com.ar\/thumbs\/bluesteel\/advf\/imagenes\/2023\/12\/65738ecdac119.40.58_1200.jpg\" alt=\"Aviones A4AR en pista Foto Prensa\"\/><\/a><figcaption class=\"wp-element-caption\">Aviones A4-AR en pista. Foto: Prensa.<\/figcaption><\/figure>\n\n\n\n<p>Este \u00faltimo podr\u00e1 \u00abtomar total control bajo subordinaci\u00f3n directa es decir que los servicios de control de tr\u00e1nsito a\u00e9reo continuar\u00e1n brindando los servicios normales a la Aviaci\u00f3n civil pero subordinados en forma directa al comandante conjunto de aeroespacial y aplicando las restricciones que este imponga\u00bb.<\/p>\n\n\n\n<p>O podr\u00e1 tomar un control total integral, mientras que la aplicaci\u00f3n del grado de ese control surgir\u00e1 en forma directa de la situaci\u00f3n y ser\u00e1 establecida por el Comandante Conjunto Aeroespacial.<\/p>\n\n\n\n<p>Este \u00faltimo tambi\u00e9n est\u00e1 facultado para disponer en forma parcial o total as\u00ed como el apagado inmediato de los sistemas de ayudas a la navegaci\u00f3n y\/o vigilancia evitando afectar la seguridad operacional de la aviaci\u00f3n civil.<\/p>\n\n\n\n<h3 class=\"wp-block-heading\">SE DESPLEGAR\u00c1N AVIONES, INHIBIDORES DE DRONES Y RADARES<\/h3>\n\n\n\n<p>Un operativo especial de seguridad en el espacio a\u00e9reo con aviones de combate, inhibidores de drones y radares fue implementado por el Comando Operacional de las Fuerzas Armadas.<br><br>El Estado Mayor Conjunto de las Fuerzas Armadas se\u00f1al\u00f3 que el Comando Operacional de las FFAA ha implementado a trav\u00e9s del Comando Conjunto Aeroespacial \u00abuna Zona de Identificaci\u00f3n A\u00e9rea para dar seguridad al espacio a\u00e9reo durante la ceremonia de asunci\u00f3n del nuevo mandatario electo\u00bb.<br><br>Para ello se ha ordenado el alistamiento de aviones cazas A4-AR y IA-63 Pampa, adem\u00e1s de sistemas inhibidores de drones y radares de vigilancia aeroespacial.<br><br>Asimismo, indic\u00f3 que esta operaci\u00f3n conjunta es conducida en tiempo real desde el Centro de Operaciones Aeroespaciales Merlo, ubicado en la localidad hom\u00f3nima del Gran Buenos Aires.<\/p>\n","protected":false},"excerpt":{"rendered":"<p>Telam .-El\u00a0gobierno nacional puso en marcha un plan\u00a0de protecci\u00f3n aeroespacial, en el marco de la ceremonia de traspaso del mando presidencial de Alberto Fern\u00e1ndez a Javier Milei, que se realiza este domingo en la ciudad de Buenos Aires, de la que participar\u00e1n presidentes y delegaciones extranjeras. Las disposiciones, ya vigentes, quedaron establecidas en el decreto [&hellip;]<\/p>\n","protected":false},"author":2,"featured_media":46317,"comment_status":"open","ping_status":"closed","sticky":false,"template":"","format":"standard","meta":{"jnews-multi-image_gallery":[],"jnews_single_post":{"subtitle":"","format":"standard","video":"","gallery":"","source_name":"","source_url":"","via_name":"","via_url":"","override_template":"0","override":[{"template":"4","single_blog_custom":"","parallax":"1","fullscreen":"1","layout":"right-sidebar","sidebar":"default-sidebar","second_sidebar":"default-sidebar","sticky_sidebar":"1","share_position":"top","share_float_style":"share-monocrhome","show_share_counter":"1","show_view_counter":"1","show_featured":"1","show_post_meta":"1","show_post_author":"1","show_post_author_image":"1","show_post_date":"1","post_date_format":"default","post_date_format_custom":"Y\/m\/d","show_post_category":"1","show_post_reading_time":"1","post_reading_time_wpm":"300","show_zoom_button":"1","zoom_button_out_step":"2","zoom_button_in_step":"3","show_post_tag":"1","show_prev_next_post":"1","show_popup_post":"1","number_popup_post":"1","show_author_box":"1","show_post_related":"1","show_inline_post_related":"0"}],"override_image_size":"0","image_override":[{"single_post_thumbnail_size":"crop-500","single_post_gallery_size":"crop-500"}],"trending_post":"0","trending_post_position":"meta","trending_post_label":"Trending","sponsored_post":"0","sponsored_post_label":"Sponsored by","sponsored_post_name":"","sponsored_post_url":"","sponsored_post_logo_enable":"0","sponsored_post_logo":"","sponsored_post_desc":"","disable_ad":"0"},"jnews_primary_category":{"id":"","hide":""},"jnews_social_meta":{"fb_title":"","fb_description":"","fb_image":"","twitter_title":"","twitter_description":"","twitter_image":""},"jnews_review":[],"enable_review":"0","type":"percentage","name":"","summary":"","brand":"","sku":"","good":[{"good_text":""}],"bad":[{"bad_text":""}],"score_override":"","override_value":"","rating":[{"rating_text":"","rating_number":"10"}],"price":[{"shop":"","price":"","link":"","icon":""}],"jnews_override_counter":{"override_view_counter":"0","view_counter_number":"0","override_share_counter":"0","share_counter_number":"0","override_like_counter":"0","like_counter_number":"0","override_dislike_counter":"0","dislike_counter_number":"0"},"jnews_post_split":{"enable_post_split":"0","post_split":[{"template":"1","tag":"h2","numbering":"asc","mode":"normal","first":"0","enable_toc":"0","toc_type":"normal"}]},"footnotes":""},"categories":[58],"tags":[44,1251,45],"class_list":["post-46316","post","type-post","status-publish","format-standard","has-post-thumbnail","hentry","category-argentina","tag-argentina","tag-milei","tag-noticias"],"_links":{"self":[{"href":"https:\/\/esreviral.com\/index.php?rest_route=\/wp\/v2\/posts\/46316","targetHints":{"allow":["GET"]}}],"collection":[{"href":"https:\/\/esreviral.com\/index.php?rest_route=\/wp\/v2\/posts"}],"about":[{"href":"https:\/\/esreviral.com\/index.php?rest_route=\/wp\/v2\/types\/post"}],"author":[{"embeddable":true,"href":"https:\/\/esreviral.com\/index.php?rest_route=\/wp\/v2\/users\/2"}],"replies":[{"embeddable":true,"href":"https:\/\/esreviral.com\/index.php?rest_route=%2Fwp%2Fv2%2Fcomments&post=46316"}],"version-history":[{"count":0,"href":"https:\/\/esreviral.com\/index.php?rest_route=\/wp\/v2\/posts\/46316\/revisions"}],"wp:featuredmedia":[{"embeddable":true,"href":"https:\/\/esreviral.com\/index.php?rest_route=\/wp\/v2\/media\/46317"}],"wp:attachment":[{"href":"https:\/\/esreviral.com\/index.php?rest_route=%2Fwp%2Fv2%2Fmedia&parent=46316"}],"wp:term":[{"taxonomy":"category","embeddable":true,"href":"https:\/\/esreviral.com\/index.php?rest_route=%2Fwp%2Fv2%2Fcategories&post=46316"},{"taxonomy":"post_tag","embeddable":true,"href":"https:\/\/esreviral.com\/index.php?rest_route=%2Fwp%2Fv2%2Ftags&post=46316"}],"curies":[{"name":"wp","href":"https:\/\/api.w.org\/{rel}","templated":true}]}}