{"id":4624,"date":"2021-03-03T13:34:55","date_gmt":"2021-03-03T16:34:55","guid":{"rendered":"http:\/\/esreviral.com\/?p=4624"},"modified":"2021-03-03T13:34:55","modified_gmt":"2021-03-03T16:34:55","slug":"una-revista-desata-polemica-porque-identifico-a-la-actriz-argentino-estadounidense-anya-taylor-joy-como-mujer-de-color","status":"publish","type":"post","link":"https:\/\/esreviral.com\/?p=4624","title":{"rendered":"Una revista desata pol\u00e9mica porque identific\u00f3 a la actriz argentino-estadounidense Anya Taylor-Joy como \u00abmujer de color\u00bb"},"content":{"rendered":"\n<p><strong><em>Karla Quintana.- <\/em><\/strong>Premiada con un Globo de Oro por su actuaci\u00f3n en el \u00e9xito de Netflix Gambito de dama, la joven actriz de nuestro pa\u00eds fue descrita por la popular revista del programa como la primera mujer negra en ganar el premio desde la actriz negra Queen Latifah.<\/p>\n\n\n\n<p>La actriz Anya Taylor-Joy, nacida hace 24 a\u00f1os en Miami, hija de padre argentino de origen escoc\u00e9s y madre anglohispana, gan\u00f3 el Globo de Oro a la mejor actriz protagonista de la categor\u00eda miniserie por su trabajo en el \u00e9xito de Netflix Gambito de dama. La noticia, que no es m\u00e1s importante que la del resto de categor\u00edas premiadas, tuvo sin embargo una derivaci\u00f3n inesperada. Es porque durante su cobertura de la gala de la 78 entrega de premios distribuida por la Asociaci\u00f3n de Prensa Extranjera de Hollywood, la popular revista de entretenimiento Variety defini\u00f3 a la actriz rubia como una \u00abmujer de color\u00bb.<\/p>\n\n\n\n<p>La extra\u00f1a confusi\u00f3n no tiene nada que ver con el tono de piel de Taylor-Joy, que es notoriamente blanco, sino con el absurdo sistema de segmentaci\u00f3n racial con el que la mayor\u00eda blanca que domina la sociedad estadounidense generalmente percibe a los dem\u00e1s.<\/p>\n\n\n\n<p>En el p\u00e1rrafo que Variety le dedic\u00f3 al premio recibido por la joven actriz dice, textualmente: \u201cLa argentina Taylor-Joy se convierte en la primera mujer de color en ganar en esta categor\u00eda desde que lo hiciera Queen Latifah el pasado 2008. Adem\u00e1s, es la quinta mujer de color en conseguirlo desde 1982, (cuando la categor\u00eda de Miniserie fue incluida en los premios). S. Epatha Merkerson, Halle Berry y Alfre Woodard fueron las otras mujeres en conseguirlo previamente\u00bb.<\/p>\n\n\n\n<p>Se alzaron distintas voces para que la revista se diera cuenta de que no era apropiado poner a Taylor-Joy en una l\u00ednea de continuidad con las otras cuatro actrices mencionadas, todas ellas afroamericanas. Variety elimin\u00f3 ese p\u00e1rrafo. Y como mea culpa, agreg\u00f3 una nota final en la que inform\u00f3 que se hab\u00eda modificado el contenido del art\u00edculo, que en versiones anteriores se mencionaba a Taylor-Joy como una &#8216;persona de color&#8217; y que se identificaba como &#8216; white Latina&#8217; (latina blanca).<\/p>\n\n\n\n<p>Ahora, La popular actriz, que gan\u00f3 consideraci\u00f3n en 2015 gracias a su papel protag\u00f3nico en la extraordinaria pel\u00edcula de terror The Witch, naci\u00f3 en 1996 en Miami, aunque es reconocida como perteneciente a &#8216;muchos lugares\u201d. Desde muy peque\u00f1a hasta los 6 a\u00f1os, Taylor-Joy vivi\u00f3 en Argentina y no duda en se\u00f1alar que esos a\u00f1os marcaron su personalidad, que la mayor\u00eda de sus gustos los asocian con nuestro pa\u00eds, del cual se siente &#8216;orgullosa\u201d.<\/p>\n\n\n\n<p>En un video que circul\u00f3 en Netflix en el estreno de Gambito de Dama, la joven se defini\u00f3 as\u00ed misma y de la Argentina con mucho cari\u00f1o. \u00abVengo de muchos pa\u00edses diferentes, pero creo que mi forma de ser y mi visi\u00f3n de la vida viene de Argentina y estoy muy agradecida por esa parte de mi historia. Estoy orgullosa de vivir en Argentina\u00bb, dijo. \u00abMis comidas favoritas son las empanadas, el pan provolone, que me gusta m\u00e1s que la pizza, y los churros con dulce de leche\u00bb, revel\u00f3 Taylor, que al parecer es m\u00e1s argentina que el mate.<\/p>\n","protected":false},"excerpt":{"rendered":"<p>Karla Quintana.- Premiada con un Globo de Oro por su actuaci\u00f3n en el \u00e9xito de Netflix Gambito de dama, la joven actriz de nuestro pa\u00eds fue descrita por la popular revista del programa como la primera mujer negra en ganar el premio desde la actriz negra Queen Latifah. La actriz Anya Taylor-Joy, nacida hace 24 [&hellip;]<\/p>\n","protected":false},"author":2,"featured_media":4623,"comment_status":"open","ping_status":"open","sticky":false,"template":"","format":"standard","meta":{"jnews-multi-image_gallery":[],"jnews_single_post":[],"jnews_primary_category":[],"jnews_social_meta":[],"jnews_review":[],"enable_review":"","type":"","name":"","summary":"","brand":"","sku":"","good":[],"bad":[],"score_override":"","override_value":"","rating":[],"price":[],"jnews_override_counter":[],"jnews_post_split":[],"footnotes":""},"categories":[50],"tags":[165,123,45],"class_list":["post-4624","post","type-post","status-publish","format-standard","has-post-thumbnail","hentry","category-entretenimiento","tag-espectaculos","tag-informacion","tag-noticias"],"amp_enabled":true,"_links":{"self":[{"href":"https:\/\/esreviral.com\/index.php?rest_route=\/wp\/v2\/posts\/4624"}],"collection":[{"href":"https:\/\/esreviral.com\/index.php?rest_route=\/wp\/v2\/posts"}],"about":[{"href":"https:\/\/esreviral.com\/index.php?rest_route=\/wp\/v2\/types\/post"}],"author":[{"embeddable":true,"href":"https:\/\/esreviral.com\/index.php?rest_route=\/wp\/v2\/users\/2"}],"replies":[{"embeddable":true,"href":"https:\/\/esreviral.com\/index.php?rest_route=%2Fwp%2Fv2%2Fcomments&post=4624"}],"version-history":[{"count":0,"href":"https:\/\/esreviral.com\/index.php?rest_route=\/wp\/v2\/posts\/4624\/revisions"}],"wp:featuredmedia":[{"embeddable":true,"href":"https:\/\/esreviral.com\/index.php?rest_route=\/"}],"wp:attachment":[{"href":"https:\/\/esreviral.com\/index.php?rest_route=%2Fwp%2Fv2%2Fmedia&parent=4624"}],"wp:term":[{"taxonomy":"category","embeddable":true,"href":"https:\/\/esreviral.com\/index.php?rest_route=%2Fwp%2Fv2%2Fcategories&post=4624"},{"taxonomy":"post_tag","embeddable":true,"href":"https:\/\/esreviral.com\/index.php?rest_route=%2Fwp%2Fv2%2Ftags&post=4624"}],"curies":[{"name":"wp","href":"https:\/\/api.w.org\/{rel}","templated":true}]}}