{"id":46063,"date":"2023-12-04T17:37:11","date_gmt":"2023-12-04T22:37:11","guid":{"rendered":"https:\/\/esreviral.com\/?p=46063"},"modified":"2023-12-04T17:37:12","modified_gmt":"2023-12-04T22:37:12","slug":"la-orquesta-sinfonica-juan-jose-landaeta-emprende-su-epico-recorrido-por-venezuela","status":"publish","type":"post","link":"https:\/\/esreviral.com\/?p=46063","title":{"rendered":"La Orquesta Sinf\u00f3nica Juan Jos\u00e9 Landaeta emprende su \u00e9pico recorrido por Venezuela"},"content":{"rendered":"\n<p>A partir del viernes 8 de diciembre, el <strong>centroccidente del pa\u00eds se viste de gala <\/strong>para recibir a la<strong> Orquesta Sinf\u00f3nica Juan Jos\u00e9 Landaeta<\/strong> que, dirigida por el <strong>maestro Christian V\u00e1squez, <\/strong>iniciar\u00e1 una<strong> gira de conciertos<\/strong> m\u00e1s una muestra e intercambio acad\u00e9mico. El tour de conciertos que inicia el viernes 8, los llevar\u00e1 a <strong>Maracaibo, Barquisimeto, San Felipe, Valencia, Maracay y cerrar\u00e1 en la Sala Sim\u00f3n Bol\u00edvar del Centro Nacional de Acci\u00f3n Social por la M\u00fasica el s\u00e1bado 16 de diciembre.<\/strong><\/p>\n\n\n\n<p>Un variado repertorio guiar\u00e1 al p\u00fablico en un <strong>recorrido por el pa\u00eds y el mundo<\/strong>. Este incluye, entre otras, obras como\u00a0<em>Symphonie fantastique<\/em>, op.14 de H\u00e9ctor Berlioz;\u00a0<em>Santa Cruz de Pacairigua<\/em>, poema sinf\u00f3nico de Evencio Castellanos;\u00a0<em>Ballet La Estancia<\/em>\u00a0compuesto por Heitor Villa-Lobos;\u00a0<em>Danz\u00f3n N\u00b02\u00a0<\/em>de Arturo M\u00e1rquez;\u00a0<em>Triqui Traqui<\/em>, la versi\u00f3n caribe\u00f1a de Paul Desenne de la polka\u00a0<em>Tritsch-Tratsch<\/em>\u00a0de Johann Strauss; y el\u00a0<em>Mambo<\/em>\u00a0de\u00a0<em>West Side Story<\/em>, de Leonard Berstein. Tambi\u00e9n se incluyen\u00a0<em>Venezuela<\/em>, de Pablo Herrero Ibarz y Jos\u00e9 Luis Armenteros S\u00e1nchez y\u00a0<em>Alma llanera\u00a0<\/em>de Pedro El\u00edas Guti\u00e9rrez.<\/p>\n\n\n\n<p>El <strong>Aula Magna de la Universidad Rafael Urdaneta<\/strong>, en <strong>Maracaibo, estado Zulia<\/strong>, ser\u00e1 el primer recinto en recibir a la orquesta el viernes 8 de diciembre, a las 5:00 p.m. Le seguir\u00e1 el <strong>Gran Sal\u00f3n Trinitarias Suite, en Barquisimeto, estado Lara<\/strong>, en\u00a0donde se realizar\u00e1 el concierto el domingo 10 de diciembre a las 4:00 p.m.<\/p>\n\n\n\n<figure class=\"wp-block-image size-large\"><img fetchpriority=\"high\" decoding=\"async\" width=\"1024\" height=\"682\" src=\"https:\/\/esreviral.com\/wp-content\/uploads\/2023\/12\/AnyConv.com__unnamed-8-1024x682.webp\" alt=\"\" class=\"wp-image-46064\" srcset=\"https:\/\/esreviral.com\/wp-content\/uploads\/2023\/12\/AnyConv.com__unnamed-8-1024x682.webp 1024w, https:\/\/esreviral.com\/wp-content\/uploads\/2023\/12\/AnyConv.com__unnamed-8-300x200.webp 300w, https:\/\/esreviral.com\/wp-content\/uploads\/2023\/12\/AnyConv.com__unnamed-8-768x512.webp 768w, https:\/\/esreviral.com\/wp-content\/uploads\/2023\/12\/AnyConv.com__unnamed-8-1536x1023.webp 1536w, https:\/\/esreviral.com\/wp-content\/uploads\/2023\/12\/AnyConv.com__unnamed-8-750x500.webp 750w, https:\/\/esreviral.com\/wp-content\/uploads\/2023\/12\/AnyConv.com__unnamed-8-1140x760.webp 1140w, https:\/\/esreviral.com\/wp-content\/uploads\/2023\/12\/AnyConv.com__unnamed-8.webp 1600w\" sizes=\"(max-width: 1024px) 100vw, 1024px\" \/><\/figure>\n\n\n\n<p>El lunes 11 de diciembre, a las 11:00 a.m., la <strong>OSJJL en el Teatro Jacobo Ram\u00edrez, en San Felipe, estado Yaracuy,<\/strong> ofrecer\u00e1 una muestra y participar\u00e1 en un <strong>intercambio acad\u00e9mico<\/strong>; mientras que el martes 12, a las 4:00 p.m. ser\u00e1 el turno del p\u00fablico de<strong> Valencia, Carabobo, en el Centro Social \u00cdtalo Venezolano.<\/strong> Por otra parte, el jueves 14, a las 6:30 p.m. el <strong>Teatro de la \u00d3pera de Maracay, estado Aragua, <\/strong>recibir\u00e1 a la orquesta.<\/p>\n\n\n\n<p>El cierre de esta gira ser\u00e1 el s\u00e1bado 16 a las 5:00 pm en la <strong>Sala Sim\u00f3n Bol\u00edvar del CNASPM<\/strong>. Para esta funci\u00f3n, al repertorio se suma la obra\u00a0<em>Concierto para piano N\u00b0 1 en Re bemol Mayor, op. 10<\/em>, de Sergu\u00e9i Prok\u00f3fiev con el pianista Juan Pablo G\u00e1mez como solista.<\/p>\n\n\n\n<p>La <strong>Orquesta Sinf\u00f3nica Juan Jos\u00e9 Landaeta<\/strong> junto a su director titular es una de las orquestas profesionales de<strong> El Sistema<\/strong>, que ofrece oportunidades a j\u00f3venes solistas y que ha participado en diversos <strong>eventos musicales nacionales e internacionales <\/strong>y con esta gira nacional demuestra su compromiso con el pa\u00eds, con un acercamiento que impulsa, difunde e inspira el trabajo que las orquestas profesionales hacen en el interior.<\/p>\n\n\n\n<figure class=\"wp-block-image size-large\"><img decoding=\"async\" width=\"1024\" height=\"654\" src=\"https:\/\/esreviral.com\/wp-content\/uploads\/2023\/12\/AnyConv.com__unnamed-1-1-1024x654.webp\" alt=\"\" class=\"wp-image-46065\" srcset=\"https:\/\/esreviral.com\/wp-content\/uploads\/2023\/12\/AnyConv.com__unnamed-1-1-1024x654.webp 1024w, https:\/\/esreviral.com\/wp-content\/uploads\/2023\/12\/AnyConv.com__unnamed-1-1-300x192.webp 300w, https:\/\/esreviral.com\/wp-content\/uploads\/2023\/12\/AnyConv.com__unnamed-1-1-768x491.webp 768w, https:\/\/esreviral.com\/wp-content\/uploads\/2023\/12\/AnyConv.com__unnamed-1-1-1536x981.webp 1536w, https:\/\/esreviral.com\/wp-content\/uploads\/2023\/12\/AnyConv.com__unnamed-1-1-750x479.webp 750w, https:\/\/esreviral.com\/wp-content\/uploads\/2023\/12\/AnyConv.com__unnamed-1-1-1140x728.webp 1140w, https:\/\/esreviral.com\/wp-content\/uploads\/2023\/12\/AnyConv.com__unnamed-1-1.webp 1600w\" sizes=\"(max-width: 1024px) 100vw, 1024px\" \/><\/figure>\n\n\n\n<p class=\"has-text-align-right\"><em><strong>Prensa El Sistema<\/strong>.-<\/em><\/p>\n","protected":false},"excerpt":{"rendered":"<p>La regi\u00f3n centroccidental recibir\u00e1 a la orquesta, dirigida por el maestro Christian V\u00e1squez, en una gira que incluir\u00e1 6 presentaciones que inician en Maracaibo<\/p>\n","protected":false},"author":3,"featured_media":46066,"comment_status":"open","ping_status":"closed","sticky":false,"template":"","format":"standard","meta":{"jnews-multi-image_gallery":[],"jnews_single_post":{"subtitle":"","format":"standard","video":"","gallery":"","source_name":"","source_url":"","via_name":"","via_url":"","override_template":"0","override":[{"template":"4","single_blog_custom":"","parallax":"1","fullscreen":"1","layout":"right-sidebar","sidebar":"default-sidebar","second_sidebar":"default-sidebar","sticky_sidebar":"1","share_position":"top","share_float_style":"share-monocrhome","show_share_counter":"1","show_view_counter":"1","show_featured":"1","show_post_meta":"1","show_post_author":"1","show_post_author_image":"1","show_post_date":"1","post_date_format":"default","post_date_format_custom":"Y\/m\/d","show_post_category":"1","show_post_reading_time":"1","post_reading_time_wpm":"300","show_zoom_button":"1","zoom_button_out_step":"2","zoom_button_in_step":"3","show_post_tag":"1","show_prev_next_post":"1","show_popup_post":"1","number_popup_post":"1","show_author_box":"1","show_post_related":"1","show_inline_post_related":"0"}],"override_image_size":"0","image_override":[{"single_post_thumbnail_size":"crop-500","single_post_gallery_size":"crop-500"}],"trending_post":"0","trending_post_position":"meta","trending_post_label":"Trending","sponsored_post":"0","sponsored_post_label":"Sponsored by","sponsored_post_name":"","sponsored_post_url":"","sponsored_post_logo_enable":"0","sponsored_post_logo":"","sponsored_post_desc":"","disable_ad":"0"},"jnews_primary_category":{"id":"","hide":""},"jnews_social_meta":{"fb_title":"","fb_description":"","fb_image":"","twitter_title":"","twitter_description":"","twitter_image":""},"jnews_review":[],"enable_review":"0","type":"percentage","name":"","summary":"","brand":"","sku":"","good":[{"good_text":""}],"bad":[{"bad_text":""}],"score_override":"","override_value":"","rating":[{"rating_text":"","rating_number":"10"}],"price":[{"shop":"","price":"","link":"","icon":""}],"jnews_override_counter":{"override_view_counter":"0","view_counter_number":"0","override_share_counter":"0","share_counter_number":"0","override_like_counter":"0","like_counter_number":"0","override_dislike_counter":"0","dislike_counter_number":"0"},"jnews_post_split":{"enable_post_split":"0","post_split":[{"template":"1","tag":"h2","numbering":"asc","mode":"normal","first":"0","enable_toc":"0","toc_type":"normal"}]},"footnotes":""},"categories":[1142,66],"tags":[5565,9064,286,45,12880,56,287],"class_list":["post-46063","post","type-post","status-publish","format-standard","has-post-thumbnail","hentry","category-musica","category-venezuela","tag-el-sistema","tag-gira-de-conciertos","tag-maracaibo","tag-noticias","tag-orquesta-sinfonica-juan-jose-landaeta","tag-venezuela","tag-zulia"],"amp_enabled":true,"_links":{"self":[{"href":"https:\/\/esreviral.com\/index.php?rest_route=\/wp\/v2\/posts\/46063"}],"collection":[{"href":"https:\/\/esreviral.com\/index.php?rest_route=\/wp\/v2\/posts"}],"about":[{"href":"https:\/\/esreviral.com\/index.php?rest_route=\/wp\/v2\/types\/post"}],"author":[{"embeddable":true,"href":"https:\/\/esreviral.com\/index.php?rest_route=\/wp\/v2\/users\/3"}],"replies":[{"embeddable":true,"href":"https:\/\/esreviral.com\/index.php?rest_route=%2Fwp%2Fv2%2Fcomments&post=46063"}],"version-history":[{"count":0,"href":"https:\/\/esreviral.com\/index.php?rest_route=\/wp\/v2\/posts\/46063\/revisions"}],"wp:featuredmedia":[{"embeddable":true,"href":"https:\/\/esreviral.com\/index.php?rest_route=\/wp\/v2\/media\/46066"}],"wp:attachment":[{"href":"https:\/\/esreviral.com\/index.php?rest_route=%2Fwp%2Fv2%2Fmedia&parent=46063"}],"wp:term":[{"taxonomy":"category","embeddable":true,"href":"https:\/\/esreviral.com\/index.php?rest_route=%2Fwp%2Fv2%2Fcategories&post=46063"},{"taxonomy":"post_tag","embeddable":true,"href":"https:\/\/esreviral.com\/index.php?rest_route=%2Fwp%2Fv2%2Ftags&post=46063"}],"curies":[{"name":"wp","href":"https:\/\/api.w.org\/{rel}","templated":true}]}}