{"id":46060,"date":"2023-12-04T14:26:16","date_gmt":"2023-12-04T19:26:16","guid":{"rendered":"https:\/\/esreviral.com\/?p=46060"},"modified":"2023-12-04T14:26:18","modified_gmt":"2023-12-04T19:26:18","slug":"asi-sera-el-baston-presidencial-que-usara-milei","status":"publish","type":"post","link":"https:\/\/esreviral.com\/?p=46060","title":{"rendered":"As\u00ed ser\u00e1 el bast\u00f3n presidencial que usar\u00e1 Milei"},"content":{"rendered":"\n<p><strong>Juan Carlos Pallarols<\/strong>\u00a0puede sentirse un\u00a0<em>personaje<\/em>\u00a0de la democracia argentina. Desde el regreso de este sistema pol\u00edtico en 1983, dise\u00f1\u00f3 los bastones presidenciales de\u00a0<strong>Ra\u00fal Alfons\u00edn, Carlos Menem, Fernando de la R\u00faa, N\u00e9stor Kirchner, Cristina Fern\u00e1ndez de Kirchner y Alberto Fern\u00e1ndez<\/strong>. Por estas horas, ya tiene listo el que recibir\u00e1\u00a0<strong>Javier Milei<\/strong>, el pr\u00f3ximo domingo, en el traspaso de mando.\u00a0<em>\u00abSignifica la misma emoci\u00f3n de hace 40 a\u00f1os.\u00a0<strong>Es un emblema patrio\u00bb<\/strong><\/em>, cuent\u00f3 el reconocido \u00f3rfebre a\u00a0<em><a rel=\"noreferrer noopener\" href=\"https:\/\/www.cronica.com.ar\/\" target=\"_blank\"><strong>cr\u00f3nica.com.ar<\/strong><\/a>.<\/em><\/p>\n\n\n\n<p>Desde su taller de San Telmo, Pallarols explica las caracter\u00edsticas de la obra confeccionada para el l\u00edder de La Libertad Avanza. Al igual que con el resto de los bastones presidenciales,\u00a0<strong>utiliz\u00f3 urunday<\/strong>, una madera aut\u00f3ctona de coloraci\u00f3n casta\u00f1o-rojiza.\u00a0<em><strong>\u00abSe distingue por su rendimiento y fortaleza<\/strong>. De hecho, es usada para dise\u00f1ar los rayos en las ruedas de los carros y las carretas\u00bb<\/em>, comenta\u00a0sobre uno de los materiales empleados para realizar esta insignia de los jefes de Estado.<\/p>\n\n\n\n<p><strong><em>\u00abBrilla por s\u00ed sola cuando uno la lustra. Se mantiene siempre recta. Y adem\u00e1s, no se corrompe. \u00a1Cu\u00e1ntas virtudes juntas para inspirar al futuro presidente!\u00bb<\/em><\/strong>, agrega Pallarols,\u00a0que hizo su primer bast\u00f3n presidencial en 1973. En aquel momento, trabajaba en una tradicional joyer\u00eda de Buenos Aires y puso\u00a0<em>manos a la obra<\/em>\u00a0en un encargo para el \u00faltimo mandato de\u00a0<strong>Juan Domingo Per\u00f3n<\/strong>.<\/p>\n\n\n\n<p>Este s\u00edmbolo se adopt\u00f3 en la Argentina a comienzos del siglo XIX y, desde entonces, fue exhido por la mayor\u00eda de los presidentes en los actos de traspado de mando. El Museo de Historia Nacional recuerda, en ese sentido,&nbsp;que&nbsp;<strong>Domingo Faustino Sarmiento<\/strong>&nbsp;resullt\u00f3&nbsp;el primer jefe de Estado&nbsp;(entre 1868 y 1874) que asumi\u00f3 en una ceremonia protocolar con la banda y el bast\u00f3n como insignida de poder. Desde 1983, tal como se dijo, su dise\u00f1o est\u00e1 a cargo de Pallarols,&nbsp;<strong>que aplica un dise\u00f1o propio con impronta patri\u00f3tica<\/strong>.<\/p>\n\n\n\n<figure class=\"wp-block-image\"><img decoding=\"async\" src=\"https:\/\/www.cronica.com.ar\/export\/sites\/cronica\/img\/2023\/12\/04\/escudomilei1.jpeg_2118544143.jpeg\" alt=\"\" title=\"\"\/><figcaption class=\"wp-element-caption\">El escudo nacional del bast\u00f3n tiene la orla de oro. El centro fue esmaltado a fuego y pintado a mano.<\/figcaption><\/figure>\n\n\n\n<p>Entre otros detalles, el orfebre se\u00f1ala que&nbsp;<strong>la empu\u00f1adora del bast\u00f3n de Milei fue realizada en plata e incluye s\u00edmbolos nacionales<\/strong>.&nbsp;<em>\u00abTiene cincelados 24 cardos -uno por cada provincia- y un ramillete de tres pimpollos por las Islas del Atl\u00e1ntico Sur, en homenaje a los ca\u00eddos en Malvinas\u00bb, describe. Y luego agrega:&nbsp;<strong>\u00abEl escudo nacional cuenta con la orla de oro<\/strong>, mientras que el centro fue esmaltado a fuego y pintado a mano\u00bb<\/em>.<\/p>\n\n\n\n<p>Con una altura de 92 cent\u00edmetros, el bast\u00f3n del libertario&nbsp;tendr\u00e1 la leyenda<em>&nbsp;\u00ab23 27\u00bb<\/em>, en referencia al per\u00edodo durante el cual ser\u00e1 presidente del pa\u00eds.&nbsp;<em>\u00abEsta insignia es un emblema patrio.&nbsp;<strong>Se repite igual que la bandera, el escudo y la escarapela. Ac\u00e1 no se puede innovar\u00bb<\/strong><\/em>, aclara Pallarols.<\/p>\n\n\n\n<p>En los \u00faltimos d\u00edas, el orfebre permaneci\u00f3 en contacto con&nbsp;<strong>Karina Milei&nbsp;<\/strong>-hermana del futuro mandatario-, la designada canciller&nbsp;<strong>Diana Mondino<\/strong>&nbsp;y los integrantes de la Direcci\u00f3n de Ceremonial del gobierno saliente. Y este martes entregar\u00e1 el bast\u00f3n para el traspaso de mando&nbsp;del pr\u00f3ximo domingo. Ser\u00e1 el broche de un proceso que inici\u00f3 el 13 de abril de 2022, cuando -fiel a su costumbre-&nbsp;<strong>puso en marcha una gira por el pa\u00eds para confeccionar este s\u00edmbolo<\/strong>.<\/p>\n\n\n\n<p>El viaje abarc\u00f3\u00a0<em>\u00abalgunas ciudades y pueblos de todas las provincias, cientos de escuelas e instituciones, y espacios p\u00fablicos y\/o culturales\u201d<\/em>.<em>\u00a0\u00abSiempre hice giras por el pa\u00eds -afirma Pallarols-, pero ahora el sistema es m\u00e1s conocido y la gente me llama de m\u00e1s lugares.\u00a0<strong>Y lo que antes hac\u00eda en tres o cuatro meses, ahora me insume m\u00e1s tiempo\u00bb<\/strong><\/em>.<\/p>\n\n\n\n<p>Como parte de esa costumbre, el orfebre lleva la empu\u00f1adora del bast\u00f3n para que el p\u00fablico le d\u00e9 un golpecito con un martillo, con el objetivo de expresar el nuevo presidente&nbsp;<em>\u00abviene con la fuerza de millones de argentinos\u00bb.&nbsp;<\/em><strong>Esta t\u00e9cnica manual permite obtener textos o figuras en bajo relieve sobre una placa de metal<\/strong>, generalmente de plata, golpe\u00e1ndola por su cara frontal con cinceles.<\/p>\n\n\n\n<p><em><strong>\u00abDoy gracias a Dios de poder hacer el bast\u00f3n presidencial\u00a0<\/strong>y permitirme recorrer cuatro veces el pa\u00eds\u00bb<\/em>, asegura Pallarols. Y concluye:\u00a0<em>\u00abOjal\u00e1 que quien lo recibe este 10 de diciembre de parte de todos los argentinos, al cumplirse 40 a\u00f1os de vida democr\u00e1tica,\u00a0<strong>sienta el amor y las ilusiones depositadas en \u00e9l\u201d<\/strong><\/em>.<\/p>\n\n\n\n<p><strong><em>Cr\u00f3nica.-<\/em><\/strong><\/p>\n","protected":false},"excerpt":{"rendered":"<p>Juan Carlos Pallarols\u00a0puede sentirse un\u00a0personaje\u00a0de la democracia argentina. Desde el regreso de este sistema pol\u00edtico en 1983, dise\u00f1\u00f3 los bastones presidenciales de\u00a0Ra\u00fal Alfons\u00edn, Carlos Menem, Fernando de la R\u00faa, N\u00e9stor Kirchner, Cristina Fern\u00e1ndez de Kirchner y Alberto Fern\u00e1ndez. Por estas horas, ya tiene listo el que recibir\u00e1\u00a0Javier Milei, el pr\u00f3ximo domingo, en el traspaso de [&hellip;]<\/p>\n","protected":false},"author":2,"featured_media":46061,"comment_status":"open","ping_status":"closed","sticky":false,"template":"","format":"standard","meta":{"jnews-multi-image_gallery":[],"jnews_single_post":{"subtitle":"","format":"standard","video":"","gallery":"","source_name":"","source_url":"","via_name":"","via_url":"","override_template":"0","override":[{"template":"4","single_blog_custom":"","parallax":"1","fullscreen":"1","layout":"right-sidebar","sidebar":"default-sidebar","second_sidebar":"default-sidebar","sticky_sidebar":"1","share_position":"top","share_float_style":"share-monocrhome","show_share_counter":"1","show_view_counter":"1","show_featured":"1","show_post_meta":"1","show_post_author":"1","show_post_author_image":"1","show_post_date":"1","post_date_format":"default","post_date_format_custom":"Y\/m\/d","show_post_category":"1","show_post_reading_time":"1","post_reading_time_wpm":"300","show_zoom_button":"1","zoom_button_out_step":"2","zoom_button_in_step":"3","show_post_tag":"1","show_prev_next_post":"1","show_popup_post":"1","number_popup_post":"1","show_author_box":"1","show_post_related":"1","show_inline_post_related":"0"}],"override_image_size":"0","image_override":[{"single_post_thumbnail_size":"crop-500","single_post_gallery_size":"crop-500"}],"trending_post":"0","trending_post_position":"meta","trending_post_label":"Trending","sponsored_post":"0","sponsored_post_label":"Sponsored by","sponsored_post_name":"","sponsored_post_url":"","sponsored_post_logo_enable":"0","sponsored_post_logo":"","sponsored_post_desc":"","disable_ad":"0"},"jnews_primary_category":{"id":"","hide":""},"jnews_social_meta":{"fb_title":"","fb_description":"","fb_image":"","twitter_title":"","twitter_description":"","twitter_image":""},"jnews_review":[],"enable_review":"0","type":"percentage","name":"","summary":"","brand":"","sku":"","good":[{"good_text":""}],"bad":[{"bad_text":""}],"score_override":"","override_value":"","rating":[{"rating_text":"","rating_number":"10"}],"price":[{"shop":"","price":"","link":"","icon":""}],"jnews_override_counter":{"override_view_counter":"0","view_counter_number":"0","override_share_counter":"0","share_counter_number":"0","override_like_counter":"0","like_counter_number":"0","override_dislike_counter":"0","dislike_counter_number":"0"},"jnews_post_split":{"enable_post_split":"0","post_split":[{"template":"1","tag":"h2","numbering":"asc","mode":"normal","first":"0","enable_toc":"0","toc_type":"normal"}]},"footnotes":""},"categories":[58,59],"tags":[44,1158,1251,45],"class_list":["post-46060","post","type-post","status-publish","format-standard","has-post-thumbnail","hentry","category-argentina","category-politica","tag-argentina","tag-javier-milei","tag-milei","tag-noticias"],"amp_enabled":true,"_links":{"self":[{"href":"https:\/\/esreviral.com\/index.php?rest_route=\/wp\/v2\/posts\/46060"}],"collection":[{"href":"https:\/\/esreviral.com\/index.php?rest_route=\/wp\/v2\/posts"}],"about":[{"href":"https:\/\/esreviral.com\/index.php?rest_route=\/wp\/v2\/types\/post"}],"author":[{"embeddable":true,"href":"https:\/\/esreviral.com\/index.php?rest_route=\/wp\/v2\/users\/2"}],"replies":[{"embeddable":true,"href":"https:\/\/esreviral.com\/index.php?rest_route=%2Fwp%2Fv2%2Fcomments&post=46060"}],"version-history":[{"count":0,"href":"https:\/\/esreviral.com\/index.php?rest_route=\/wp\/v2\/posts\/46060\/revisions"}],"wp:featuredmedia":[{"embeddable":true,"href":"https:\/\/esreviral.com\/index.php?rest_route=\/wp\/v2\/media\/46061"}],"wp:attachment":[{"href":"https:\/\/esreviral.com\/index.php?rest_route=%2Fwp%2Fv2%2Fmedia&parent=46060"}],"wp:term":[{"taxonomy":"category","embeddable":true,"href":"https:\/\/esreviral.com\/index.php?rest_route=%2Fwp%2Fv2%2Fcategories&post=46060"},{"taxonomy":"post_tag","embeddable":true,"href":"https:\/\/esreviral.com\/index.php?rest_route=%2Fwp%2Fv2%2Ftags&post=46060"}],"curies":[{"name":"wp","href":"https:\/\/api.w.org\/{rel}","templated":true}]}}