{"id":4590,"date":"2021-03-02T12:26:52","date_gmt":"2021-03-02T15:26:52","guid":{"rendered":"http:\/\/esreviral.com\/?p=4590"},"modified":"2021-03-02T12:26:52","modified_gmt":"2021-03-02T15:26:52","slug":"cifra-de-venezolanos-migrantes-y-refugiados-aumento-a-5-5-millones","status":"publish","type":"post","link":"https:\/\/esreviral.com\/?p=4590","title":{"rendered":"Cifra de venezolanos migrantes y refugiados aument\u00f3 a 5.5 millones"},"content":{"rendered":"\n<p>David Smolanski, Comisionado de la Secretar\u00eda General <a href=\"https:\/\/twitter.com\/OEA_oficial\">de la OEA<\/a> para la crisis de migrantes y refugiados venezolanos, inform\u00f3 a trav\u00e9s de su cuenta en Twitter que la cifra de venezolanos refugiados aument\u00f3 a 5.5 millones. <\/p>\n\n\n\n<p>Detall\u00f3 que para la fecha, estos son los principales pa\u00edses receptores en Latinoam\u00e9rica y el Caribe:<\/p>\n\n\n\n<p>Colombia 1.7 millones; Per\u00fa un mill\u00f3n; Chile 456 mil; Ecuador 420 mil; Brasil 267 mil; Argentina 180 mil; Panam\u00e1 120; Rep\u00fablica Dominicana 114 mil; M\u00e9xico 101 mil.<\/p>\n\n\n\n<figure class=\"wp-block-embed-twitter wp-block-embed is-type-rich is-provider-twitter\"><div class=\"wp-block-embed__wrapper\">\n<a class=\"twitter-timeline\" data-width=\"500\" data-height=\"750\" data-dnt=\"true\" href=\"https:\/\/twitter.com\/dsmolansky?ref_src=twsrc%5Etfw\">Tweets by dsmolansky<\/a><script async src=\"https:\/\/platform.twitter.com\/widgets.js\" charset=\"utf-8\"><\/script>\n<\/div><\/figure>\n","protected":false},"excerpt":{"rendered":"<p>Seg\u00fan las cifras oficiales, en Argentina hay m\u00e1s de 180 mil venezolanos <\/p>\n","protected":false},"author":2,"featured_media":4591,"comment_status":"open","ping_status":"open","sticky":false,"template":"","format":"standard","meta":{"jnews-multi-image_gallery":[],"jnews_single_post":[],"jnews_primary_category":[],"jnews_social_meta":[],"jnews_review":[],"enable_review":"","type":"","name":"","summary":"","brand":"","sku":"","good":[],"bad":[],"score_override":"","override_value":"","rating":[],"price":[],"jnews_override_counter":[],"jnews_post_split":[],"footnotes":""},"categories":[54],"tags":[315,45,67],"class_list":["post-4590","post","type-post","status-publish","format-standard","has-post-thumbnail","hentry","category-inmigracion","tag-migrantes","tag-noticias","tag-venezolanos-en-argentina"],"amp_enabled":true,"_links":{"self":[{"href":"https:\/\/esreviral.com\/index.php?rest_route=\/wp\/v2\/posts\/4590"}],"collection":[{"href":"https:\/\/esreviral.com\/index.php?rest_route=\/wp\/v2\/posts"}],"about":[{"href":"https:\/\/esreviral.com\/index.php?rest_route=\/wp\/v2\/types\/post"}],"author":[{"embeddable":true,"href":"https:\/\/esreviral.com\/index.php?rest_route=\/wp\/v2\/users\/2"}],"replies":[{"embeddable":true,"href":"https:\/\/esreviral.com\/index.php?rest_route=%2Fwp%2Fv2%2Fcomments&post=4590"}],"version-history":[{"count":0,"href":"https:\/\/esreviral.com\/index.php?rest_route=\/wp\/v2\/posts\/4590\/revisions"}],"wp:featuredmedia":[{"embeddable":true,"href":"https:\/\/esreviral.com\/index.php?rest_route=\/"}],"wp:attachment":[{"href":"https:\/\/esreviral.com\/index.php?rest_route=%2Fwp%2Fv2%2Fmedia&parent=4590"}],"wp:term":[{"taxonomy":"category","embeddable":true,"href":"https:\/\/esreviral.com\/index.php?rest_route=%2Fwp%2Fv2%2Fcategories&post=4590"},{"taxonomy":"post_tag","embeddable":true,"href":"https:\/\/esreviral.com\/index.php?rest_route=%2Fwp%2Fv2%2Ftags&post=4590"}],"curies":[{"name":"wp","href":"https:\/\/api.w.org\/{rel}","templated":true}]}}