{"id":45889,"date":"2023-11-30T08:25:15","date_gmt":"2023-11-30T13:25:15","guid":{"rendered":"https:\/\/esreviral.com\/?p=45889"},"modified":"2023-11-30T08:25:15","modified_gmt":"2023-11-30T13:25:15","slug":"un-grupo-de-padres-denuncio-que-10-ninos-fueron-abusados-por-un-hombre-en-un-jardin-de-la-matanza","status":"publish","type":"post","link":"https:\/\/esreviral.com\/?p=45889","title":{"rendered":"Un grupo de padres denunci\u00f3 que 10 ni\u00f1os fueron abusados por un hombre en un jard\u00edn de La Matanza"},"content":{"rendered":"\n<p>Este mi\u00e9rcoles se formularon\u00a010 denuncias por abuso sexual en un jard\u00edn de infantes\u00a0de Villa Madero. <\/p>\n\n\n\n<p>Seg\u00fan el medio\u00a0TN, varias madres comenzaron las sospechas cuando los nenes, de entre tres y cuatro a\u00f1os, lloraban cuando los llevaban a la instituci\u00f3n.<\/p>\n\n\n\n<p><strong>Los nenes describieron a la persona que les hizo da\u00f1o, pero\u00a0ninguna de las madres sabe cu\u00e1l es su cargo en la escuela y tampoco pudieron identificarlo.\u00a0Por esto, se presentaron en el Colegio San Carlos Borromeo de la localidad del partido de La Matanza para reclamar.<\/strong><\/p>\n\n\n\n<p>Gisella sigui\u00f3 haci\u00e9ndole preguntasa su nena sobre el hecho y decidi\u00f3 regresar al instituto para hablar al respecto, pero no encontr\u00f3 a nadie. Cuando consult\u00f3 en el grupo de mam\u00e1s, varias confirmaron que sus nenes les hab\u00edan contado sobre situaciones similares y mencionaron el mismo nombre. <strong><em>\u201cEl lunes, vinimos a la reuni\u00f3n y no nos dieron una respuesta\u201d,<\/em><\/strong> denunci\u00f3.<\/p>\n\n\n\n<p><strong><em>\u201cNegaban la situaci\u00f3n. El problema es que no fue solamente el caso de la nena, sino que\u00a0otros nenes tuvieron conductas raras, dijeron palabras raras, fuera de lugar para nenes tan chiquitos,\u00a0de tres a\u00f1os\u201d,<\/em><\/strong> se\u00f1al\u00f3 otra madre de las v\u00edctimas.<\/p>\n\n\n\n<p><strong><em>Con informaci\u00f3n de TN <\/em><\/strong><\/p>\n","protected":false},"excerpt":{"rendered":"<p>Este mi\u00e9rcoles se formularon\u00a010 denuncias por abuso sexual en un jard\u00edn de infantes\u00a0de Villa Madero. Seg\u00fan el medio\u00a0TN, varias madres comenzaron las sospechas cuando los nenes, de entre tres y cuatro a\u00f1os, lloraban cuando los llevaban a la instituci\u00f3n. Los nenes describieron a la persona que les hizo da\u00f1o, pero\u00a0ninguna de las madres sabe cu\u00e1l [&hellip;]<\/p>\n","protected":false},"author":5,"featured_media":45890,"comment_status":"closed","ping_status":"closed","sticky":false,"template":"","format":"standard","meta":{"jnews-multi-image_gallery":[],"jnews_single_post":{"subtitle":"","format":"standard","video":"","gallery":"","source_name":"","source_url":"","via_name":"","via_url":"","override_template":"0","override":[{"template":"4","single_blog_custom":"","parallax":"1","fullscreen":"1","layout":"right-sidebar","sidebar":"default-sidebar","second_sidebar":"default-sidebar","sticky_sidebar":"1","share_position":"top","share_float_style":"share-monocrhome","show_share_counter":"1","show_view_counter":"1","show_featured":"1","show_post_meta":"1","show_post_author":"1","show_post_author_image":"1","show_post_date":"1","post_date_format":"default","post_date_format_custom":"Y\/m\/d","show_post_category":"1","show_post_reading_time":"1","post_reading_time_wpm":"300","show_zoom_button":"1","zoom_button_out_step":"2","zoom_button_in_step":"3","show_post_tag":"1","show_prev_next_post":"1","show_popup_post":"1","number_popup_post":"1","show_author_box":"1","show_post_related":"1","show_inline_post_related":"0"}],"override_image_size":"0","image_override":[{"single_post_thumbnail_size":"crop-500","single_post_gallery_size":"crop-500"}],"trending_post":"0","trending_post_position":"meta","trending_post_label":"Trending","sponsored_post":"0","sponsored_post_label":"Sponsored by","sponsored_post_name":"","sponsored_post_url":"","sponsored_post_logo_enable":"0","sponsored_post_logo":"","sponsored_post_desc":"","disable_ad":"0"},"jnews_primary_category":{"id":"","hide":""},"jnews_social_meta":{"fb_title":"","fb_description":"","fb_image":"","twitter_title":"","twitter_description":"","twitter_image":""},"jnews_review":[],"enable_review":"0","type":"percentage","name":"","summary":"","brand":"","sku":"","good":[{"good_text":""}],"bad":[{"bad_text":""}],"score_override":"","override_value":"","rating":[{"rating_text":"","rating_number":"10"}],"price":[{"shop":"","price":"","link":"","icon":""}],"jnews_override_counter":{"override_view_counter":"0","view_counter_number":"0","override_share_counter":"0","share_counter_number":"0","override_like_counter":"0","like_counter_number":"0","override_dislike_counter":"0","dislike_counter_number":"0"},"jnews_post_split":{"enable_post_split":"0","post_split":[{"template":"1","tag":"h2","numbering":"asc","mode":"normal","first":"0","enable_toc":"0","toc_type":"normal"}]},"footnotes":""},"categories":[43,64],"tags":[7927,564],"class_list":["post-45889","post","type-post","status-publish","format-standard","has-post-thumbnail","hentry","category-actualidad","category-sucesos","tag-jardin-de-infantes","tag-la-matanza"],"amp_enabled":true,"_links":{"self":[{"href":"https:\/\/esreviral.com\/index.php?rest_route=\/wp\/v2\/posts\/45889"}],"collection":[{"href":"https:\/\/esreviral.com\/index.php?rest_route=\/wp\/v2\/posts"}],"about":[{"href":"https:\/\/esreviral.com\/index.php?rest_route=\/wp\/v2\/types\/post"}],"author":[{"embeddable":true,"href":"https:\/\/esreviral.com\/index.php?rest_route=\/wp\/v2\/users\/5"}],"replies":[{"embeddable":true,"href":"https:\/\/esreviral.com\/index.php?rest_route=%2Fwp%2Fv2%2Fcomments&post=45889"}],"version-history":[{"count":0,"href":"https:\/\/esreviral.com\/index.php?rest_route=\/wp\/v2\/posts\/45889\/revisions"}],"wp:featuredmedia":[{"embeddable":true,"href":"https:\/\/esreviral.com\/index.php?rest_route=\/wp\/v2\/media\/45890"}],"wp:attachment":[{"href":"https:\/\/esreviral.com\/index.php?rest_route=%2Fwp%2Fv2%2Fmedia&parent=45889"}],"wp:term":[{"taxonomy":"category","embeddable":true,"href":"https:\/\/esreviral.com\/index.php?rest_route=%2Fwp%2Fv2%2Fcategories&post=45889"},{"taxonomy":"post_tag","embeddable":true,"href":"https:\/\/esreviral.com\/index.php?rest_route=%2Fwp%2Fv2%2Ftags&post=45889"}],"curies":[{"name":"wp","href":"https:\/\/api.w.org\/{rel}","templated":true}]}}