{"id":45886,"date":"2023-11-30T08:10:24","date_gmt":"2023-11-30T13:10:24","guid":{"rendered":"https:\/\/esreviral.com\/?p=45886"},"modified":"2023-11-30T08:10:25","modified_gmt":"2023-11-30T13:10:25","slug":"javier-milei-eliminaria-la-secretaria-de-comercio-todos-los-precios-que-pueda-de-la-economia-los-voy-a-liberar","status":"publish","type":"post","link":"https:\/\/esreviral.com\/?p=45886","title":{"rendered":"Javier Milei eliminar\u00eda la secretar\u00eda de Comercio: \u00abTodos los precios que pueda de la econom\u00eda, los voy a liberar\u00bb"},"content":{"rendered":"\n<p>Aunque Javier Milei dej\u00f3 de lado, por ahora, al Banco Central, ahora le apunta a la Secretar\u00eda de Comercio. <\/p>\n\n\n\n<p>En una entrevista radial, el presidente electo y ya consagrado como tal por la Asamblea Legislativa, anunci\u00f3 que suprimir\u00e1 el organismo que hasta hoy encabeza Mat\u00edas Tombolini. <strong><em>\u00abObvio, no tiene por qu\u00e9 estar haciendo eso de regular precios, me parece una aberraci\u00f3n\u00bb,<\/em><\/strong> respondi\u00f3 reafirmando la decisi\u00f3n que piensa implementar apenas asuma al frente del gobierno.\u00a0<\/p>\n\n\n\n<p>Ni secretar\u00eda de Comercio ni regulaciones de precios, ni siquiera en la forma de acuerdos con empresas l\u00edderes. <em><strong>\u00abNo va a existir en el sentido que le dieron hist\u00f3ricamente los gobiernos. Todos los precios que pueda de la econom\u00eda, los voy a liberar. Hay algunos que todav\u00eda no puedo hacerlo por las caracter\u00edsticas de las bombas que dej\u00f3 plantadas el Gobierno\u00bb,<\/strong><\/em> asegur\u00f3.<\/p>\n\n\n\n<p>Anticipando los ejes de las principales medidas que prepara para iniciar su gesti\u00f3n econ\u00f3mica, el l\u00edder de La Libertad Avanza apunt\u00f3 que <strong><em>\u00abestamos haciendo los ajustes de sinton\u00eda fina, de modo tal de alcanzar los mejores resultados posibles en funci\u00f3n de la herencia monstruosa que estamos recibiendo\u00bb.<\/em><\/strong><\/p>\n\n\n\n<blockquote class=\"wp-block-quote is-layout-flow wp-block-quote-is-layout-flow\">\n<p><strong><em>\u00abEs la peor herencia de la democracia, sin dudas. Tenemos armado el paquete central de medidas para cortar el d\u00e9ficit fiscal y desregular la econom\u00eda\u00bb,<\/em><\/strong> indic\u00f3 de inmediato.<\/p>\n<\/blockquote>\n\n\n\n<p><strong>El paso del bast\u00f3n de mando de Alberto Fern\u00e1ndez a Javier Milei, el domingo 10 de diciembre, marcar\u00eda entonces el final del programa Precios Justos para alimentos y bebidas en las cadenas de hipermercados, productos de higiene y limpieza, y diversos rubros que se han ido incorporando posteriormente.<\/strong><\/p>\n\n\n\n<p>Entre estos \u00faltimos, pueden mencionarse medicamentos, prendas de\u00a0 vestir y calzado, y cortes populares de carne vacuna.<\/p>\n\n\n\n<p>Actualmente, la Secretar\u00eda de Comercio funciona dentro del organigrama del Ministerio de Econom\u00eda y es el organismo que lleva adelante los acuerdos denominados Precios Justos, que se negocian con las empresas de consumo masivo y distintos sectores de la econom\u00eda, entre otras cuestiones.<\/p>\n\n\n\n<p><strong><em>Con informaci\u00f3n de P\u00e1gina 12<\/em><\/strong><\/p>\n","protected":false},"excerpt":{"rendered":"<p>Aunque Javier Milei dej\u00f3 de lado, por ahora, al Banco Central, ahora le apunta a la Secretar\u00eda de Comercio. En una entrevista radial, el presidente electo y ya consagrado como tal por la Asamblea Legislativa, anunci\u00f3 que suprimir\u00e1 el organismo que hasta hoy encabeza Mat\u00edas Tombolini. \u00abObvio, no tiene por qu\u00e9 estar haciendo eso de [&hellip;]<\/p>\n","protected":false},"author":5,"featured_media":45887,"comment_status":"closed","ping_status":"closed","sticky":false,"template":"","format":"standard","meta":{"jnews-multi-image_gallery":[],"jnews_single_post":{"subtitle":"","format":"standard","video":"","gallery":"","source_name":"","source_url":"","via_name":"","via_url":"","override_template":"0","override":[{"template":"4","single_blog_custom":"","parallax":"1","fullscreen":"1","layout":"right-sidebar","sidebar":"default-sidebar","second_sidebar":"default-sidebar","sticky_sidebar":"1","share_position":"top","share_float_style":"share-monocrhome","show_share_counter":"1","show_view_counter":"1","show_featured":"1","show_post_meta":"1","show_post_author":"1","show_post_author_image":"1","show_post_date":"1","post_date_format":"default","post_date_format_custom":"Y\/m\/d","show_post_category":"1","show_post_reading_time":"1","post_reading_time_wpm":"300","show_zoom_button":"1","zoom_button_out_step":"2","zoom_button_in_step":"3","show_post_tag":"1","show_prev_next_post":"1","show_popup_post":"1","number_popup_post":"1","show_author_box":"1","show_post_related":"1","show_inline_post_related":"0"}],"override_image_size":"0","image_override":[{"single_post_thumbnail_size":"crop-500","single_post_gallery_size":"crop-500"}],"trending_post":"0","trending_post_position":"meta","trending_post_label":"Trending","sponsored_post":"0","sponsored_post_label":"Sponsored by","sponsored_post_name":"","sponsored_post_url":"","sponsored_post_logo_enable":"0","sponsored_post_logo":"","sponsored_post_desc":"","disable_ad":"0"},"jnews_primary_category":{"id":"","hide":""},"jnews_social_meta":{"fb_title":"","fb_description":"","fb_image":"","twitter_title":"","twitter_description":"","twitter_image":""},"jnews_review":[],"enable_review":"0","type":"percentage","name":"","summary":"","brand":"","sku":"","good":[{"good_text":""}],"bad":[{"bad_text":""}],"score_override":"","override_value":"","rating":[{"rating_text":"","rating_number":"10"}],"price":[{"shop":"","price":"","link":"","icon":""}],"jnews_override_counter":{"override_view_counter":"0","view_counter_number":"0","override_share_counter":"0","share_counter_number":"0","override_like_counter":"0","like_counter_number":"0","override_dislike_counter":"0","dislike_counter_number":"0"},"jnews_post_split":{"enable_post_split":"0","post_split":[{"template":"1","tag":"h2","numbering":"asc","mode":"normal","first":"0","enable_toc":"0","toc_type":"normal"}]},"footnotes":""},"categories":[43,58,61],"tags":[1158,5451,2282],"class_list":["post-45886","post","type-post","status-publish","format-standard","has-post-thumbnail","hentry","category-actualidad","category-argentina","category-economia","tag-javier-milei","tag-precios-justos","tag-secretaria-de-comercio-2"],"amp_enabled":true,"_links":{"self":[{"href":"https:\/\/esreviral.com\/index.php?rest_route=\/wp\/v2\/posts\/45886"}],"collection":[{"href":"https:\/\/esreviral.com\/index.php?rest_route=\/wp\/v2\/posts"}],"about":[{"href":"https:\/\/esreviral.com\/index.php?rest_route=\/wp\/v2\/types\/post"}],"author":[{"embeddable":true,"href":"https:\/\/esreviral.com\/index.php?rest_route=\/wp\/v2\/users\/5"}],"replies":[{"embeddable":true,"href":"https:\/\/esreviral.com\/index.php?rest_route=%2Fwp%2Fv2%2Fcomments&post=45886"}],"version-history":[{"count":0,"href":"https:\/\/esreviral.com\/index.php?rest_route=\/wp\/v2\/posts\/45886\/revisions"}],"wp:featuredmedia":[{"embeddable":true,"href":"https:\/\/esreviral.com\/index.php?rest_route=\/wp\/v2\/media\/45887"}],"wp:attachment":[{"href":"https:\/\/esreviral.com\/index.php?rest_route=%2Fwp%2Fv2%2Fmedia&parent=45886"}],"wp:term":[{"taxonomy":"category","embeddable":true,"href":"https:\/\/esreviral.com\/index.php?rest_route=%2Fwp%2Fv2%2Fcategories&post=45886"},{"taxonomy":"post_tag","embeddable":true,"href":"https:\/\/esreviral.com\/index.php?rest_route=%2Fwp%2Fv2%2Ftags&post=45886"}],"curies":[{"name":"wp","href":"https:\/\/api.w.org\/{rel}","templated":true}]}}