{"id":45880,"date":"2023-11-30T07:43:28","date_gmt":"2023-11-30T12:43:28","guid":{"rendered":"https:\/\/esreviral.com\/?p=45880"},"modified":"2023-11-30T09:55:33","modified_gmt":"2023-11-30T14:55:33","slug":"nominan-a-los-premio-goya-a-simon-la-pelicula-sobre-la-represion-y-tortura-en-venezuela-video","status":"publish","type":"post","link":"https:\/\/esreviral.com\/?p=45880","title":{"rendered":"Sim\u00f3n la pel\u00edcula que caus\u00f3 sensaci\u00f3n en Buenos Aires es nominada a los Premios Goya"},"content":{"rendered":"\n<p>Luego de su exitoso debut en Argentina y un recorrido por distintas ciudades del continente, la pel\u00edcula Sim\u00f3n, dirigida por Diego Vicentini, fue nominada a los Premios Goya en la categor\u00eda mejor pel\u00edcula Iberoamericana. <\/p>\n\n\n\n<p>Los actores Luis Tosar y Anna Castillo anunciaron este jueves las nominaciones de la pr\u00f3xima edici\u00f3n de los Goya, cuya gala se celebrar\u00e1 el pr\u00f3ximo 10 de febrero en la ciudad de Valladolid (centro).<\/p>\n\n\n\n<p>Se trata de \u2018<strong>La memoria infinita\u2019, de Maite Alberdi (Chile); \u2018Puan\u2019, de Mar\u00eda Alch\u00e9 y Benjam\u00edn Naishtat (Argentina); \u2018La pecera\u2019, de Glorimar Marrero Sanchez (Puerto Rico); \u2018Sim\u00f3n\u2019, de Diego Vicentini (Venezuela) y \u2018Alma viva\u2019, de Crist\u00e8le Alves Meira (Portugal).<\/strong><\/p>\n\n\n\n<p>Lea tambi\u00e9n: <strong><a href=\"https:\/\/esreviral.com\/director-de-simon-hubo-irregularidades-para-escoger-la-pelicula-que-representara-a-venezuela-en-el-oscar\/\">Director de Sim\u00f3n: \u201chubo irregularidades para escoger la pel\u00edcula que representar\u00e1 a Venezuela en el \u00d3scar\u201d<\/a><\/strong><\/p>\n\n\n\n<figure class=\"wp-block-embed is-type-video is-provider-youtube wp-block-embed-youtube wp-embed-aspect-16-9 wp-has-aspect-ratio\"><div class=\"wp-block-embed__wrapper\">\n<div class=\"jeg_video_container jeg_video_content\"><iframe title=\"As\u00ed fue el estreno de Sim\u00f3n en Buenos Aires\" width=\"500\" height=\"281\" src=\"https:\/\/www.youtube.com\/embed\/nyjTW7yPin4?feature=oembed\" frameborder=\"0\" allow=\"accelerometer; autoplay; clipboard-write; encrypted-media; gyroscope; picture-in-picture; web-share\" referrerpolicy=\"strict-origin-when-cross-origin\" allowfullscreen><\/iframe><\/div>\n<\/div><\/figure>\n","protected":false},"excerpt":{"rendered":"<p>Luego de su exitoso debut en Argentina y un recorrido por distintas ciudades del continente, la pel\u00edcula Sim\u00f3n, dirigida por Diego Vicentini, fue nominada a los Premios Goya en la categor\u00eda mejor pel\u00edcula Iberoamericana. Los actores Luis Tosar y Anna Castillo anunciaron este jueves las nominaciones de la pr\u00f3xima edici\u00f3n de los Goya, cuya gala [&hellip;]<\/p>\n","protected":false},"author":5,"featured_media":45881,"comment_status":"open","ping_status":"closed","sticky":false,"template":"","format":"standard","meta":{"jnews-multi-image_gallery":[],"jnews_single_post":{"subtitle":"","format":"standard","video":"","gallery":"","source_name":"","source_url":"","via_name":"","via_url":"","override_template":"0","override":[{"template":"4","single_blog_custom":"","parallax":"1","fullscreen":"1","layout":"right-sidebar","sidebar":"default-sidebar","second_sidebar":"default-sidebar","sticky_sidebar":"1","share_position":"top","share_float_style":"share-monocrhome","show_share_counter":"1","show_view_counter":"1","show_featured":"1","show_post_meta":"1","show_post_author":"1","show_post_author_image":"1","show_post_date":"1","post_date_format":"default","post_date_format_custom":"Y\/m\/d","show_post_category":"1","show_post_reading_time":"1","post_reading_time_wpm":"300","show_zoom_button":"1","zoom_button_out_step":"2","zoom_button_in_step":"3","show_post_tag":"1","show_prev_next_post":"1","show_popup_post":"1","number_popup_post":"1","show_author_box":"1","show_post_related":"1","show_inline_post_related":"0"}],"override_image_size":"0","image_override":[{"single_post_thumbnail_size":"crop-500","single_post_gallery_size":"crop-500"}],"trending_post":"0","trending_post_position":"meta","trending_post_label":"Trending","sponsored_post":"0","sponsored_post_label":"Sponsored by","sponsored_post_name":"","sponsored_post_url":"","sponsored_post_logo_enable":"0","sponsored_post_logo":"","sponsored_post_desc":"","disable_ad":"0"},"jnews_primary_category":{"id":"","hide":""},"jnews_social_meta":{"fb_title":"","fb_description":"","fb_image":"","twitter_title":"","twitter_description":"","twitter_image":""},"jnews_review":[],"enable_review":"0","type":"percentage","name":"","summary":"","brand":"","sku":"","good":[{"good_text":""}],"bad":[{"bad_text":""}],"score_override":"","override_value":"","rating":[{"rating_text":"","rating_number":"10"}],"price":[{"shop":"","price":"","link":"","icon":""}],"jnews_override_counter":{"override_view_counter":"0","view_counter_number":"0","override_share_counter":"0","share_counter_number":"0","override_like_counter":"0","like_counter_number":"0","override_dislike_counter":"0","dislike_counter_number":"0"},"jnews_post_split":{"enable_post_split":"0","post_split":[{"template":"1","tag":"h2","numbering":"asc","mode":"normal","first":"0","enable_toc":"0","toc_type":"normal"}]},"footnotes":""},"categories":[1069,50],"tags":[12265,12841,45,12190,12220,67],"class_list":["post-45880","post","type-post","status-publish","format-standard","has-post-thumbnail","hentry","category-cine-y-series","category-entretenimiento","tag-diego-vicentini","tag-goya","tag-noticias","tag-premios-goya","tag-simon-2","tag-venezolanos-en-argentina"],"amp_enabled":true,"_links":{"self":[{"href":"https:\/\/esreviral.com\/index.php?rest_route=\/wp\/v2\/posts\/45880"}],"collection":[{"href":"https:\/\/esreviral.com\/index.php?rest_route=\/wp\/v2\/posts"}],"about":[{"href":"https:\/\/esreviral.com\/index.php?rest_route=\/wp\/v2\/types\/post"}],"author":[{"embeddable":true,"href":"https:\/\/esreviral.com\/index.php?rest_route=\/wp\/v2\/users\/5"}],"replies":[{"embeddable":true,"href":"https:\/\/esreviral.com\/index.php?rest_route=%2Fwp%2Fv2%2Fcomments&post=45880"}],"version-history":[{"count":0,"href":"https:\/\/esreviral.com\/index.php?rest_route=\/wp\/v2\/posts\/45880\/revisions"}],"wp:featuredmedia":[{"embeddable":true,"href":"https:\/\/esreviral.com\/index.php?rest_route=\/wp\/v2\/media\/45881"}],"wp:attachment":[{"href":"https:\/\/esreviral.com\/index.php?rest_route=%2Fwp%2Fv2%2Fmedia&parent=45880"}],"wp:term":[{"taxonomy":"category","embeddable":true,"href":"https:\/\/esreviral.com\/index.php?rest_route=%2Fwp%2Fv2%2Fcategories&post=45880"},{"taxonomy":"post_tag","embeddable":true,"href":"https:\/\/esreviral.com\/index.php?rest_route=%2Fwp%2Fv2%2Ftags&post=45880"}],"curies":[{"name":"wp","href":"https:\/\/api.w.org\/{rel}","templated":true}]}}