{"id":45632,"date":"2023-11-24T06:57:32","date_gmt":"2023-11-24T11:57:32","guid":{"rendered":"https:\/\/esreviral.com\/?p=45632"},"modified":"2023-11-24T06:57:32","modified_gmt":"2023-11-24T11:57:32","slug":"los-venezolanos-son-el-cuarto-grupo-mas-grande-de-solicitantes-de-asilo-en-la-union-europea","status":"publish","type":"post","link":"https:\/\/esreviral.com\/?p=45632","title":{"rendered":"Los venezolanos son el cuarto grupo m\u00e1s grande de solicitantes de asilo en la Uni\u00f3n Europea"},"content":{"rendered":"\n<p>La crisis migratoria que vive el mundo se refleja en el aumento de las solicitudes de asilo en la\u00a0Uni\u00f3n Europea (UE), que en agosto de 2023\u00a0registr\u00f3 un 19 % m\u00e1s de peticiones que en el mismo mes del a\u00f1o anterior, seg\u00fan los datos publicados este martes por la oficina europea de estad\u00edstica, Eurostat.<\/p>\n\n\n\n<p><strong>De las 91.735 primeras solicitudes de asilo presentadas en agosto, el 68 % se concentr\u00f3 en cuatro pa\u00edses:\u00a0Alemania, Espa\u00f1a, Francia e Italia. Alemania fue el destino m\u00e1s solicitado, con 29.110 peticiones, seguido de Espa\u00f1a, con 12.075, Francia, con 11.495, e Italia, con 10.005.<\/strong><\/p>\n\n\n\n<p>Estos cuatro pa\u00edses mantienen la tendencia de los meses anteriores, en los que tambi\u00e9n\u00a0recibieron el mayor n\u00famero de solicitudes de asilo en la UE. Sin embargo, el reparto no es equitativo, ya que Alemania acoge casi el doble de solicitantes que el segundo pa\u00eds m\u00e1s demandado, Espa\u00f1a.<\/p>\n\n\n\n<p>En cuanto a la procedencia de los solicitantes, los ciudadanos sirios siguen siendo el grupo m\u00e1s numeroso, con 18.170 primeras solicitudes en agosto, lo que supone el 20 % del total.<strong> Les siguen los afganos, con 9.785 peticiones, los turcos, con 7.970,\u00a0los venezolanos, con 4.805, y los colombianos, con 4.665.<\/strong><\/p>\n\n\n\n<p>Por el contrario, el n\u00famero de solicitantes que ya hab\u00edan pedido protecci\u00f3n internacional en la UE\u00a0disminuy\u00f3 un 8 % en agosto,\u00a0pasando de 6.165 en 2022 a 5.660 en 2023. Esto indica que la mayor\u00eda de los solicitantes de asilo son nuevos llegados al territorio europeo, que buscan una oportunidad de vida mejor.<\/p>\n\n\n\n<p><strong><em>Con informaci\u00f3n de Eurostat.<\/em><\/strong><\/p>\n","protected":false},"excerpt":{"rendered":"<p>La crisis migratoria que vive el mundo se refleja en el aumento de las solicitudes de asilo en la\u00a0Uni\u00f3n Europea (UE), que en agosto de 2023\u00a0registr\u00f3 un 19 % m\u00e1s de peticiones que en el mismo mes del a\u00f1o anterior, seg\u00fan los datos publicados este martes por la oficina europea de estad\u00edstica, Eurostat. De las [&hellip;]<\/p>\n","protected":false},"author":5,"featured_media":45633,"comment_status":"closed","ping_status":"closed","sticky":false,"template":"","format":"standard","meta":{"jnews-multi-image_gallery":[],"jnews_single_post":{"subtitle":"","format":"standard","video":"","gallery":"","source_name":"","source_url":"","via_name":"","via_url":"","override_template":"0","override":[{"template":"4","single_blog_custom":"","parallax":"1","fullscreen":"1","layout":"right-sidebar","sidebar":"default-sidebar","second_sidebar":"default-sidebar","sticky_sidebar":"1","share_position":"top","share_float_style":"share-monocrhome","show_share_counter":"1","show_view_counter":"1","show_featured":"1","show_post_meta":"1","show_post_author":"1","show_post_author_image":"1","show_post_date":"1","post_date_format":"default","post_date_format_custom":"Y\/m\/d","show_post_category":"1","show_post_reading_time":"1","post_reading_time_wpm":"300","show_zoom_button":"1","zoom_button_out_step":"2","zoom_button_in_step":"3","show_post_tag":"1","show_prev_next_post":"1","show_popup_post":"1","number_popup_post":"1","show_author_box":"1","show_post_related":"1","show_inline_post_related":"0"}],"override_image_size":"0","image_override":[{"single_post_thumbnail_size":"crop-500","single_post_gallery_size":"crop-500"}],"trending_post":"0","trending_post_position":"meta","trending_post_label":"Trending","sponsored_post":"0","sponsored_post_label":"Sponsored by","sponsored_post_name":"","sponsored_post_url":"","sponsored_post_logo_enable":"0","sponsored_post_logo":"","sponsored_post_desc":"","disable_ad":"0"},"jnews_primary_category":{"id":"","hide":""},"jnews_social_meta":{"fb_title":"","fb_description":"","fb_image":"","twitter_title":"","twitter_description":"","twitter_image":""},"jnews_review":[],"enable_review":"0","type":"percentage","name":"","summary":"","brand":"","sku":"","good":[{"good_text":""}],"bad":[{"bad_text":""}],"score_override":"","override_value":"","rating":[{"rating_text":"","rating_number":"10"}],"price":[{"shop":"","price":"","link":"","icon":""}],"jnews_override_counter":{"override_view_counter":"0","view_counter_number":"0","override_share_counter":"0","share_counter_number":"0","override_like_counter":"0","like_counter_number":"0","override_dislike_counter":"0","dislike_counter_number":"0"},"jnews_post_split":{"enable_post_split":"0","post_split":[{"template":"1","tag":"h2","numbering":"asc","mode":"normal","first":"0","enable_toc":"0","toc_type":"normal"}]},"footnotes":""},"categories":[43,54],"tags":[55,56],"class_list":["post-45632","post","type-post","status-publish","format-standard","has-post-thumbnail","hentry","category-actualidad","category-inmigracion","tag-inmigracion","tag-venezuela"],"amp_enabled":true,"_links":{"self":[{"href":"https:\/\/esreviral.com\/index.php?rest_route=\/wp\/v2\/posts\/45632"}],"collection":[{"href":"https:\/\/esreviral.com\/index.php?rest_route=\/wp\/v2\/posts"}],"about":[{"href":"https:\/\/esreviral.com\/index.php?rest_route=\/wp\/v2\/types\/post"}],"author":[{"embeddable":true,"href":"https:\/\/esreviral.com\/index.php?rest_route=\/wp\/v2\/users\/5"}],"replies":[{"embeddable":true,"href":"https:\/\/esreviral.com\/index.php?rest_route=%2Fwp%2Fv2%2Fcomments&post=45632"}],"version-history":[{"count":0,"href":"https:\/\/esreviral.com\/index.php?rest_route=\/wp\/v2\/posts\/45632\/revisions"}],"wp:featuredmedia":[{"embeddable":true,"href":"https:\/\/esreviral.com\/index.php?rest_route=\/wp\/v2\/media\/45633"}],"wp:attachment":[{"href":"https:\/\/esreviral.com\/index.php?rest_route=%2Fwp%2Fv2%2Fmedia&parent=45632"}],"wp:term":[{"taxonomy":"category","embeddable":true,"href":"https:\/\/esreviral.com\/index.php?rest_route=%2Fwp%2Fv2%2Fcategories&post=45632"},{"taxonomy":"post_tag","embeddable":true,"href":"https:\/\/esreviral.com\/index.php?rest_route=%2Fwp%2Fv2%2Ftags&post=45632"}],"curies":[{"name":"wp","href":"https:\/\/api.w.org\/{rel}","templated":true}]}}