{"id":45625,"date":"2023-11-24T06:20:50","date_gmt":"2023-11-24T11:20:50","guid":{"rendered":"https:\/\/esreviral.com\/?p=45625"},"modified":"2023-11-24T06:20:51","modified_gmt":"2023-11-24T11:20:51","slug":"detienen-a-cinco-menores-por-la-violacion-grupal-de-una-nina","status":"publish","type":"post","link":"https:\/\/esreviral.com\/?p=45625","title":{"rendered":"Detienen a cinco menores por la violaci\u00f3n grupal de una ni\u00f1a"},"content":{"rendered":"\n<p>Cinco adolescentes entre 15 y 17 a\u00f1os, han sido detenidos como presuntos autores de la violaci\u00f3n grupal de una menor de 15 a\u00f1os en Dolores (Alicante).<\/p>\n\n\n\n<p>Seg\u00fan las fuentes, los menores fueron detenidos el pasado martes, al d\u00eda siguiente fueron puestos a disposici\u00f3n de Fiscal\u00eda y ya han ingresado en centros de menores de Valencia, Castell\u00f3n y Alicante.<\/p>\n\n\n\n<p>Los hechos se produjeron el pasado d\u00eda 10 en un descampado cercano al polideportivo de Dolores, seg\u00fan la denuncia de la v\u00edctima, y la investigaci\u00f3n realizada por el Equipo Mujer Menor (EMUME) de la Guardia Civil de Alicante ha permitido las cinco detenciones.<\/p>\n\n\n\n<p>Fuentes cercanas a la investigaci\u00f3n se\u00f1alaron que los cinco menores han sido detenidos por un presunto delito de agresi\u00f3n sexual grupal, ya que durante la misma hubo <strong><em>\u00abfelaciones y penetraciones\u00bb<\/em><\/strong>, y se les ha intervenido un m\u00f3vil.<\/p>\n\n\n\n<p><strong>Los arrestados son de origen marroqu\u00ed, aunque cuatro de ellos tienen la nacionalidad espa\u00f1ola, y dos de ellos formaban parte del c\u00edrculo cercano de la v\u00edctima<\/strong><\/p>\n\n\n\n<p><strong><em>800 noticias<\/em><\/strong><\/p>\n","protected":false},"excerpt":{"rendered":"<p>Cinco adolescentes entre 15 y 17 a\u00f1os, han sido detenidos como presuntos autores de la violaci\u00f3n grupal de una menor de 15 a\u00f1os en Dolores (Alicante). Seg\u00fan las fuentes, los menores fueron detenidos el pasado martes, al d\u00eda siguiente fueron puestos a disposici\u00f3n de Fiscal\u00eda y ya han ingresado en centros de menores de Valencia, [&hellip;]<\/p>\n","protected":false},"author":5,"featured_media":45626,"comment_status":"closed","ping_status":"closed","sticky":false,"template":"","format":"standard","meta":{"jnews-multi-image_gallery":[],"jnews_single_post":{"subtitle":"","format":"standard","video":"","gallery":"","source_name":"","source_url":"","via_name":"","via_url":"","override_template":"0","override":[{"template":"4","single_blog_custom":"","parallax":"1","fullscreen":"1","layout":"right-sidebar","sidebar":"default-sidebar","second_sidebar":"default-sidebar","sticky_sidebar":"1","share_position":"top","share_float_style":"share-monocrhome","show_share_counter":"1","show_view_counter":"1","show_featured":"1","show_post_meta":"1","show_post_author":"1","show_post_author_image":"1","show_post_date":"1","post_date_format":"default","post_date_format_custom":"Y\/m\/d","show_post_category":"1","show_post_reading_time":"1","post_reading_time_wpm":"300","show_zoom_button":"1","zoom_button_out_step":"2","zoom_button_in_step":"3","show_post_tag":"1","show_prev_next_post":"1","show_popup_post":"1","number_popup_post":"1","show_author_box":"1","show_post_related":"1","show_inline_post_related":"0"}],"override_image_size":"0","image_override":[{"single_post_thumbnail_size":"crop-500","single_post_gallery_size":"crop-500"}],"trending_post":"0","trending_post_position":"meta","trending_post_label":"Trending","sponsored_post":"0","sponsored_post_label":"Sponsored by","sponsored_post_name":"","sponsored_post_url":"","sponsored_post_logo_enable":"0","sponsored_post_logo":"","sponsored_post_desc":"","disable_ad":"0"},"jnews_primary_category":{"id":"","hide":""},"jnews_social_meta":{"fb_title":"","fb_description":"","fb_image":"","twitter_title":"","twitter_description":"","twitter_image":""},"jnews_review":[],"enable_review":"0","type":"percentage","name":"","summary":"","brand":"","sku":"","good":[{"good_text":""}],"bad":[{"bad_text":""}],"score_override":"","override_value":"","rating":[{"rating_text":"","rating_number":"10"}],"price":[{"shop":"","price":"","link":"","icon":""}],"jnews_override_counter":{"override_view_counter":"0","view_counter_number":"0","override_share_counter":"0","share_counter_number":"0","override_like_counter":"0","like_counter_number":"0","override_dislike_counter":"0","dislike_counter_number":"0"},"jnews_post_split":{"enable_post_split":"0","post_split":[{"template":"1","tag":"h2","numbering":"asc","mode":"normal","first":"0","enable_toc":"0","toc_type":"normal"}]},"footnotes":""},"categories":[43,64],"tags":[398,65],"class_list":["post-45625","post","type-post","status-publish","format-standard","has-post-thumbnail","hentry","category-actualidad","category-sucesos","tag-abuso-sexual","tag-sucesos"],"amp_enabled":true,"_links":{"self":[{"href":"https:\/\/esreviral.com\/index.php?rest_route=\/wp\/v2\/posts\/45625"}],"collection":[{"href":"https:\/\/esreviral.com\/index.php?rest_route=\/wp\/v2\/posts"}],"about":[{"href":"https:\/\/esreviral.com\/index.php?rest_route=\/wp\/v2\/types\/post"}],"author":[{"embeddable":true,"href":"https:\/\/esreviral.com\/index.php?rest_route=\/wp\/v2\/users\/5"}],"replies":[{"embeddable":true,"href":"https:\/\/esreviral.com\/index.php?rest_route=%2Fwp%2Fv2%2Fcomments&post=45625"}],"version-history":[{"count":0,"href":"https:\/\/esreviral.com\/index.php?rest_route=\/wp\/v2\/posts\/45625\/revisions"}],"wp:featuredmedia":[{"embeddable":true,"href":"https:\/\/esreviral.com\/index.php?rest_route=\/wp\/v2\/media\/45626"}],"wp:attachment":[{"href":"https:\/\/esreviral.com\/index.php?rest_route=%2Fwp%2Fv2%2Fmedia&parent=45625"}],"wp:term":[{"taxonomy":"category","embeddable":true,"href":"https:\/\/esreviral.com\/index.php?rest_route=%2Fwp%2Fv2%2Fcategories&post=45625"},{"taxonomy":"post_tag","embeddable":true,"href":"https:\/\/esreviral.com\/index.php?rest_route=%2Fwp%2Fv2%2Ftags&post=45625"}],"curies":[{"name":"wp","href":"https:\/\/api.w.org\/{rel}","templated":true}]}}