{"id":45611,"date":"2023-11-23T17:06:20","date_gmt":"2023-11-23T22:06:20","guid":{"rendered":"https:\/\/esreviral.com\/?p=45611"},"modified":"2023-11-23T17:08:37","modified_gmt":"2023-11-23T22:08:37","slug":"patricia-bullrich-seria-la-nueva-ministra-de-seguridad-en-el-gobierno-de-milei","status":"publish","type":"post","link":"https:\/\/esreviral.com\/?p=45611","title":{"rendered":"Patricia Bullrich ser\u00eda la nueva Ministra de Seguridad en el Gobierno de Milei"},"content":{"rendered":"\n<p>CIS.- La tarde de este jueves se conoci\u00f3 que la excandidata presidencial y presidenta del PRO, Patricia Bullrich, asumir\u00e1 el ministerio de Seguridad, cargo que ocup\u00f3 durante la administraci\u00f3n de Macri. <\/p>\n\n\n\n<p>Bullrich, adelant\u00f3 el domingo que no sab\u00eda si volver\u00eda a ese ministerio que no le gustar\u00eda pero que no descartaba la posibilidad. <\/p>\n\n\n\n<p>Tambi\u00e9n se conocieron otros cambios como que Carolina P\u00edparo ya no ser\u00e1 la encarga del Anses. <\/p>\n\n\n\n<p><strong>Emilio Ocampo<\/strong>, designado por el presidente electo para presidir el Banco Central desde antes de la primera vuelta electoral, se baj\u00f3 para ocupar ese lugar.<\/p>\n\n\n\n<p>La posible llegada de&nbsp;<strong>Luis Caputo&nbsp;<\/strong>al ministerio de Econom\u00eda, quien planea un esquema diferente para resolver el desarme del stock de Leliq, fue el factor determinante para la salida de Ocampo del equipo de Milei.<\/p>\n\n\n\n<p>El nombre que m\u00e1s suena para ocupar la presidencia del Banco Central es del de\u00a0<strong>Demi\u00e1n Reidel<\/strong>, quien fue vicepresidente de la entidad durante la gesti\u00f3n de\u00a0<strong>Federico Sturzenegger<\/strong>. Tras un largo paso por Wall Street, Reidel regres\u00f3 a la Argentina a fines de 2015 para integrarse al BCRA convocado por Sturzenegger, de quien fue alumno. Reidel tuvo un rol esencial en salida del control de cambios en el comienzo del gobierno de Mauricio Macri. Hace pocos d\u00edas, cambi\u00f3 su bio de X en la que se presenta como \u201cdesarmador de cepos\u201d.<\/p>\n\n\n\n<p>Lea tambi\u00e9n: <strong><a href=\"https:\/\/esreviral.com\/el-equipo-economico-de-javier-milei-espera-una-unificacion-cambiaria-a-650\/\">El equipo econ\u00f3mico de Javier Milei espera una unificaci\u00f3n cambiaria a $650<\/a><\/strong><\/p>\n","protected":false},"excerpt":{"rendered":"<p>CIS.- La tarde de este jueves se conoci\u00f3 que la excandidata presidencial y presidenta del PRO, Patricia Bullrich, asumir\u00e1 el ministerio de Seguridad, cargo que ocup\u00f3 durante la administraci\u00f3n de Macri. Bullrich, adelant\u00f3 el domingo que no sab\u00eda si volver\u00eda a ese ministerio que no le gustar\u00eda pero que no descartaba la posibilidad. Tambi\u00e9n se [&hellip;]<\/p>\n","protected":false},"author":2,"featured_media":43890,"comment_status":"open","ping_status":"closed","sticky":false,"template":"","format":"standard","meta":{"jnews-multi-image_gallery":[],"jnews_single_post":{"subtitle":"","format":"standard","video":"","gallery":"","source_name":"","source_url":"","via_name":"","via_url":"","override_template":"0","override":[{"template":"4","single_blog_custom":"","parallax":"1","fullscreen":"1","layout":"right-sidebar","sidebar":"default-sidebar","second_sidebar":"default-sidebar","sticky_sidebar":"1","share_position":"top","share_float_style":"share-monocrhome","show_share_counter":"1","show_view_counter":"1","show_featured":"1","show_post_meta":"1","show_post_author":"1","show_post_author_image":"1","show_post_date":"1","post_date_format":"default","post_date_format_custom":"Y\/m\/d","show_post_category":"1","show_post_reading_time":"1","post_reading_time_wpm":"300","show_zoom_button":"1","zoom_button_out_step":"2","zoom_button_in_step":"3","show_post_tag":"1","show_prev_next_post":"1","show_popup_post":"1","number_popup_post":"1","show_author_box":"1","show_post_related":"1","show_inline_post_related":"0"}],"override_image_size":"0","image_override":[{"single_post_thumbnail_size":"crop-500","single_post_gallery_size":"crop-500"}],"trending_post":"0","trending_post_position":"meta","trending_post_label":"Trending","sponsored_post":"0","sponsored_post_label":"Sponsored by","sponsored_post_name":"","sponsored_post_url":"","sponsored_post_logo_enable":"0","sponsored_post_logo":"","sponsored_post_desc":"","disable_ad":"0"},"jnews_primary_category":{"id":"","hide":""},"jnews_social_meta":{"fb_title":"","fb_description":"","fb_image":"","twitter_title":"","twitter_description":"","twitter_image":""},"jnews_review":[],"enable_review":"0","type":"percentage","name":"","summary":"","brand":"","sku":"","good":[{"good_text":""}],"bad":[{"bad_text":""}],"score_override":"","override_value":"","rating":[{"rating_text":"","rating_number":"10"}],"price":[{"shop":"","price":"","link":"","icon":""}],"jnews_override_counter":{"override_view_counter":"0","view_counter_number":"0","override_share_counter":"0","share_counter_number":"0","override_like_counter":"0","like_counter_number":"0","override_dislike_counter":"0","dislike_counter_number":"0"},"jnews_post_split":{"enable_post_split":"0","post_split":[{"template":"1","tag":"h2","numbering":"asc","mode":"normal","first":"0","enable_toc":"0","toc_type":"normal"}]},"footnotes":""},"categories":[58,59],"tags":[44,1158,12804,45,391,7230],"class_list":["post-45611","post","type-post","status-publish","format-standard","has-post-thumbnail","hentry","category-argentina","category-politica","tag-argentina","tag-javier-milei","tag-ministeriod-e-seguridad","tag-noticias","tag-patricia-bullrich","tag-pro"],"amp_enabled":true,"_links":{"self":[{"href":"https:\/\/esreviral.com\/index.php?rest_route=\/wp\/v2\/posts\/45611"}],"collection":[{"href":"https:\/\/esreviral.com\/index.php?rest_route=\/wp\/v2\/posts"}],"about":[{"href":"https:\/\/esreviral.com\/index.php?rest_route=\/wp\/v2\/types\/post"}],"author":[{"embeddable":true,"href":"https:\/\/esreviral.com\/index.php?rest_route=\/wp\/v2\/users\/2"}],"replies":[{"embeddable":true,"href":"https:\/\/esreviral.com\/index.php?rest_route=%2Fwp%2Fv2%2Fcomments&post=45611"}],"version-history":[{"count":0,"href":"https:\/\/esreviral.com\/index.php?rest_route=\/wp\/v2\/posts\/45611\/revisions"}],"wp:featuredmedia":[{"embeddable":true,"href":"https:\/\/esreviral.com\/index.php?rest_route=\/wp\/v2\/media\/43890"}],"wp:attachment":[{"href":"https:\/\/esreviral.com\/index.php?rest_route=%2Fwp%2Fv2%2Fmedia&parent=45611"}],"wp:term":[{"taxonomy":"category","embeddable":true,"href":"https:\/\/esreviral.com\/index.php?rest_route=%2Fwp%2Fv2%2Fcategories&post=45611"},{"taxonomy":"post_tag","embeddable":true,"href":"https:\/\/esreviral.com\/index.php?rest_route=%2Fwp%2Fv2%2Ftags&post=45611"}],"curies":[{"name":"wp","href":"https:\/\/api.w.org\/{rel}","templated":true}]}}