{"id":45408,"date":"2023-11-20T13:38:41","date_gmt":"2023-11-20T18:38:41","guid":{"rendered":"https:\/\/esreviral.com\/?p=45408"},"modified":"2023-11-20T13:38:42","modified_gmt":"2023-11-20T18:38:42","slug":"guapas-y-apoyadas-cumple-10-anos-inspirando-en-una-faceta-que-destaca-el-rol-de-la-mujer-en-el-mundo","status":"publish","type":"post","link":"https:\/\/esreviral.com\/?p=45408","title":{"rendered":"\u201cGuapas y Apoyadas\u201d cumple 10 a\u00f1os \u00abinspirando\u00bb, en una faceta que destaca el rol de la mujer en el mundo"},"content":{"rendered":"\n<p>El programa <a href=\"https:\/\/www.instagram.com\/guapasyapoyadas\/\"><strong>\u201cGuapas y Apoyadas Internacional\u201d<\/strong><\/a> celebr\u00f3 este domingo 19 de noviembre de 2023,\u00a0 su primera d\u00e9cada como marca comercial desde Buenos Aires, Argentina, dirigido a seguidores de todo el mundo.<\/p>\n\n\n\n<p>La marca creada por la periodista valenciana <a href=\"https:\/\/www.instagram.com\/jacmibelrosas\/\">Jacmibel Rosas<\/a>, jefa de prensa de \u201cPanas en Utah\u201d y redactora de \u201cEs Re Viral\u201d, La voz de los venezolanos en Argentina, comenz\u00f3 como un programa de radio transmitido en Venezuela.<\/p>\n\n\n\n<p>Luego de tres a\u00f1os se convirti\u00f3 en la marca comercial de la<a href=\"https:\/\/www.panasenutah.com\/2020\/06\/01\/jacmibel-rosas-la-creadora-de-guapas-y-apoyadas-en-we-are-latinos\/\"> comunicadora social<\/a>, quien decidi\u00f3 continuar con varios invitados especiales en radio FM.<\/p>\n\n\n\n<p>Al emigrar en 2018 a Buenos Aires, da un paseo por la radio online en Argentina desde Recoleta, para luego incursionar a su canal de Youtube, lo que le abrir\u00eda las puertas a la primera radio online para la comunidad hispana de Utah <a href=\"http:\/\/www.wearelatinosradio.com\/\">www.wearelatinosradio.com<\/a> gracias a Frengy Alvarado, CEO de la marca, en donde estuvo con 100 programas. &nbsp;<\/p>\n\n\n\n<p>Este 2023,<a href=\"https:\/\/www.panasenutah.com\/2020\/11\/18\/guapas-y-apoyadas-cumple-7-anos-con-la-bendicion-de-la-virgen-de-la-chinita\/\"> \u201cGuapas y apoyadas Internacional\u201d<\/a> cierra su primer ciclo de vida al llegar a las 10 velitas, comenzando una nueva etapa de muchos proyectos por consolidar. Llena de emoci\u00f3n, Jacmibel Rosas describe la perseverancia y la constancia de la mujer latina, \u201cque se cae 6 veces pero se levanta 7\u201d, destac\u00f3.&nbsp;<\/p>\n\n\n\n<p>Este emprendimiento est\u00e1 m\u00e1s vivo que nunca, a trav\u00e9s de sus live streaming y no descartan un Podcast para el 2024, siempre a la vanguardia y adaptados a la realidad de lo que el p\u00fablico demanda, apostando a destacar lo bueno de la comunidad latina en el mundo: <strong><em>\u201cGuapas busca destacar eso bonito de la mujer empoderada, que trabaja, es mam\u00e1 ,esposa, pero al mismo tiempo suma d\u00eda a d\u00eda un granito de arena para llegar a cumplir sus sue\u00f1os, porque no los abandona, busca hacer despertar a las mujeres, de que s\u00ed se puede\u201d, <\/em><\/strong>explic\u00f3 Rosas.<\/p>\n\n\n\n<p>La marca comercial, tiene un enfoque internacional, ya que va dirigido al l\u00edder hispano y a las mujeres latinas emprendedoras de hoy.<\/p>\n\n\n\n<p>Por las elecciones presidenciales de este domingo, \u201cGuapas y Apoyadas Internacional\u201d celebrar\u00e1 en vivo su aniversario el pr\u00f3ximo s\u00e1bado 25 de noviembre en uno de los lugares m\u00e1s instagrameables de la capital de Buenos Aires, con un selecto compartir con los medios en el que estar\u00e1 acompa\u00f1ada por el periodista <a href=\"https:\/\/www.instagram.com\/carlosi_suarez\/\">Carlos Iv\u00e1n Su\u00e1rez<\/a> CEO de \u201cEs Re Viral\u201d y Frengy Alvarado a distancia desde Utah.&nbsp;<\/p>\n\n\n\n<p>Est\u00e1n invitados a conectarse en el live a trav\u00e9s de su cuenta de Instagram, donde pueden seguirla <a href=\"https:\/\/www.instagram.com\/guapasyapoyadas\/\">@guapasyapoyadas<\/a> en Instagram y en<a href=\"https:\/\/www.facebook.com\/Guapasyapoyadas\"> Facebook<\/a>.&nbsp;<\/p>\n","protected":false},"excerpt":{"rendered":"<p>El programa \u201cGuapas y Apoyadas Internacional\u201d celebr\u00f3 este domingo 19 de noviembre de 2023,\u00a0 su primera d\u00e9cada como marca comercial desde Buenos Aires, Argentina, dirigido a seguidores de todo el mundo. La marca creada por la periodista valenciana Jacmibel Rosas, jefa de prensa de \u201cPanas en Utah\u201d y redactora de \u201cEs Re Viral\u201d, La voz [&hellip;]<\/p>\n","protected":false},"author":2,"featured_media":45409,"comment_status":"open","ping_status":"closed","sticky":false,"template":"","format":"standard","meta":{"jnews-multi-image_gallery":[],"jnews_single_post":{"subtitle":"","format":"standard","video":"","gallery":"","source_name":"","source_url":"","via_name":"","via_url":"","override_template":"0","override":[{"template":"4","single_blog_custom":"","parallax":"1","fullscreen":"1","layout":"right-sidebar","sidebar":"default-sidebar","second_sidebar":"default-sidebar","sticky_sidebar":"1","share_position":"top","share_float_style":"share-monocrhome","show_share_counter":"1","show_view_counter":"1","show_featured":"1","show_post_meta":"1","show_post_author":"1","show_post_author_image":"1","show_post_date":"1","post_date_format":"default","post_date_format_custom":"Y\/m\/d","show_post_category":"1","show_post_reading_time":"1","post_reading_time_wpm":"300","show_zoom_button":"1","zoom_button_out_step":"2","zoom_button_in_step":"3","show_post_tag":"1","show_prev_next_post":"1","show_popup_post":"1","number_popup_post":"1","show_author_box":"1","show_post_related":"1","show_inline_post_related":"0"}],"override_image_size":"0","image_override":[{"single_post_thumbnail_size":"crop-500","single_post_gallery_size":"crop-500"}],"trending_post":"0","trending_post_position":"meta","trending_post_label":"Trending","sponsored_post":"0","sponsored_post_label":"Sponsored by","sponsored_post_name":"","sponsored_post_url":"","sponsored_post_logo_enable":"0","sponsored_post_logo":"","sponsored_post_desc":"","disable_ad":"0"},"jnews_primary_category":{"id":"","hide":""},"jnews_social_meta":{"fb_title":"","fb_description":"","fb_image":"","twitter_title":"","twitter_description":"","twitter_image":""},"jnews_review":[],"enable_review":"0","type":"percentage","name":"","summary":"","brand":"","sku":"","good":[{"good_text":""}],"bad":[{"bad_text":""}],"score_override":"","override_value":"","rating":[{"rating_text":"","rating_number":"10"}],"price":[{"shop":"","price":"","link":"","icon":""}],"jnews_override_counter":{"override_view_counter":"0","view_counter_number":"0","override_share_counter":"0","share_counter_number":"0","override_like_counter":"0","like_counter_number":"0","override_dislike_counter":"0","dislike_counter_number":"0"},"jnews_post_split":{"enable_post_split":"0","post_split":[{"template":"1","tag":"h2","numbering":"asc","mode":"normal","first":"0","enable_toc":"0","toc_type":"normal"}]},"footnotes":""},"categories":[50,5892],"tags":[44,12787,12788,45,67],"class_list":["post-45408","post","type-post","status-publish","format-standard","has-post-thumbnail","hentry","category-entretenimiento","category-venezolanos-en-argentina","tag-argentina","tag-guapas-y-apoyadas","tag-jacmibel-rosas","tag-noticias","tag-venezolanos-en-argentina"],"amp_enabled":true,"_links":{"self":[{"href":"https:\/\/esreviral.com\/index.php?rest_route=\/wp\/v2\/posts\/45408"}],"collection":[{"href":"https:\/\/esreviral.com\/index.php?rest_route=\/wp\/v2\/posts"}],"about":[{"href":"https:\/\/esreviral.com\/index.php?rest_route=\/wp\/v2\/types\/post"}],"author":[{"embeddable":true,"href":"https:\/\/esreviral.com\/index.php?rest_route=\/wp\/v2\/users\/2"}],"replies":[{"embeddable":true,"href":"https:\/\/esreviral.com\/index.php?rest_route=%2Fwp%2Fv2%2Fcomments&post=45408"}],"version-history":[{"count":0,"href":"https:\/\/esreviral.com\/index.php?rest_route=\/wp\/v2\/posts\/45408\/revisions"}],"wp:featuredmedia":[{"embeddable":true,"href":"https:\/\/esreviral.com\/index.php?rest_route=\/wp\/v2\/media\/45409"}],"wp:attachment":[{"href":"https:\/\/esreviral.com\/index.php?rest_route=%2Fwp%2Fv2%2Fmedia&parent=45408"}],"wp:term":[{"taxonomy":"category","embeddable":true,"href":"https:\/\/esreviral.com\/index.php?rest_route=%2Fwp%2Fv2%2Fcategories&post=45408"},{"taxonomy":"post_tag","embeddable":true,"href":"https:\/\/esreviral.com\/index.php?rest_route=%2Fwp%2Fv2%2Ftags&post=45408"}],"curies":[{"name":"wp","href":"https:\/\/api.w.org\/{rel}","templated":true}]}}