{"id":45405,"date":"2023-11-20T11:49:20","date_gmt":"2023-11-20T16:49:20","guid":{"rendered":"https:\/\/esreviral.com\/?p=45405"},"modified":"2023-11-20T11:49:21","modified_gmt":"2023-11-20T16:49:21","slug":"luego-del-triunfo-de-milei-el-papa-francisco-visitara-nuevamente-argentina","status":"publish","type":"post","link":"https:\/\/esreviral.com\/?p=45405","title":{"rendered":"Luego del triunfo de Milei \u00bfEl Papa Francisco visitar\u00e1 nuevamente Argentina?"},"content":{"rendered":"\n<p>Con el triunfo de Javier Milei en las elecciones presidenciales de Argentina, se instala una vez m\u00e1s un interrogante que desde hace tiempo se repite:\u00bfEl Papa Francisco visitar\u00e1 su pa\u00eds natal en 2024? y <a href=\"https:\/\/www.aciprensa.com\/noticias\/102029\/con-milei-presidente-de-argentina-el-papa-francisco-visitara-su-pais\" data-type=\"link\" data-id=\"https:\/\/www.aciprensa.com\/noticias\/102029\/con-milei-presidente-de-argentina-el-papa-francisco-visitara-su-pais\">Aciprensa respondi\u00f3 la pregunta.<\/a><\/p>\n\n\n\n<p>Javier Milei, del partido La Libertad Avanza, derrot\u00f3 en el balotaje a Sergio Massa, actual ministro de Econom\u00eda y candidato del partido Uni\u00f3n por la Patria, llamado antes Frente de Todos, de tendencia progresista y peronista. Las primeras cifras le dan 55.95% al primero y 44.04% al segundo.<\/p>\n\n\n\n<p>Massa reconoci\u00f3 su derrota este domingo por la tarde, mientras avanza el conteo oficial de votos, y se\u00f1al\u00f3 que<strong><em> \u201clos resultados no son los que esper\u00e1bamos\u201d.<\/em><\/strong> Adem\u00e1s, asegur\u00f3 que ha llamado a Milei para felicitarlo \u201c<strong><em>porque es el presidente que la mayor\u00eda de los argentinos eligi\u00f3 para los pr\u00f3ximos cuatro a\u00f1os\u201d.<\/em><\/strong><\/p>\n\n\n\n<h2 class=\"wp-block-heading\"><strong>\u201cLa idea es ir el a\u00f1o que viene\u201d<\/strong><\/h2>\n\n\n\n<p>Desde el inicio de su pontificado en 2013, el Papa no ha visitado su pa\u00eds natal, Argentina. Pese a que estuvo en Colombia, Ecuador, Per\u00fa; y en los lim\u00edtrofes Brasil, Paraguay, Bolivia y Chile, volver a su tierra es una de las tareas pendientes de estos 10 a\u00f1os.<\/p>\n\n\n\n<p>Y si bien el pedido de los argentinos por una visita del Santo Padre se repite desde hace tiempo, en los \u00faltimos meses tom\u00f3 m\u00e1s fuerza, a partir de algunas entrevistas en las que el Pont\u00edfice desliz\u00f3 la posibilidad de que ese deseo se haga realidad en 2024.<\/p>\n\n\n\n<p><strong><em>\u00abQuiero ir al pa\u00eds el a\u00f1o pr\u00f3ximo\u00bb, <\/em><\/strong>expres\u00f3 en una entrevista concedida en abril al diario\u00a0<a rel=\"noreferrer noopener\" href=\"https:\/\/www.lanacion.com.ar\/politica\/el-papa-francisco-proyecta-venir-a-la-argentina-durante-2024-nid23042023\/\" target=\"_blank\"><u>La Naci\u00f3n<\/u><\/a>.<strong><em> \u00abSiempre quise volver al pa\u00eds\u00bb<\/em><\/strong>, a\u00f1adi\u00f3.\u00a0<\/p>\n\n\n\n<p>En mayo, durante un encuentro con los j\u00f3venes de\u00a0<em>Scholas Occurrentes<\/em>\u00a0por el d\u00e9cimo aniversario de la fundaci\u00f3n, volvi\u00f3 a responder a la pregunta<strong><em>: \u201c\u00bfTiene planes de visitar Argentina pr\u00f3ximamente?\u201d. \u201cLa idea es ir el a\u00f1o que viene\u201d,<\/em><\/strong> contest\u00f3 el Papa Francisco.\u00a0<\/p>\n\n\n\n<p>La esperanza se fue alimentando en los \u00faltimos meses, al punto que la organizaci\u00f3n Hogares de Cristo, dispositivo eclesial dedicado a la prevenci\u00f3n y tratamiento de adicciones, organiz\u00f3 una\u00a0<u>campa\u00f1a\u00a0<\/u>llamada <em><strong>\u201cVen\u00ed, Francisco, tu pueblo te espera\u201d.<\/strong><\/em><\/p>\n\n\n\n<p>En los \u00faltimos d\u00edas ha circulado\u00a0<u>un video<\/u>\u00a0en WhatsApp y publicado en la red social X, en el que diversas personas afirman que \u201c<strong><em>Si gana Massa, viene el Papa\u201d<\/em><\/strong>, y en el que aparece el P. Francisco Olveira, se\u00f1alando que<strong><em> \u201cSi viene el Papa, viene la justicia social\u201d, luego de decirle a un joven poblador del Barrio Esperanza, en el conurbano bonaerense, que se toma una foto con \u00e9l con la condici\u00f3n de que \u201cno vote a Milei\u201d.<\/em><\/strong><\/p>\n\n\n\n<p>De otro lado y en la \u00faltima asamblea plenaria de la Conferencia Episcopal Argentina, los Obispos enviaron una\u00a0<a rel=\"noreferrer noopener\" href=\"https:\/\/www.aciprensa.com\/noticias\/101881\/obispos-de-argentina-invitan-al-papa-nos-hara-mucho-bien-su-visita\" target=\"_blank\"><u>carta\u00a0<\/u><\/a>al Pont\u00edfice, en la que se unen<strong><em> \u201cal sentir de nuestro pueblo que desea encontrarse con su Pastor\u201d<\/em><\/strong>, afirman al invitarlo a visitar el pa\u00eds.<\/p>\n\n\n\n<p><strong><em>\u201c\u200b\u200b\u200bA todos nos har\u00e1 mucho bien tu cercan\u00eda y bendici\u00f3n en estos tiempos dif\u00edciles\u201d<\/em><\/strong>, sostienen.<\/p>\n\n\n\n<p><strong><em>Tomado de Aciprensa<\/em><\/strong><\/p>\n","protected":false},"excerpt":{"rendered":"<p>Con el triunfo de Javier Milei en las elecciones presidenciales de Argentina, se instala una vez m\u00e1s un interrogante que desde hace tiempo se repite:\u00bfEl Papa Francisco visitar\u00e1 su pa\u00eds natal en 2024? y Aciprensa respondi\u00f3 la pregunta. Javier Milei, del partido La Libertad Avanza, derrot\u00f3 en el balotaje a Sergio Massa, actual ministro de [&hellip;]<\/p>\n","protected":false},"author":5,"featured_media":45406,"comment_status":"closed","ping_status":"closed","sticky":false,"template":"","format":"standard","meta":{"jnews-multi-image_gallery":[],"jnews_single_post":{"subtitle":"","format":"standard","video":"","gallery":"","source_name":"","source_url":"","via_name":"","via_url":"","override_template":"0","override":[{"template":"4","single_blog_custom":"","parallax":"1","fullscreen":"1","layout":"right-sidebar","sidebar":"default-sidebar","second_sidebar":"default-sidebar","sticky_sidebar":"1","share_position":"top","share_float_style":"share-monocrhome","show_share_counter":"1","show_view_counter":"1","show_featured":"1","show_post_meta":"1","show_post_author":"1","show_post_author_image":"1","show_post_date":"1","post_date_format":"default","post_date_format_custom":"Y\/m\/d","show_post_category":"1","show_post_reading_time":"1","post_reading_time_wpm":"300","show_zoom_button":"1","zoom_button_out_step":"2","zoom_button_in_step":"3","show_post_tag":"1","show_prev_next_post":"1","show_popup_post":"1","number_popup_post":"1","show_author_box":"1","show_post_related":"1","show_inline_post_related":"0"}],"override_image_size":"0","image_override":[{"single_post_thumbnail_size":"crop-500","single_post_gallery_size":"crop-500"}],"trending_post":"0","trending_post_position":"meta","trending_post_label":"Trending","sponsored_post":"0","sponsored_post_label":"Sponsored by","sponsored_post_name":"","sponsored_post_url":"","sponsored_post_logo_enable":"0","sponsored_post_logo":"","sponsored_post_desc":"","disable_ad":"0"},"jnews_primary_category":{"id":"","hide":""},"jnews_social_meta":{"fb_title":"","fb_description":"","fb_image":"","twitter_title":"","twitter_description":"","twitter_image":""},"jnews_review":[],"enable_review":"0","type":"percentage","name":"","summary":"","brand":"","sku":"","good":[{"good_text":""}],"bad":[{"bad_text":""}],"score_override":"","override_value":"","rating":[{"rating_text":"","rating_number":"10"}],"price":[{"shop":"","price":"","link":"","icon":""}],"jnews_override_counter":{"override_view_counter":"0","view_counter_number":"0","override_share_counter":"0","share_counter_number":"0","override_like_counter":"0","like_counter_number":"0","override_dislike_counter":"0","dislike_counter_number":"0"},"jnews_post_split":{"enable_post_split":"0","post_split":[{"template":"1","tag":"h2","numbering":"asc","mode":"normal","first":"0","enable_toc":"0","toc_type":"normal"}]},"footnotes":""},"categories":[43,58,59],"tags":[44,128],"class_list":["post-45405","post","type-post","status-publish","format-standard","has-post-thumbnail","hentry","category-actualidad","category-argentina","category-politica","tag-argentina","tag-papa-francisco"],"amp_enabled":true,"_links":{"self":[{"href":"https:\/\/esreviral.com\/index.php?rest_route=\/wp\/v2\/posts\/45405"}],"collection":[{"href":"https:\/\/esreviral.com\/index.php?rest_route=\/wp\/v2\/posts"}],"about":[{"href":"https:\/\/esreviral.com\/index.php?rest_route=\/wp\/v2\/types\/post"}],"author":[{"embeddable":true,"href":"https:\/\/esreviral.com\/index.php?rest_route=\/wp\/v2\/users\/5"}],"replies":[{"embeddable":true,"href":"https:\/\/esreviral.com\/index.php?rest_route=%2Fwp%2Fv2%2Fcomments&post=45405"}],"version-history":[{"count":0,"href":"https:\/\/esreviral.com\/index.php?rest_route=\/wp\/v2\/posts\/45405\/revisions"}],"wp:featuredmedia":[{"embeddable":true,"href":"https:\/\/esreviral.com\/index.php?rest_route=\/wp\/v2\/media\/45406"}],"wp:attachment":[{"href":"https:\/\/esreviral.com\/index.php?rest_route=%2Fwp%2Fv2%2Fmedia&parent=45405"}],"wp:term":[{"taxonomy":"category","embeddable":true,"href":"https:\/\/esreviral.com\/index.php?rest_route=%2Fwp%2Fv2%2Fcategories&post=45405"},{"taxonomy":"post_tag","embeddable":true,"href":"https:\/\/esreviral.com\/index.php?rest_route=%2Fwp%2Fv2%2Ftags&post=45405"}],"curies":[{"name":"wp","href":"https:\/\/api.w.org\/{rel}","templated":true}]}}