{"id":45393,"date":"2023-11-20T11:13:35","date_gmt":"2023-11-20T16:13:35","guid":{"rendered":"https:\/\/esreviral.com\/?p=45393"},"modified":"2023-11-20T11:18:18","modified_gmt":"2023-11-20T16:18:18","slug":"fatima-florez-hablo-por-primera-vez-del-amor-que-la-une-con-javier-milei-me-sorprendio-la-vida","status":"publish","type":"post","link":"https:\/\/esreviral.com\/?p=45393","title":{"rendered":"F\u00e1tima Florez habl\u00f3 por primera vez del amor que la une con Javier Milei: \u201cMe sorprendi\u00f3 la vida\u201d"},"content":{"rendered":"\n<p>F\u00e1tima Florez&nbsp;habl\u00f3 por primera vez luego del triunfo de Javier Milei&nbsp;en el balotaje 2023.<\/p>\n\n\n\n<p>Este lunes, al aire de&nbsp;<em>Socios del espect\u00e1culo&nbsp;(eltrece)<\/em>, la humorista se refiri\u00f3 al&nbsp;romance que viven desde hace pocos meses. En sus palabras, se mostr\u00f3 muy sincera y expres\u00f3:<strong><em>&nbsp;\u201cMe sorprendi\u00f3 la vida\u201d.<\/em><\/strong><\/p>\n\n\n\n<p><strong>\u201c<em>El amor te atraviesa, no tiene explicaci\u00f3n, no se planifica\u201d,<\/em><\/strong> lanz\u00f3 F\u00e1tima en el programa conducido por Adri\u00e1n Pallares y Rodrigo Lussich sobre su noviazgo con Javier.<strong>\u00a0\u201c<em>Llega a tu vida y es hermoso\u201d, <\/em><\/strong>sum\u00f3 para completar la frase.<\/p>\n\n\n\n<figure class=\"wp-block-image size-large\"><img decoding=\"async\" src=\"https:\/\/tn.com.ar\/resizer\/VDOG8f975tz0Ed-AhNdrdrcobbQ=\/1440x0\/smart\/filters:format(webp)\/cloudfront-us-east-1.images.arcpublishing.com\/artear\/M52XXFUR2BGKDI3M2LOVQ4WWIA.jpg\" alt=\"\"\/><\/figure>\n\n\n\n<p><strong>A partir de ahora, la vida personal y privada de Javier Milei da un vuelco, ya que deber\u00e1 mudarse a la&nbsp;Quinta de Olivos, el lugar donde viven todos los jefes de Estado cuando ejercen el poder. <\/strong><\/p>\n\n\n\n<p>En una entrevista, el libertario contest\u00f3 si su pareja&nbsp;F\u00e1tima Florez vivir\u00e1 junto a \u00e9l en esa propiedad. <strong><em>&nbsp;\u201cSomos novios, por el momento. Todav\u00eda no vivimos juntos ahora\u201d<\/em><\/strong>.<\/p>\n\n\n\n<p>Quedar\u00e1 esperar que deciden a futuro.<\/p>\n\n\n\n<p><strong><em>Con informaci\u00f3n de TN <\/em><\/strong><\/p>\n","protected":false},"excerpt":{"rendered":"<p>F\u00e1tima Florez&nbsp;habl\u00f3 por primera vez luego del triunfo de Javier Milei&nbsp;en el balotaje 2023. Este lunes, al aire de&nbsp;Socios del espect\u00e1culo&nbsp;(eltrece), la humorista se refiri\u00f3 al&nbsp;romance que viven desde hace pocos meses. En sus palabras, se mostr\u00f3 muy sincera y expres\u00f3:&nbsp;\u201cMe sorprendi\u00f3 la vida\u201d. \u201cEl amor te atraviesa, no tiene explicaci\u00f3n, no se planifica\u201d, lanz\u00f3 [&hellip;]<\/p>\n","protected":false},"author":5,"featured_media":45394,"comment_status":"closed","ping_status":"closed","sticky":false,"template":"","format":"standard","meta":{"jnews-multi-image_gallery":[],"jnews_single_post":{"subtitle":"","format":"standard","video":"","gallery":"","source_name":"","source_url":"","via_name":"","via_url":"","override_template":"0","override":[{"template":"4","single_blog_custom":"","parallax":"1","fullscreen":"1","layout":"right-sidebar","sidebar":"default-sidebar","second_sidebar":"default-sidebar","sticky_sidebar":"1","share_position":"top","share_float_style":"share-monocrhome","show_share_counter":"1","show_view_counter":"1","show_featured":"1","show_post_meta":"1","show_post_author":"1","show_post_author_image":"1","show_post_date":"1","post_date_format":"default","post_date_format_custom":"Y\/m\/d","show_post_category":"1","show_post_reading_time":"1","post_reading_time_wpm":"300","show_zoom_button":"1","zoom_button_out_step":"2","zoom_button_in_step":"3","show_post_tag":"1","show_prev_next_post":"1","show_popup_post":"1","number_popup_post":"1","show_author_box":"1","show_post_related":"1","show_inline_post_related":"0"}],"override_image_size":"0","image_override":[{"single_post_thumbnail_size":"crop-500","single_post_gallery_size":"crop-500"}],"trending_post":"0","trending_post_position":"meta","trending_post_label":"Trending","sponsored_post":"0","sponsored_post_label":"Sponsored by","sponsored_post_name":"","sponsored_post_url":"","sponsored_post_logo_enable":"0","sponsored_post_logo":"","sponsored_post_desc":"","disable_ad":"0"},"jnews_primary_category":{"id":"","hide":""},"jnews_social_meta":{"fb_title":"","fb_description":"","fb_image":"","twitter_title":"","twitter_description":"","twitter_image":""},"jnews_review":[],"enable_review":"0","type":"percentage","name":"","summary":"","brand":"","sku":"","good":[{"good_text":""}],"bad":[{"bad_text":""}],"score_override":"","override_value":"","rating":[{"rating_text":"","rating_number":"10"}],"price":[{"shop":"","price":"","link":"","icon":""}],"jnews_override_counter":{"override_view_counter":"0","view_counter_number":"0","override_share_counter":"0","share_counter_number":"0","override_like_counter":"0","like_counter_number":"0","override_dislike_counter":"0","dislike_counter_number":"0"},"jnews_post_split":{"enable_post_split":"0","post_split":[{"template":"1","tag":"h2","numbering":"asc","mode":"normal","first":"0","enable_toc":"0","toc_type":"normal"}]},"footnotes":""},"categories":[43],"tags":[12784,1158],"class_list":["post-45393","post","type-post","status-publish","format-standard","has-post-thumbnail","hentry","category-actualidad","tag-fatima-florez-3","tag-javier-milei"],"amp_enabled":true,"_links":{"self":[{"href":"https:\/\/esreviral.com\/index.php?rest_route=\/wp\/v2\/posts\/45393"}],"collection":[{"href":"https:\/\/esreviral.com\/index.php?rest_route=\/wp\/v2\/posts"}],"about":[{"href":"https:\/\/esreviral.com\/index.php?rest_route=\/wp\/v2\/types\/post"}],"author":[{"embeddable":true,"href":"https:\/\/esreviral.com\/index.php?rest_route=\/wp\/v2\/users\/5"}],"replies":[{"embeddable":true,"href":"https:\/\/esreviral.com\/index.php?rest_route=%2Fwp%2Fv2%2Fcomments&post=45393"}],"version-history":[{"count":0,"href":"https:\/\/esreviral.com\/index.php?rest_route=\/wp\/v2\/posts\/45393\/revisions"}],"wp:featuredmedia":[{"embeddable":true,"href":"https:\/\/esreviral.com\/index.php?rest_route=\/wp\/v2\/media\/45394"}],"wp:attachment":[{"href":"https:\/\/esreviral.com\/index.php?rest_route=%2Fwp%2Fv2%2Fmedia&parent=45393"}],"wp:term":[{"taxonomy":"category","embeddable":true,"href":"https:\/\/esreviral.com\/index.php?rest_route=%2Fwp%2Fv2%2Fcategories&post=45393"},{"taxonomy":"post_tag","embeddable":true,"href":"https:\/\/esreviral.com\/index.php?rest_route=%2Fwp%2Fv2%2Ftags&post=45393"}],"curies":[{"name":"wp","href":"https:\/\/api.w.org\/{rel}","templated":true}]}}