{"id":45390,"date":"2023-11-20T10:47:22","date_gmt":"2023-11-20T15:47:22","guid":{"rendered":"https:\/\/esreviral.com\/?p=45390"},"modified":"2023-11-20T10:47:23","modified_gmt":"2023-11-20T15:47:23","slug":"cual-es-el-plan-de-javier-milei-para-aerolineas-argentinas","status":"publish","type":"post","link":"https:\/\/esreviral.com\/?p=45390","title":{"rendered":"\u00bfCu\u00e1l es el plan de Javier Milei para Aerol\u00edneas Argentinas?"},"content":{"rendered":"\n<p><strong>Entre sus primeros anuncios, Javier Milei\u00a0<\/strong>abog\u00f3 por una\u00a0<strong>pol\u00edtica de \u201ccielos abiertos\u201d\u00a0<\/strong>en la que m\u00e1s empresas compitan con\u00a0<strong>Aerol\u00edneas Argentinas<\/strong>, y habl\u00f3 de\u00a0<strong>\u201centregar\u201d la compa\u00f1\u00eda a los empleados<\/strong>.<\/p>\n\n\n\n<p>Sobre la aerol\u00ednea de bandera, Milei dijo que su idea es<strong><em>\u00a0\u201centreg\u00e1rsela a los empleados y que ellos mismos hagan la depuraci\u00f3n\u201d <\/em>y que la compa\u00f1\u00eda compita libremente<\/strong>. Seg\u00fan consider\u00f3, <em><strong>\u201cel personal de Aerol\u00edneas es muy calificado\u201d y \u201cel problema es la\u00a0contaminaci\u00f3n pol\u00edtica\u201d,<\/strong><\/em> dijo a\u00a0<em>radio Rivadavia<\/em>.<\/p>\n\n\n\n<p>Al ser consultado sobre posibles aumentos de tarifas que impidan que la gente viaje, Milei afirm\u00f3 que volver\u00e1n las\u00a0<em>low cost\u00a0<\/em>y <em><strong>\u201caparecer\u00e1n otras empresas\u201d.<\/strong><\/em><\/p>\n\n\n\n<p><strong><em>\u201cEn todo el mundo funciona as\u00ed. Vas a Europa y viajar por Europa es un chiste. Vas a Estados Unidos y viajar adentro de Estados Unidos es un chiste\u201d,<\/em><\/strong> continu\u00f3.<\/p>\n\n\n\n<p>En di\u00e1logo con\u00a0<em>radio Mitre,\u00a0<\/em>tambi\u00e9n hizo otros importantes anuncios.<\/p>\n\n\n\n<h2 class=\"wp-block-heading\">Milei ratific\u00f3 que privatizar\u00e1 YPF, la TV P\u00fablica, Radio Nacional y T\u00e9lam<\/h2>\n\n\n\n<p>El presidente electo confirm\u00f3 tambi\u00e9n que&nbsp;<strong>privatizar\u00e1&nbsp;<\/strong>las empresas p\u00fablicas,&nbsp;<strong>YPF, la TV P\u00fablica, Radio Nacional y la agencia de noticias&nbsp;<\/strong><em><strong>T\u00e9lam<\/strong><\/em><em>.<\/em><\/p>\n\n\n\n<p>Sobre YPF, dijo que antes de venderla, <strong><em>\u201cprimero hay que recomponerla\u201d<\/em><\/strong>.<strong><em> \u201cDesde que el se\u00f1or (ex ministro de Econom\u00eda)\u00a0Axel Kicillof\u00a0decidi\u00f3 estatizarla, el deterioro que han hecho de la empresa en t\u00e9rminos de resultados para que valga menos que cuando se la expropi\u00f3&#8230; Evidentemente lo que primero que hay que hacer es recomponerla\u201d.<\/em><\/strong><\/p>\n\n\n\n<h5 class=\"wp-block-heading\"><strong><em>Lee tambi\u00e9n: <\/em><\/strong><a href=\"https:\/\/esreviral.com\/esto-es-lo-que-pasara-con-la-ley-de-alquileres-segun-milei\/\" data-type=\"post\" data-id=\"45370\"><em><strong>Esto es lo que pasar\u00e1 con la Ley de Alquileres, seg\u00fan Milei<\/strong><\/em><\/a><\/h5>\n\n\n\n<p>En otro orden, Milei afirm\u00f3 que\u00a0<strong>privatizar\u00e1 la Televisi\u00f3n P\u00fablica, Radio Nacional y la agencia nacional de noticias\u00a0<\/strong>T\u00e9lam. \u201cConsideramos que la Televisi\u00f3n P\u00fablica se ha convertido en un\u00a0<strong>mecanismo de propaganda<\/strong>\u201d, sostuvo el mandatario electo y remarc\u00f3 que <strong><em>\u201cdurante la campa\u00f1a, el 75% del tiempo que se habl\u00f3 de nuestro espacio se hizo de una manera muy negativa, abonando la campa\u00f1a sucia, la campa\u00f1a del miedo. No adhiero a esas practicas de tener un\u00a0ministerio de propaganda\u201d<\/em><\/strong>, agreg\u00f3.<\/p>\n\n\n\n<p><strong><em>Con informaci\u00f3n de TN <\/em><\/strong><\/p>\n","protected":false},"excerpt":{"rendered":"<p>Entre sus primeros anuncios, Javier Milei\u00a0abog\u00f3 por una\u00a0pol\u00edtica de \u201ccielos abiertos\u201d\u00a0en la que m\u00e1s empresas compitan con\u00a0Aerol\u00edneas Argentinas, y habl\u00f3 de\u00a0\u201centregar\u201d la compa\u00f1\u00eda a los empleados. Sobre la aerol\u00ednea de bandera, Milei dijo que su idea es\u00a0\u201centreg\u00e1rsela a los empleados y que ellos mismos hagan la depuraci\u00f3n\u201d y que la compa\u00f1\u00eda compita libremente. Seg\u00fan consider\u00f3, [&hellip;]<\/p>\n","protected":false},"author":5,"featured_media":45391,"comment_status":"closed","ping_status":"closed","sticky":false,"template":"","format":"standard","meta":{"jnews-multi-image_gallery":[],"jnews_single_post":{"subtitle":"","format":"standard","video":"","gallery":"","source_name":"","source_url":"","via_name":"","via_url":"","override_template":"0","override":[{"template":"4","single_blog_custom":"","parallax":"1","fullscreen":"1","layout":"right-sidebar","sidebar":"default-sidebar","second_sidebar":"default-sidebar","sticky_sidebar":"1","share_position":"top","share_float_style":"share-monocrhome","show_share_counter":"1","show_view_counter":"1","show_featured":"1","show_post_meta":"1","show_post_author":"1","show_post_author_image":"1","show_post_date":"1","post_date_format":"default","post_date_format_custom":"Y\/m\/d","show_post_category":"1","show_post_reading_time":"1","post_reading_time_wpm":"300","show_zoom_button":"1","zoom_button_out_step":"2","zoom_button_in_step":"3","show_post_tag":"1","show_prev_next_post":"1","show_popup_post":"1","number_popup_post":"1","show_author_box":"1","show_post_related":"1","show_inline_post_related":"0"}],"override_image_size":"0","image_override":[{"single_post_thumbnail_size":"crop-500","single_post_gallery_size":"crop-500"}],"trending_post":"0","trending_post_position":"meta","trending_post_label":"Trending","sponsored_post":"0","sponsored_post_label":"Sponsored by","sponsored_post_name":"","sponsored_post_url":"","sponsored_post_logo_enable":"0","sponsored_post_logo":"","sponsored_post_desc":"","disable_ad":"0"},"jnews_primary_category":{"id":"","hide":""},"jnews_social_meta":{"fb_title":"","fb_description":"","fb_image":"","twitter_title":"","twitter_description":"","twitter_image":""},"jnews_review":[],"enable_review":"0","type":"percentage","name":"","summary":"","brand":"","sku":"","good":[{"good_text":""}],"bad":[{"bad_text":""}],"score_override":"","override_value":"","rating":[{"rating_text":"","rating_number":"10"}],"price":[{"shop":"","price":"","link":"","icon":""}],"jnews_override_counter":{"override_view_counter":"0","view_counter_number":"0","override_share_counter":"0","share_counter_number":"0","override_like_counter":"0","like_counter_number":"0","override_dislike_counter":"0","dislike_counter_number":"0"},"jnews_post_split":{"enable_post_split":"0","post_split":[{"template":"1","tag":"h2","numbering":"asc","mode":"normal","first":"0","enable_toc":"0","toc_type":"normal"}]},"footnotes":""},"categories":[43,58,59],"tags":[1447,1158],"class_list":["post-45390","post","type-post","status-publish","format-standard","has-post-thumbnail","hentry","category-actualidad","category-argentina","category-politica","tag-aerolineas-argentinas","tag-javier-milei"],"amp_enabled":true,"_links":{"self":[{"href":"https:\/\/esreviral.com\/index.php?rest_route=\/wp\/v2\/posts\/45390"}],"collection":[{"href":"https:\/\/esreviral.com\/index.php?rest_route=\/wp\/v2\/posts"}],"about":[{"href":"https:\/\/esreviral.com\/index.php?rest_route=\/wp\/v2\/types\/post"}],"author":[{"embeddable":true,"href":"https:\/\/esreviral.com\/index.php?rest_route=\/wp\/v2\/users\/5"}],"replies":[{"embeddable":true,"href":"https:\/\/esreviral.com\/index.php?rest_route=%2Fwp%2Fv2%2Fcomments&post=45390"}],"version-history":[{"count":0,"href":"https:\/\/esreviral.com\/index.php?rest_route=\/wp\/v2\/posts\/45390\/revisions"}],"wp:featuredmedia":[{"embeddable":true,"href":"https:\/\/esreviral.com\/index.php?rest_route=\/wp\/v2\/media\/45391"}],"wp:attachment":[{"href":"https:\/\/esreviral.com\/index.php?rest_route=%2Fwp%2Fv2%2Fmedia&parent=45390"}],"wp:term":[{"taxonomy":"category","embeddable":true,"href":"https:\/\/esreviral.com\/index.php?rest_route=%2Fwp%2Fv2%2Fcategories&post=45390"},{"taxonomy":"post_tag","embeddable":true,"href":"https:\/\/esreviral.com\/index.php?rest_route=%2Fwp%2Fv2%2Ftags&post=45390"}],"curies":[{"name":"wp","href":"https:\/\/api.w.org\/{rel}","templated":true}]}}