{"id":45354,"date":"2023-11-20T07:31:45","date_gmt":"2023-11-20T12:31:45","guid":{"rendered":"https:\/\/esreviral.com\/?p=45354"},"modified":"2023-11-20T09:26:49","modified_gmt":"2023-11-20T14:26:49","slug":"estas-son-las-primeras-medidas-que-anuncio-javier-milei-como-presidente-de-argentina","status":"publish","type":"post","link":"https:\/\/esreviral.com\/?p=45354","title":{"rendered":"Estas son las primeras medidas que anunci\u00f3 Javier Milei como Presidente de Argentina"},"content":{"rendered":"\n<p>Javier Milei dio a conocer sus primeras medidas como Presidente de Argentina, entrevistado en Radio Mitre, donde confirm\u00f3 que su primer viaje internacional tras ganar las elecciones ser\u00e1 a Estados Unidos y a Israel, antes de asumir la Presidencia de Argentina el 10 de diciembre. <strong><em>\u00abEl viaje tiene una connotaci\u00f3n m\u00e1s espiritual\u00bb<\/em><\/strong> para visitar a sus amigos rabinos, seg\u00fan afirm\u00f3.<\/p>\n\n\n\n<p>Entre los primeros nombres que se dan a conocer de su gabinete, fue confirmada Carolina P\u00edparo como titular del ANSES. Milei manifest\u00f3 que P\u00edparo, que es licenciada en Trabajo Social, estar\u00e1 acompa\u00f1ada por Juan Manuel Ver\u00f3n, un especialista que ha trabajado en la reforma previsional y es \u00ab<strong><em>una persona con experiencia fuerte en poner orden en ese plano\u00bb,<\/em><\/strong> sostuvo.<\/p>\n\n\n\n<p>Adem\u00e1s asegur\u00f3:<strong><em> \u00abEs falso que voy a privatizar la educaci\u00f3n y la salud. Eso es competencia de las provincias\u00bb.<\/em><\/strong><a href=\"https:\/\/twitter.com\/Gbastidas\/status\/1726570580626067559\"><\/a><\/p>\n\n\n\n<p>Anunci\u00f3 tambi\u00e9n que Mariano C\u00faneo Libarona ser\u00e1 su ministro de justicia. En cuanto a su ministro de Econom\u00eda dijo que: \u00ab<strong><em>No lo puedo exponer a un tembladeral generado por la irresponsabilidad del ministro Massa (&#8230;) Lo que hizo Massa es sorprendente, tomarse licencia despu\u00e9s de armar un descalabro econ\u00f3mico para tratar de ganar\u00bb.<\/em><\/strong><a href=\"https:\/\/twitter.com\/Gbastidas\/status\/1726565212982317505\"><\/a><\/p>\n\n\n\n<p>En una de las primeras declaraciones que dio como Presidente, Milei asegur\u00f3 que: <strong><em>\u00abLa TV P\u00fablica se ha convertido en un mecanismo de propaganda. En la campa\u00f1a el 75% del tiempo que hablaron de nuestro espacio fue de manera negativa. Yo no voy a tener un ministerio de propaganda as\u00ed que la TV P\u00fablica va a ser privatizada y Agencia Telam tambi\u00e9n\u00bb.<\/em><\/strong><\/p>\n\n\n\n<p>En cuanto a la posible licencia de Sergio Massa, indic\u00f3 que <strong><em>\u00abMe parece una canallada (la licencia que se toma Sergio Massa). Nos est\u00e1n responsabilizando de lo que va a pasar, cuando en realidad es consecuencia de estos cuatro a\u00f1os de desgobierno. No me pueden responsabilizar a mi gobierno que a\u00fan no empez\u00f3\u00bb.<\/em><\/strong><\/p>\n\n\n\n<p>Sobre la dolarizaci\u00f3n fue enf\u00e1tico: <strong><em>\u00abMi decisi\u00f3n es terminar el Banco Central. La moneda que se elija es la que elijan los argentinos\u00bb.<\/em><\/strong><\/p>\n\n\n\n<p>El nuevo presidente de Argentina dijo que Miguel \u00c1ngel Pichetto <strong><em>\u00abpuede tener un rol muy importante en la C\u00e1mara de Diputados\u00bb<\/em><\/strong>. Pichetto viene del peronismo, integra Juntos por el Cambio y fue candidato a vicepresidente en f\u00f3rmula con Mauricio Macri en 2019.<\/p>\n\n\n\n<p>Sobre posibles piquetes: <strong><em>\u00abEstoy en di\u00e1logo con Jorge Macri y estamos empezando a trabajar de manera interrelacionada para mantener el orden en las calles de la Ciudad de Buenos Aires\u00bb.<\/em><\/strong><\/p>\n\n\n\n<p>Por \u00faltimo fij\u00f3 posici\u00f3n sobre posibles piquetes:<strong><em> \u00abEstoy en di\u00e1logo con Jorge Macri y estamos empezando a trabajar de manera interrelacionada para mantener el orden en las calles de la Ciudad de Buenos Aires\u00bb.<\/em><\/strong><a href=\"https:\/\/twitter.com\/Gbastidas\/status\/1726569484067193298\"><\/a><\/p>\n\n\n\n<figure class=\"wp-block-embed is-type-video is-provider-youtube wp-block-embed-youtube wp-embed-aspect-16-9 wp-has-aspect-ratio\"><div class=\"wp-block-embed__wrapper\">\nhttps:\/\/www.youtube.com\/watch?v=i-NBODiE&#8211;M\n<\/div><\/figure>\n\n\n\n<p><strong><em>Redacci\u00f3n: Jacmibel Rosas<\/em><\/strong><a href=\"https:\/\/twitter.com\/Gbastidas\/status\/1726566015121977592\"><\/a><\/p>\n","protected":false},"excerpt":{"rendered":"<p>Javier Milei dio a conocer sus primeras medidas como Presidente de Argentina, entrevistado en Radio Mitre, donde confirm\u00f3 que su primer viaje internacional tras ganar las elecciones ser\u00e1 a Estados Unidos y a Israel, antes de asumir la Presidencia de Argentina el 10 de diciembre. \u00abEl viaje tiene una connotaci\u00f3n m\u00e1s espiritual\u00bb para visitar a [&hellip;]<\/p>\n","protected":false},"author":5,"featured_media":45355,"comment_status":"open","ping_status":"closed","sticky":false,"template":"","format":"standard","meta":{"jnews-multi-image_gallery":[],"jnews_single_post":{"subtitle":"","format":"standard","video":"","gallery":"","source_name":"","source_url":"","via_name":"","via_url":"","override_template":"0","override":[{"template":"4","single_blog_custom":"","parallax":"1","fullscreen":"1","layout":"right-sidebar","sidebar":"default-sidebar","second_sidebar":"default-sidebar","sticky_sidebar":"1","share_position":"top","share_float_style":"share-monocrhome","show_share_counter":"1","show_view_counter":"1","show_featured":"1","show_post_meta":"1","show_post_author":"1","show_post_author_image":"1","show_post_date":"1","post_date_format":"default","post_date_format_custom":"Y\/m\/d","show_post_category":"1","show_post_reading_time":"1","post_reading_time_wpm":"300","show_zoom_button":"1","zoom_button_out_step":"2","zoom_button_in_step":"3","show_post_tag":"1","show_prev_next_post":"1","show_popup_post":"1","number_popup_post":"1","show_author_box":"1","show_post_related":"1","show_inline_post_related":"0"}],"override_image_size":"0","image_override":[{"single_post_thumbnail_size":"crop-500","single_post_gallery_size":"crop-500"}],"trending_post":"0","trending_post_position":"meta","trending_post_label":"Trending","sponsored_post":"0","sponsored_post_label":"Sponsored by","sponsored_post_name":"","sponsored_post_url":"","sponsored_post_logo_enable":"0","sponsored_post_logo":"","sponsored_post_desc":"","disable_ad":"0"},"jnews_primary_category":{"id":"","hide":""},"jnews_social_meta":{"fb_title":"","fb_description":"","fb_image":"","twitter_title":"","twitter_description":"","twitter_image":""},"jnews_review":[],"enable_review":"0","type":"percentage","name":"","summary":"","brand":"","sku":"","good":[{"good_text":""}],"bad":[{"bad_text":""}],"score_override":"","override_value":"","rating":[{"rating_text":"","rating_number":"10"}],"price":[{"shop":"","price":"","link":"","icon":""}],"jnews_override_counter":{"override_view_counter":"0","view_counter_number":"0","override_share_counter":"0","share_counter_number":"0","override_like_counter":"0","like_counter_number":"0","override_dislike_counter":"0","dislike_counter_number":"0"},"jnews_post_split":{"enable_post_split":"0","post_split":[{"template":"1","tag":"h2","numbering":"asc","mode":"normal","first":"0","enable_toc":"0","toc_type":"normal"}]},"footnotes":""},"categories":[58,59],"tags":[44,1158,45],"class_list":["post-45354","post","type-post","status-publish","format-standard","has-post-thumbnail","hentry","category-argentina","category-politica","tag-argentina","tag-javier-milei","tag-noticias"],"amp_enabled":true,"_links":{"self":[{"href":"https:\/\/esreviral.com\/index.php?rest_route=\/wp\/v2\/posts\/45354"}],"collection":[{"href":"https:\/\/esreviral.com\/index.php?rest_route=\/wp\/v2\/posts"}],"about":[{"href":"https:\/\/esreviral.com\/index.php?rest_route=\/wp\/v2\/types\/post"}],"author":[{"embeddable":true,"href":"https:\/\/esreviral.com\/index.php?rest_route=\/wp\/v2\/users\/5"}],"replies":[{"embeddable":true,"href":"https:\/\/esreviral.com\/index.php?rest_route=%2Fwp%2Fv2%2Fcomments&post=45354"}],"version-history":[{"count":0,"href":"https:\/\/esreviral.com\/index.php?rest_route=\/wp\/v2\/posts\/45354\/revisions"}],"wp:featuredmedia":[{"embeddable":true,"href":"https:\/\/esreviral.com\/index.php?rest_route=\/wp\/v2\/media\/45355"}],"wp:attachment":[{"href":"https:\/\/esreviral.com\/index.php?rest_route=%2Fwp%2Fv2%2Fmedia&parent=45354"}],"wp:term":[{"taxonomy":"category","embeddable":true,"href":"https:\/\/esreviral.com\/index.php?rest_route=%2Fwp%2Fv2%2Fcategories&post=45354"},{"taxonomy":"post_tag","embeddable":true,"href":"https:\/\/esreviral.com\/index.php?rest_route=%2Fwp%2Fv2%2Ftags&post=45354"}],"curies":[{"name":"wp","href":"https:\/\/api.w.org\/{rel}","templated":true}]}}