{"id":4528,"date":"2021-02-26T17:31:02","date_gmt":"2021-02-26T20:31:02","guid":{"rendered":"http:\/\/esreviral.com\/?p=4528"},"modified":"2021-02-26T17:31:02","modified_gmt":"2021-02-26T20:31:02","slug":"persisten-las-protestas-en-portuguesa-hasta-que-se-haga-justicia-por-las-victimas-de-violacion-y-feminicidio","status":"publish","type":"post","link":"https:\/\/esreviral.com\/?p=4528","title":{"rendered":"Persisten las protestas en Portuguesa hasta que se haga justicia por las v\u00edctimas de violaci\u00f3n y feminicidio"},"content":{"rendered":"\n<p>Dos nuevas protestas se realizaron en el estado Portuguesa en las \u00faltimas horas para exigir que se de con el paradero del o los sujetos que cometieron las violaciones y feminicidios en Tur\u00e9n. <\/p>\n\n\n\n<p>La primera de las marchas se hizo en el sector Las Mar\u00edas de Tur\u00e9n, ah\u00ed las personas vestidas de blanco y con una larga caminata exigieron justicia, pidieron que se esclarezcan los hechos y que cuanto antes se encarcelen a los responsables. <\/p>\n\n\n\n<figure class=\"wp-block-embed-twitter wp-block-embed is-type-rich is-provider-twitter\"><div class=\"wp-block-embed__wrapper\">\n<blockquote class=\"twitter-tweet\" data-width=\"500\" data-dnt=\"true\"><p lang=\"es\" dir=\"ltr\"><a href=\"https:\/\/twitter.com\/hashtag\/26feb?src=hash&amp;ref_src=twsrc%5Etfw\">#26feb<\/a> <a href=\"https:\/\/twitter.com\/hashtag\/Portuguesa?src=hash&amp;ref_src=twsrc%5Etfw\">#Portuguesa<\/a> Por segundo d\u00eda consecutivo habitantes de Tur\u00e9n, protestaron para exigir justicia por la violaci\u00f3n y asesinato de dos j\u00f3venes de 17 y 20 a\u00f1os de edad. En esta oportunidad lo hicieron desde Las Mar\u00edas. Se espera que el s\u00e1bado haya una Mega marcha <a href=\"https:\/\/t.co\/DPrzSQS62B\">pic.twitter.com\/DPrzSQS62B<\/a><\/p>&mdash; ES RE VIRAL (@esreviral) <a href=\"https:\/\/twitter.com\/esreviral\/status\/1365296019467104264?ref_src=twsrc%5Etfw\">February 26, 2021<\/a><\/blockquote><script async src=\"https:\/\/platform.twitter.com\/widgets.js\" charset=\"utf-8\"><\/script>\n<\/div><\/figure>\n\n\n\n<p>Entre tanto, en Guanare, capital del estado Portuguesa, un grupo de mujeres protest\u00f3 pac\u00edficamente frente a la gobernaci\u00f3n para exigir a las autoridades celeridad en el caso. <\/p>\n\n\n\n<figure class=\"wp-block-image size-large\"><img decoding=\"async\" src=\"http:\/\/esreviral.com\/wp-content\/uploads\/2021\/02\/WhatsApp-Image-2021-02-26-at-16.50.23.jpeg\" alt=\"\" class=\"wp-image-4529\"\/><\/figure>\n\n\n\n<figure class=\"wp-block-image size-large\"><img decoding=\"async\" src=\"http:\/\/esreviral.com\/wp-content\/uploads\/2021\/02\/WhatsApp-Image-2021-02-26-at-16.50.21.jpeg\" alt=\"\" class=\"wp-image-4530\"\/><\/figure>\n","protected":false},"excerpt":{"rendered":"<p>En Tur\u00e9n y en Guanare alzaron la voz y esperan celeridad en ambos casos<\/p>\n","protected":false},"author":2,"featured_media":4531,"comment_status":"open","ping_status":"open","sticky":false,"template":"","format":"standard","meta":{"jnews-multi-image_gallery":[],"jnews_single_post":[],"jnews_primary_category":[],"jnews_social_meta":[],"jnews_review":[],"enable_review":"","type":"","name":"","summary":"","brand":"","sku":"","good":[],"bad":[],"score_override":"","override_value":"","rating":[],"price":[],"jnews_override_counter":[],"jnews_post_split":[],"footnotes":""},"categories":[64,66],"tags":[555,611,45,588],"class_list":["post-4528","post","type-post","status-publish","format-standard","has-post-thumbnail","hentry","category-sucesos","category-venezuela","tag-femicidio","tag-feminicidios","tag-noticias","tag-turen"],"amp_enabled":true,"_links":{"self":[{"href":"https:\/\/esreviral.com\/index.php?rest_route=\/wp\/v2\/posts\/4528"}],"collection":[{"href":"https:\/\/esreviral.com\/index.php?rest_route=\/wp\/v2\/posts"}],"about":[{"href":"https:\/\/esreviral.com\/index.php?rest_route=\/wp\/v2\/types\/post"}],"author":[{"embeddable":true,"href":"https:\/\/esreviral.com\/index.php?rest_route=\/wp\/v2\/users\/2"}],"replies":[{"embeddable":true,"href":"https:\/\/esreviral.com\/index.php?rest_route=%2Fwp%2Fv2%2Fcomments&post=4528"}],"version-history":[{"count":0,"href":"https:\/\/esreviral.com\/index.php?rest_route=\/wp\/v2\/posts\/4528\/revisions"}],"wp:featuredmedia":[{"embeddable":true,"href":"https:\/\/esreviral.com\/index.php?rest_route=\/"}],"wp:attachment":[{"href":"https:\/\/esreviral.com\/index.php?rest_route=%2Fwp%2Fv2%2Fmedia&parent=4528"}],"wp:term":[{"taxonomy":"category","embeddable":true,"href":"https:\/\/esreviral.com\/index.php?rest_route=%2Fwp%2Fv2%2Fcategories&post=4528"},{"taxonomy":"post_tag","embeddable":true,"href":"https:\/\/esreviral.com\/index.php?rest_route=%2Fwp%2Fv2%2Ftags&post=4528"}],"curies":[{"name":"wp","href":"https:\/\/api.w.org\/{rel}","templated":true}]}}