{"id":45067,"date":"2023-11-14T08:28:19","date_gmt":"2023-11-14T13:28:19","guid":{"rendered":"https:\/\/esreviral.com\/?p=45067"},"modified":"2023-11-14T08:28:20","modified_gmt":"2023-11-14T13:28:20","slug":"las-candentes-fotos-de-ian-garcia-el-wapayaso-que-quiere-ser-diputado-federal-en-mexico-fotos","status":"publish","type":"post","link":"https:\/\/esreviral.com\/?p=45067","title":{"rendered":"Las candentes fotos de Ian Garc\u00eda, el \u201cwapayaso\u201d que quiere ser diputado federal en M\u00e9xico (+FOTOS)"},"content":{"rendered":"\n<p>Despu\u00e9s de los anuncios de las alianzas rumbo a las\u00a0elecciones de 2024, donde los partidos pol\u00edticos buscan el voto de los mexicanos con el objetivo de ser competitivos o, en su caso, mantener el registro como el Partido de la Revoluci\u00f3n Democr\u00e1tica (PRD), el exintegrante de los\u00a0Wapayasos,\u00a0Ian Garc\u00eda, inform\u00f3 a trav\u00e9s de sus redes sociales que buscar\u00e1 la candidatura a una diputaci\u00f3n federal por el partido del\u00a0<em>Sol Azteca.<\/em><\/p>\n\n\n<div class=\"wp-block-image\">\n<figure class=\"aligncenter size-large\"><img fetchpriority=\"high\" decoding=\"async\" width=\"819\" height=\"1024\" src=\"https:\/\/esreviral.com\/wp-content\/uploads\/2023\/11\/18603464671679-2249170118290674213-n-819x1024.webp\" alt=\"\" class=\"wp-image-45068\" srcset=\"https:\/\/esreviral.com\/wp-content\/uploads\/2023\/11\/18603464671679-2249170118290674213-n-819x1024.webp 819w, https:\/\/esreviral.com\/wp-content\/uploads\/2023\/11\/18603464671679-2249170118290674213-n-240x300.webp 240w, https:\/\/esreviral.com\/wp-content\/uploads\/2023\/11\/18603464671679-2249170118290674213-n-768x960.webp 768w, https:\/\/esreviral.com\/wp-content\/uploads\/2023\/11\/18603464671679-2249170118290674213-n-1229x1536.webp 1229w, https:\/\/esreviral.com\/wp-content\/uploads\/2023\/11\/18603464671679-2249170118290674213-n-750x938.webp 750w, https:\/\/esreviral.com\/wp-content\/uploads\/2023\/11\/18603464671679-2249170118290674213-n-1140x1425.webp 1140w, https:\/\/esreviral.com\/wp-content\/uploads\/2023\/11\/18603464671679-2249170118290674213-n.webp 1440w\" sizes=\"(max-width: 819px) 100vw, 819px\" \/><\/figure><\/div>\n\n\n<p>A trav\u00e9s de un video que comparti\u00f3 en\u00a0Facebook, el tambi\u00e9n modelo expres\u00f3 que el pr\u00f3ximo a\u00f1o se lanzar\u00e1 como diputado federal representando a la\u00a0Ciudad de M\u00e9xico, espec\u00edficamente del distrito de la alcald\u00eda Benito Ju\u00e1rez. <strong><em>\u201cSe vienen cosas interesantes para m\u00ed, para la gente, para mis seguidores, para todos\u201d<\/em><\/strong>, dijo el cantante.<\/p>\n\n\n<div class=\"wp-block-image\">\n<figure class=\"aligncenter size-large\"><img decoding=\"async\" src=\"https:\/\/www.infobae.com\/new-resizer\/jprVWdZ32vaHOn895x1I-EyLlJs=\/768x1024\/filters:format(webp):quality(85)\/cloudfront-us-east-1.images.arcpublishing.com\/infobae\/ZAKIAPUKHFGAXHPBRDFM5QGQVQ.jpg\" alt=\"\"\/><\/figure><\/div>\n\n\n<p>Tambi\u00e9n destac\u00f3 que ya ha dado el paso m\u00e1s importante, que era lo m\u00e1s complicado, que es inscribirse en un partido que lo representa, aunque sea <strong><em>\u201cun medio nuevo<\/em><\/strong>\u201d para \u00e9l, pero no desconocido.<\/p>\n\n\n\n<p>Su postulaci\u00f3n como diputado federal se debe a su objetivo de apoyar a los ni\u00f1os y a las instituciones que brindan techo, comida y apoyo a las personas m\u00e1s necesitadas, procurando su bienestar.<\/p>\n\n\n<div class=\"wp-block-image\">\n<figure class=\"aligncenter size-large\"><img decoding=\"async\" width=\"819\" height=\"1024\" src=\"https:\/\/esreviral.com\/wp-content\/uploads\/2023\/11\/373337194019800-944053239216216164-n-819x1024.webp\" alt=\"\" class=\"wp-image-45069\" srcset=\"https:\/\/esreviral.com\/wp-content\/uploads\/2023\/11\/373337194019800-944053239216216164-n-819x1024.webp 819w, https:\/\/esreviral.com\/wp-content\/uploads\/2023\/11\/373337194019800-944053239216216164-n-240x300.webp 240w, https:\/\/esreviral.com\/wp-content\/uploads\/2023\/11\/373337194019800-944053239216216164-n-768x960.webp 768w, https:\/\/esreviral.com\/wp-content\/uploads\/2023\/11\/373337194019800-944053239216216164-n-1229x1536.webp 1229w, https:\/\/esreviral.com\/wp-content\/uploads\/2023\/11\/373337194019800-944053239216216164-n-750x938.webp 750w, https:\/\/esreviral.com\/wp-content\/uploads\/2023\/11\/373337194019800-944053239216216164-n-1140x1425.webp 1140w, https:\/\/esreviral.com\/wp-content\/uploads\/2023\/11\/373337194019800-944053239216216164-n.webp 1440w\" sizes=\"(max-width: 819px) 100vw, 819px\" \/><\/figure><\/div>\n\n\n<p>Tambi\u00e9n mencion\u00f3 su apoyo a las personas de la tercera edad por parte del gobierno federal, pero reiter\u00f3 que deber\u00eda haber m\u00e1s apoyo para este grupo, aunque no especific\u00f3 cu\u00e1les \u00e1reas necesitan atenci\u00f3n adicional.<\/p>\n\n\n\n<p>Por \u00faltimo, hizo referencia a los integrantes de la\u00a0<strong>comunidad LGBT+<\/strong>\u00a0para que reciban mayores apoyos, aunque se\u00f1al\u00f3 que dar\u00eda los detalles m\u00e1s adelante.<\/p>\n\n\n\n<p><a rel=\"noreferrer noopener\" href=\"https:\/\/www.infobae.com\/mexico\/2023\/11\/08\/josefina-vazquez-mota-y-margarita-zavala-arropan-a-xochitl-galvez-como-le-fue-a-las-panistas-como-candidatas-presidenciales\/\" target=\"_blank\"><\/a><\/p>\n\n\n<div class=\"wp-block-image\">\n<figure class=\"aligncenter size-large\"><img decoding=\"async\" width=\"819\" height=\"1024\" src=\"https:\/\/esreviral.com\/wp-content\/uploads\/2023\/11\/60816556598570-6449543688352800798-n-819x1024.webp\" alt=\"\" class=\"wp-image-45070\" srcset=\"https:\/\/esreviral.com\/wp-content\/uploads\/2023\/11\/60816556598570-6449543688352800798-n-819x1024.webp 819w, https:\/\/esreviral.com\/wp-content\/uploads\/2023\/11\/60816556598570-6449543688352800798-n-240x300.webp 240w, https:\/\/esreviral.com\/wp-content\/uploads\/2023\/11\/60816556598570-6449543688352800798-n-768x960.webp 768w, https:\/\/esreviral.com\/wp-content\/uploads\/2023\/11\/60816556598570-6449543688352800798-n-1229x1536.webp 1229w, https:\/\/esreviral.com\/wp-content\/uploads\/2023\/11\/60816556598570-6449543688352800798-n-750x938.webp 750w, https:\/\/esreviral.com\/wp-content\/uploads\/2023\/11\/60816556598570-6449543688352800798-n-1140x1425.webp 1140w, https:\/\/esreviral.com\/wp-content\/uploads\/2023\/11\/60816556598570-6449543688352800798-n.webp 1440w\" sizes=\"(max-width: 819px) 100vw, 819px\" \/><\/figure><\/div>\n\n\n<p>En su cuenta de\u00a0X, antes\u00a0<em>Twitter<\/em>, el modelo agradeci\u00f3 el apoyo y posteo la foto con el senador perredista y escribi\u00f3: <strong><em>\u201cMuchas gracias por mi reconocimiento. Ya son 12 a\u00f1os de labor en la industria del entretenimiento\u201d.<\/em><\/strong><\/p>\n\n\n\n<p>Hay que recordar que en el mes de\u00a0marzo del 2019, el tambi\u00e9n nutricionista dio la noticia que abandonaba al grupo\u00a0<em>Wapayasos\u00a0<\/em>para dedicarse a otras actividades.<\/p>\n\n\n<div class=\"wp-block-image\">\n<figure class=\"aligncenter size-large\"><img loading=\"lazy\" decoding=\"async\" width=\"904\" height=\"1024\" src=\"https:\/\/esreviral.com\/wp-content\/uploads\/2023\/11\/48778019206553-5733846589499836555-n-904x1024.webp\" alt=\"\" class=\"wp-image-45071\" srcset=\"https:\/\/esreviral.com\/wp-content\/uploads\/2023\/11\/48778019206553-5733846589499836555-n-904x1024.webp 904w, https:\/\/esreviral.com\/wp-content\/uploads\/2023\/11\/48778019206553-5733846589499836555-n-265x300.webp 265w, https:\/\/esreviral.com\/wp-content\/uploads\/2023\/11\/48778019206553-5733846589499836555-n-768x870.webp 768w, https:\/\/esreviral.com\/wp-content\/uploads\/2023\/11\/48778019206553-5733846589499836555-n-750x850.webp 750w, https:\/\/esreviral.com\/wp-content\/uploads\/2023\/11\/48778019206553-5733846589499836555-n.webp 1080w\" sizes=\"(max-width: 904px) 100vw, 904px\" \/><\/figure><\/div>\n\n\n<p><em><strong>Con informaci\u00f3n de Infobae<\/strong><\/em><\/p>\n\n\n\n<p><a rel=\"noreferrer noopener\" href=\"https:\/\/www.infobae.com\/mexico\/2023\/11\/09\/prd-exigira-al-ine-medidas-de-seguridad-para-evitar-influencia-del-narco-en-2024\/\" target=\"_blank\"><\/a><\/p>\n","protected":false},"excerpt":{"rendered":"<p>Despu\u00e9s de los anuncios de las alianzas rumbo a las\u00a0elecciones de 2024, donde los partidos pol\u00edticos buscan el voto de los mexicanos con el objetivo de ser competitivos o, en su caso, mantener el registro como el Partido de la Revoluci\u00f3n Democr\u00e1tica (PRD), el exintegrante de los\u00a0Wapayasos,\u00a0Ian Garc\u00eda, inform\u00f3 a trav\u00e9s de sus redes sociales [&hellip;]<\/p>\n","protected":false},"author":5,"featured_media":45072,"comment_status":"closed","ping_status":"closed","sticky":false,"template":"","format":"standard","meta":{"jnews-multi-image_gallery":[],"jnews_single_post":{"subtitle":"","format":"standard","video":"","gallery":"","source_name":"","source_url":"","via_name":"","via_url":"","override_template":"0","override":[{"template":"4","single_blog_custom":"","parallax":"1","fullscreen":"1","layout":"right-sidebar","sidebar":"default-sidebar","second_sidebar":"default-sidebar","sticky_sidebar":"1","share_position":"top","share_float_style":"share-monocrhome","show_share_counter":"1","show_view_counter":"1","show_featured":"1","show_post_meta":"1","show_post_author":"1","show_post_author_image":"1","show_post_date":"1","post_date_format":"default","post_date_format_custom":"Y\/m\/d","show_post_category":"1","show_post_reading_time":"1","post_reading_time_wpm":"300","show_zoom_button":"1","zoom_button_out_step":"2","zoom_button_in_step":"3","show_post_tag":"1","show_prev_next_post":"1","show_popup_post":"1","number_popup_post":"1","show_author_box":"1","show_post_related":"1","show_inline_post_related":"0"}],"override_image_size":"0","image_override":[{"single_post_thumbnail_size":"crop-500","single_post_gallery_size":"crop-500"}],"trending_post":"0","trending_post_position":"meta","trending_post_label":"Trending","sponsored_post":"0","sponsored_post_label":"Sponsored by","sponsored_post_name":"","sponsored_post_url":"","sponsored_post_logo_enable":"0","sponsored_post_logo":"","sponsored_post_desc":"","disable_ad":"0"},"jnews_primary_category":{"id":"","hide":""},"jnews_social_meta":{"fb_title":"","fb_description":"","fb_image":"","twitter_title":"","twitter_description":"","twitter_image":""},"jnews_review":[],"enable_review":"0","type":"percentage","name":"","summary":"","brand":"","sku":"","good":[{"good_text":""}],"bad":[{"bad_text":""}],"score_override":"","override_value":"","rating":[{"rating_text":"","rating_number":"10"}],"price":[{"shop":"","price":"","link":"","icon":""}],"jnews_override_counter":{"override_view_counter":"0","view_counter_number":"0","override_share_counter":"0","share_counter_number":"0","override_like_counter":"0","like_counter_number":"0","override_dislike_counter":"0","dislike_counter_number":"0"},"jnews_post_split":{"enable_post_split":"0","post_split":[{"template":"1","tag":"h2","numbering":"asc","mode":"normal","first":"0","enable_toc":"0","toc_type":"normal"}]},"footnotes":""},"categories":[43,50,88],"tags":[12746,457,12747],"class_list":["post-45067","post","type-post","status-publish","format-standard","has-post-thumbnail","hentry","category-actualidad","category-entretenimiento","category-internacionales","tag-ian-garcia","tag-mexico","tag-wapayaso"],"amp_enabled":true,"_links":{"self":[{"href":"https:\/\/esreviral.com\/index.php?rest_route=\/wp\/v2\/posts\/45067"}],"collection":[{"href":"https:\/\/esreviral.com\/index.php?rest_route=\/wp\/v2\/posts"}],"about":[{"href":"https:\/\/esreviral.com\/index.php?rest_route=\/wp\/v2\/types\/post"}],"author":[{"embeddable":true,"href":"https:\/\/esreviral.com\/index.php?rest_route=\/wp\/v2\/users\/5"}],"replies":[{"embeddable":true,"href":"https:\/\/esreviral.com\/index.php?rest_route=%2Fwp%2Fv2%2Fcomments&post=45067"}],"version-history":[{"count":0,"href":"https:\/\/esreviral.com\/index.php?rest_route=\/wp\/v2\/posts\/45067\/revisions"}],"wp:featuredmedia":[{"embeddable":true,"href":"https:\/\/esreviral.com\/index.php?rest_route=\/wp\/v2\/media\/45072"}],"wp:attachment":[{"href":"https:\/\/esreviral.com\/index.php?rest_route=%2Fwp%2Fv2%2Fmedia&parent=45067"}],"wp:term":[{"taxonomy":"category","embeddable":true,"href":"https:\/\/esreviral.com\/index.php?rest_route=%2Fwp%2Fv2%2Fcategories&post=45067"},{"taxonomy":"post_tag","embeddable":true,"href":"https:\/\/esreviral.com\/index.php?rest_route=%2Fwp%2Fv2%2Ftags&post=45067"}],"curies":[{"name":"wp","href":"https:\/\/api.w.org\/{rel}","templated":true}]}}