{"id":45060,"date":"2023-11-14T07:46:47","date_gmt":"2023-11-14T12:46:47","guid":{"rendered":"https:\/\/esreviral.com\/?p=45060"},"modified":"2023-11-14T07:47:15","modified_gmt":"2023-11-14T12:47:15","slug":"en-medio-de-rumores-de-reconciliacion-asi-aparecieron-tini-stoessel-y-rodrigo-de-paul-foto","status":"publish","type":"post","link":"https:\/\/esreviral.com\/?p=45060","title":{"rendered":"En medio de rumores de reconciliaci\u00f3n, as\u00ed aparecieron Tini Stoessel y Rodrigo de Paul (+FOTO)"},"content":{"rendered":"\n<p>El \u00faltimo domingo y durante el partido del Atl\u00e9tico de Madrid contra el Villarreal,\u00a0Rodrigo de Paul\u00a0sali\u00f3 a la cancha con un llamativo nuevo look de cabello: Un rubio platinado que dio mucho que hablar en las redes sociales. <\/p>\n\n\n\n<p>Sin embargo, lo que m\u00e1s llam\u00f3 la atenci\u00f3n fue que durante las primeras horas del lunes\u00a0Tini Stoessel\u00a0apareciera con un color de pelo muy similar al de su \u00bfexnovio?<\/p>\n\n\n\n<p>En medio de versiones que se\u00f1alan una posible reconciliaci\u00f3n, la cantante comparti\u00f3 en sus redes un video mostrando su flamante melena, que ahora luce platinada. <\/p>\n\n\n<div class=\"wp-block-image\">\n<figure class=\"aligncenter size-large\"><img decoding=\"async\" src=\"https:\/\/www.infobae.com\/new-resizer\/SSUmKek11RYHnr6l4ClT1eNZcbs=\/768x432\/filters:format(webp):quality(85)\/cloudfront-us-east-1.images.arcpublishing.com\/infobae\/IBBT6QETCVB2XOOCPHQFD4LJXY.png\" alt=\"\"\/><\/figure><\/div>\n\n\n<p>Pero m\u00e1s all\u00e1 de este detalle en com\u00fan con De Paul, muchos otros advirtieron otra supuesta coincidencia cuando horas despu\u00e9s el futbolista subi\u00f3 un video corto a su perfil en la misma red social: luciendo su nueva melena y en un auto muy parecido en el que Tini grab\u00f3 su story.<\/p>\n\n\n\n<p>La semana pasada y en enlace con\u00a0<em><strong>Socios del Espect\u00e1culo<\/strong><\/em> (El Trece) el periodista espa\u00f1ol\u00a0<strong>Roberto Antol\u00edn<\/strong>\u00a0dio detalles que confirmar\u00edan la reconciliaci\u00f3n entre Tini y Rodrigo, quienes aparentemente se estar\u00edan viendo otra vez. <strong><em>\u201cYo no me dedico al mundo del coraz\u00f3n en Espa\u00f1a, yo me dedico al mundo del f\u00fatbol, toda mi informaci\u00f3n y mis fuentes son del mundo del f\u00fatbol. Lo que quiero decir es lo siguiente, la gente que me cuenta las cosas no tienen motivos para mentir ni para decirme las cosas como no son\u201d<\/em><\/strong>, comenz\u00f3 aclarando.<\/p>\n\n\n\n<p><strong><em>\u00a0\u201cA m\u00ed lo que me cuenta el entorno es que Rodrigo nunca ha estado tan feliz como con Tini, que es el gran amor de su vida. Y que si fuera por \u00e9l, estar\u00eda encantado de que ya se retomara otra vez la relaci\u00f3n\u201d.<\/em><\/strong><\/p>\n\n\n\n<p>El periodista espa\u00f1ol detall\u00f3 adem\u00e1s que: <strong><em>\u00abLos encuentros entre Rodrigo y Tini se han dado en Madrid, en Barcelona y en ciertas partes de Europa como la Rep\u00fablica Checa, viajes hacia zonas menos controvertidas. En Argentina no va a haber encuentros jam\u00e1s, eso no va a suceder pero en Praga han estado, eso va a volver a retomarse\u201d<\/em><\/strong>.<\/p>\n\n\n\n<p>Adem\u00e1s los periodistas indicaron que podr\u00edan encontrarse en p\u00fablico para la boda de\u00a0Oriana Sabatini y Paulo Dybala.<\/p>\n\n\n\n<p><strong><em>Con informaci\u00f3n de Infobae<\/em><\/strong><\/p>\n\n\n\n<p><strong><em>\u00danete al grupo de WhatsApp de Es Re Viral<\/em><\/strong><a href=\"https:\/\/chat.whatsapp.com\/KWkTmakY3I05kNdd2oZl6d\"><strong><em> https:\/\/chat.whatsapp.com\/KWkTmakY3I05kNdd2oZl6d<\/em><\/strong><\/a><\/p>\n","protected":false},"excerpt":{"rendered":"<p>El \u00faltimo domingo y durante el partido del Atl\u00e9tico de Madrid contra el Villarreal,\u00a0Rodrigo de Paul\u00a0sali\u00f3 a la cancha con un llamativo nuevo look de cabello: Un rubio platinado que dio mucho que hablar en las redes sociales. Sin embargo, lo que m\u00e1s llam\u00f3 la atenci\u00f3n fue que durante las primeras horas del lunes\u00a0Tini Stoessel\u00a0apareciera [&hellip;]<\/p>\n","protected":false},"author":5,"featured_media":45061,"comment_status":"closed","ping_status":"closed","sticky":false,"template":"","format":"standard","meta":{"jnews-multi-image_gallery":[],"jnews_single_post":{"subtitle":"","format":"standard","video":"","gallery":"","source_name":"","source_url":"","via_name":"","via_url":"","override_template":"0","override":[{"template":"4","single_blog_custom":"","parallax":"1","fullscreen":"1","layout":"right-sidebar","sidebar":"default-sidebar","second_sidebar":"default-sidebar","sticky_sidebar":"1","share_position":"top","share_float_style":"share-monocrhome","show_share_counter":"1","show_view_counter":"1","show_featured":"1","show_post_meta":"1","show_post_author":"1","show_post_author_image":"1","show_post_date":"1","post_date_format":"default","post_date_format_custom":"Y\/m\/d","show_post_category":"1","show_post_reading_time":"1","post_reading_time_wpm":"300","show_zoom_button":"1","zoom_button_out_step":"2","zoom_button_in_step":"3","show_post_tag":"1","show_prev_next_post":"1","show_popup_post":"1","number_popup_post":"1","show_author_box":"1","show_post_related":"1","show_inline_post_related":"0"}],"override_image_size":"0","image_override":[{"single_post_thumbnail_size":"crop-500","single_post_gallery_size":"crop-500"}],"trending_post":"0","trending_post_position":"meta","trending_post_label":"Trending","sponsored_post":"0","sponsored_post_label":"Sponsored by","sponsored_post_name":"","sponsored_post_url":"","sponsored_post_logo_enable":"0","sponsored_post_logo":"","sponsored_post_desc":"","disable_ad":"0"},"jnews_primary_category":{"id":"","hide":""},"jnews_social_meta":{"fb_title":"","fb_description":"","fb_image":"","twitter_title":"","twitter_description":"","twitter_image":""},"jnews_review":[],"enable_review":"0","type":"percentage","name":"","summary":"","brand":"","sku":"","good":[{"good_text":""}],"bad":[{"bad_text":""}],"score_override":"","override_value":"","rating":[{"rating_text":"","rating_number":"10"}],"price":[{"shop":"","price":"","link":"","icon":""}],"jnews_override_counter":{"override_view_counter":"0","view_counter_number":"0","override_share_counter":"0","share_counter_number":"0","override_like_counter":"0","like_counter_number":"0","override_dislike_counter":"0","dislike_counter_number":"0"},"jnews_post_split":{"enable_post_split":"0","post_split":[{"template":"1","tag":"h2","numbering":"asc","mode":"normal","first":"0","enable_toc":"0","toc_type":"normal"}]},"footnotes":""},"categories":[43,50],"tags":[12745,5673,5962],"class_list":["post-45060","post","type-post","status-publish","format-standard","has-post-thumbnail","hentry","category-actualidad","category-entretenimiento","tag-cambio-de-look","tag-rodrigo-de-paul","tag-tini-stoessel"],"amp_enabled":true,"_links":{"self":[{"href":"https:\/\/esreviral.com\/index.php?rest_route=\/wp\/v2\/posts\/45060"}],"collection":[{"href":"https:\/\/esreviral.com\/index.php?rest_route=\/wp\/v2\/posts"}],"about":[{"href":"https:\/\/esreviral.com\/index.php?rest_route=\/wp\/v2\/types\/post"}],"author":[{"embeddable":true,"href":"https:\/\/esreviral.com\/index.php?rest_route=\/wp\/v2\/users\/5"}],"replies":[{"embeddable":true,"href":"https:\/\/esreviral.com\/index.php?rest_route=%2Fwp%2Fv2%2Fcomments&post=45060"}],"version-history":[{"count":0,"href":"https:\/\/esreviral.com\/index.php?rest_route=\/wp\/v2\/posts\/45060\/revisions"}],"wp:featuredmedia":[{"embeddable":true,"href":"https:\/\/esreviral.com\/index.php?rest_route=\/wp\/v2\/media\/45061"}],"wp:attachment":[{"href":"https:\/\/esreviral.com\/index.php?rest_route=%2Fwp%2Fv2%2Fmedia&parent=45060"}],"wp:term":[{"taxonomy":"category","embeddable":true,"href":"https:\/\/esreviral.com\/index.php?rest_route=%2Fwp%2Fv2%2Fcategories&post=45060"},{"taxonomy":"post_tag","embeddable":true,"href":"https:\/\/esreviral.com\/index.php?rest_route=%2Fwp%2Fv2%2Ftags&post=45060"}],"curies":[{"name":"wp","href":"https:\/\/api.w.org\/{rel}","templated":true}]}}