{"id":45057,"date":"2023-11-14T07:26:59","date_gmt":"2023-11-14T12:26:59","guid":{"rendered":"https:\/\/esreviral.com\/?p=45057"},"modified":"2023-11-14T07:31:54","modified_gmt":"2023-11-14T12:31:54","slug":"esta-semana-llega-la-segunda-edicion-de-expo-empleo-industria-4-0","status":"publish","type":"post","link":"https:\/\/esreviral.com\/?p=45057","title":{"rendered":"Esta semana llega la Segunda Edici\u00f3n de Expo Empleo Industria 4.0"},"content":{"rendered":"\n<p>Este jueves 16 de 11 a 13 horas llega la Segunda Edici\u00f3n de Exposici\u00f3n Empleo Vicente L\u00f3pez, una jornada que re\u00fane a las empresas m\u00e1s destacadas del municipio con el objetivo de facilitar la interacci\u00f3n entre la oferta y la demanda laboral local.<\/p>\n\n\n\n<p>El evento se llevar\u00e1 a cabo en el Centro Universitario de Vicente L\u00f3pez (Carlos Villate 4480, Munro) bajo la tem\u00e1tica de la INDUSTRIA 4.0.&nbsp;<\/p>\n\n\n\n<p>Los participantes se encontrar\u00e1n con empresas del rubro de Tecnolog\u00eda de la Informaci\u00f3n (IT), como Prosegur y Plataforma 5, entre otros. Los mismos presentar\u00e1n sus propuestas laborales y los interesados tendr\u00e1n la posibilidad de acercar sus curr\u00edculums.<\/p>\n\n\n\n<p>Se trata de una iniciativa de la Direcci\u00f3n de Empleo de la Secretar\u00eda de Educaci\u00f3n y Empleo de la Municipalidad de Vicente L\u00f3pez para impulsar la inserci\u00f3n laboral y fortalecer el v\u00ednculo entre empleadores y aspirantes a empleo en la regi\u00f3n.<\/p>\n\n\n\n<p>Quienes quieran ir deber\u00e1n completar sus datos en el siguiente formulario:&nbsp;<a href=\"https:\/\/munvl.musvc3.net\/e\/tr?q=8%3d0VHa8%26E%3dG%26I%3d3UGW4%26H%3dFc6ZEX%26v%3dA8OqL_6vTs_Gf_stgu_3i_6vTs_FkeHqN.hH3Bm8.qJn_KexQ_UTApK1N_stgu_3ir_MRvd_WG8_6vTs_Fk2iOnqtZxf0FcgWDn3_4o2EWab_7alyJfGTq8VNIGaCaXEvz2tWa09nCP_6vTs_FkwBsRgH6H%26e%3dF9Nw6G.IfM%26wN%3d3VJc7%26M7%3dWAUGV2T6b4oGV9cJZ6%26A%3dtAfUIb6WNd49GVg8N6gcrX97Gb3Zob24J6b8Na9bpWfcEAeaN049L7AYtX7ZK6cc&amp;mupckp=mupAtu4m8OiX0wt\" rel=\"noreferrer noopener\" target=\"_blank\">https:\/\/docs.google.com\/forms\/d\/e\/1FAIpQLSeg28f4zI2_aaWD4M7_68XTIC3ypeHsHnMhZ51QyYf2ZguIBw\/viewform<\/a><\/p>\n\n\n\n<p>La disponibilidad de vacantes est\u00e1 sujeta a cupos limitados. La confirmaci\u00f3n de la participaci\u00f3n, junto con los detalles del horario, se comunicar\u00e1 oportunamente a trav\u00e9s de whatsapp o correo electr\u00f3nico.<\/p>\n\n\n\n<p><strong><em>Nota de Prensa<\/em><\/strong><\/p>\n","protected":false},"excerpt":{"rendered":"<p>Este jueves 16 de 11 a 13 horas llega la Segunda Edici\u00f3n de Exposici\u00f3n Empleo Vicente L\u00f3pez, una jornada que re\u00fane a las empresas m\u00e1s destacadas del municipio con el objetivo de facilitar la interacci\u00f3n entre la oferta y la demanda laboral local. El evento se llevar\u00e1 a cabo en el Centro Universitario de Vicente [&hellip;]<\/p>\n","protected":false},"author":5,"featured_media":45058,"comment_status":"closed","ping_status":"closed","sticky":false,"template":"","format":"standard","meta":{"jnews-multi-image_gallery":[],"jnews_single_post":{"subtitle":"","format":"standard","video":"","gallery":"","source_name":"","source_url":"","via_name":"","via_url":"","override_template":"0","override":[{"template":"4","single_blog_custom":"","parallax":"1","fullscreen":"1","layout":"right-sidebar","sidebar":"default-sidebar","second_sidebar":"default-sidebar","sticky_sidebar":"1","share_position":"top","share_float_style":"share-monocrhome","show_share_counter":"1","show_view_counter":"1","show_featured":"1","show_post_meta":"1","show_post_author":"1","show_post_author_image":"1","show_post_date":"1","post_date_format":"default","post_date_format_custom":"Y\/m\/d","show_post_category":"1","show_post_reading_time":"1","post_reading_time_wpm":"300","show_zoom_button":"1","zoom_button_out_step":"2","zoom_button_in_step":"3","show_post_tag":"1","show_prev_next_post":"1","show_popup_post":"1","number_popup_post":"1","show_author_box":"1","show_post_related":"1","show_inline_post_related":"0"}],"override_image_size":"0","image_override":[{"single_post_thumbnail_size":"crop-500","single_post_gallery_size":"crop-500"}],"trending_post":"0","trending_post_position":"meta","trending_post_label":"Trending","sponsored_post":"0","sponsored_post_label":"Sponsored by","sponsored_post_name":"","sponsored_post_url":"","sponsored_post_logo_enable":"0","sponsored_post_logo":"","sponsored_post_desc":"","disable_ad":"0"},"jnews_primary_category":{"id":"","hide":""},"jnews_social_meta":{"fb_title":"","fb_description":"","fb_image":"","twitter_title":"","twitter_description":"","twitter_image":""},"jnews_review":[],"enable_review":"0","type":"percentage","name":"","summary":"","brand":"","sku":"","good":[{"good_text":""}],"bad":[{"bad_text":""}],"score_override":"","override_value":"","rating":[{"rating_text":"","rating_number":"10"}],"price":[{"shop":"","price":"","link":"","icon":""}],"jnews_override_counter":{"override_view_counter":"0","view_counter_number":"0","override_share_counter":"0","share_counter_number":"0","override_like_counter":"0","like_counter_number":"0","override_dislike_counter":"0","dislike_counter_number":"0"},"jnews_post_split":{"enable_post_split":"0","post_split":[{"template":"1","tag":"h2","numbering":"asc","mode":"normal","first":"0","enable_toc":"0","toc_type":"normal"}]},"footnotes":""},"categories":[43,58,61],"tags":[12744,12743],"class_list":["post-45057","post","type-post","status-publish","format-standard","has-post-thumbnail","hentry","category-actualidad","category-argentina","category-economia","tag-expo-empleo-industria","tag-segunda-edicion"],"amp_enabled":true,"_links":{"self":[{"href":"https:\/\/esreviral.com\/index.php?rest_route=\/wp\/v2\/posts\/45057"}],"collection":[{"href":"https:\/\/esreviral.com\/index.php?rest_route=\/wp\/v2\/posts"}],"about":[{"href":"https:\/\/esreviral.com\/index.php?rest_route=\/wp\/v2\/types\/post"}],"author":[{"embeddable":true,"href":"https:\/\/esreviral.com\/index.php?rest_route=\/wp\/v2\/users\/5"}],"replies":[{"embeddable":true,"href":"https:\/\/esreviral.com\/index.php?rest_route=%2Fwp%2Fv2%2Fcomments&post=45057"}],"version-history":[{"count":0,"href":"https:\/\/esreviral.com\/index.php?rest_route=\/wp\/v2\/posts\/45057\/revisions"}],"wp:featuredmedia":[{"embeddable":true,"href":"https:\/\/esreviral.com\/index.php?rest_route=\/wp\/v2\/media\/45058"}],"wp:attachment":[{"href":"https:\/\/esreviral.com\/index.php?rest_route=%2Fwp%2Fv2%2Fmedia&parent=45057"}],"wp:term":[{"taxonomy":"category","embeddable":true,"href":"https:\/\/esreviral.com\/index.php?rest_route=%2Fwp%2Fv2%2Fcategories&post=45057"},{"taxonomy":"post_tag","embeddable":true,"href":"https:\/\/esreviral.com\/index.php?rest_route=%2Fwp%2Fv2%2Ftags&post=45057"}],"curies":[{"name":"wp","href":"https:\/\/api.w.org\/{rel}","templated":true}]}}