{"id":44910,"date":"2023-11-09T08:32:40","date_gmt":"2023-11-09T13:32:40","guid":{"rendered":"https:\/\/esreviral.com\/?p=44910"},"modified":"2023-11-09T08:32:40","modified_gmt":"2023-11-09T13:32:40","slug":"detienen-al-hijo-del-intendente-de-baradero-por-el-crimen-de-un-productor-porcino","status":"publish","type":"post","link":"https:\/\/esreviral.com\/?p=44910","title":{"rendered":"Detienen al hijo del intendente de Baradero por el crimen de un productor porcino"},"content":{"rendered":"\n<p>La ciudad argentina de Baradero est\u00e1 conmocionado. Felipe Sanzio\u00a0tiene 19 a\u00f1os, es el mayor de los cinco hijos del intendente de\u00a0Baradero\u00a0reelecto en octubre pasado,\u00a0Esteban \u201cTito\u201d Sanzio, y este mi\u00e9rcoles fue detenido en la automotriz en la que trabaja, acusado de haber formado parte de la banda que en agosto pasado ingres\u00f3 a la casaquinta del productor porcino\u00a0Gustavo Desimone de 50 a\u00f1os edad\u00a0y\u00a0lo mat\u00f3 en el marco de un robo. <\/p>\n\n\n\n<p>Fue\u00a0clave\u00a0un testigo de identidad reservada <strong><em>\u201cque aporto datos relevantes\u201d,<\/em><\/strong> seg\u00fan dijeron a<a href=\"https:\/\/www.infobae.com\/sociedad\/policiales\/2023\/11\/08\/detuvieron-al-hijo-mayor-del-intendente-de-baradero-por-el-crimen-de-un-productor-porcino\/\" data-type=\"link\" data-id=\"https:\/\/www.infobae.com\/sociedad\/policiales\/2023\/11\/08\/detuvieron-al-hijo-mayor-del-intendente-de-baradero-por-el-crimen-de-un-productor-porcino\/\">\u00a0Infobae.<\/a><\/p>\n\n\n\n<p>El cuerpo de Desimone fue hallado en su casa del barrio Colonia Suiza, a metros de la ruta provincial 41, en la zona rural de Baradero el 30 de agosto \u00faltimo. <\/p>\n\n\n\n<p><strong>Trascendi\u00f3 que el cad\u00e1ver estaba\u00a0maniatado\u00a0con las manos por detr\u00e1s, con la\u00a0cabeza cubierta\u00a0y con\u00a0un balazo por debajo del om\u00f3plato derecho de una escopeta.<\/strong><\/p>\n\n\n\n<p>La primera hip\u00f3tesis fue que al empresario\u00a0lo mataron para robarle una suma importante de dinero, por eso la fiscal de la UFI N\u00b07 de San Pedro, descentralizada del departamento judicial de San Nicol\u00e1s,\u00a0Mar\u00eda del Valle Viviani, lo investiga como un\u00a0<em>homicidio criminis causa<\/em>.<\/p>\n\n\n\n<p>Seg\u00fan confiaron fuentes del caso a este medio, al principio de la investigaci\u00f3n<strong><em> \u201cse estaba detr\u00e1s de algunos sospechosos que hab\u00edan estado en contacto con la v\u00edctima d\u00edas previos al crimen\u201d.<\/em><\/strong> Luego, se puedo establecer la relaci\u00f3n entre ellos con el an\u00e1lisis de las llamadas. Fue en ese contexto que apareci\u00f3 un\u00a0<strong>testigo clave<\/strong>.<\/p>\n\n\n\n<p><strong>Las detenciones las hizo personal de la Direcci\u00f3n Departamental de Investigaciones (DDI) Z\u00e1rate-Campana, por pedido de la fiscal de la causa. Los sospechosos apresados, adem\u00e1s del hijo del intendente de Baradero, fueron identificados por las fuentes como\u00a0Mat\u00edas Brey,\u00a0Fabi\u00e1n Fern\u00e1ndez\u00a0y\u00a0Ramiro Rey Bacareza.<\/strong><\/p>\n\n\n\n<p>Una fuente con acceso al expediente explic\u00f3 a la agencia de noticias\u00a0<em>T\u00e9lam<\/em>\u00a0que\u00a0Brey, Rey Bacareza y Sanzio\u00a0est\u00e1n acusados como\u00a0coautores\u00a0del \u201chomicidio criminis causa\u201d, calificaci\u00f3n que se usa cuando se mata para lograr impunidad en otro delito, en este caso el robo.<\/p>\n\n\n\n<p><strong><em>Con informaci\u00f3n de Infobae<\/em><\/strong><a rel=\"noreferrer noopener\" href=\"https:\/\/www.infobae.com\/sociedad\/policiales\/2023\/11\/09\/detuvieron-a-dos-adolescentes-de-16-y-19-anos-por-el-crimen-del-remisero-de-la-matanza\/\" target=\"_blank\"><\/a><\/p>\n","protected":false},"excerpt":{"rendered":"<p>La ciudad argentina de Baradero est\u00e1 conmocionado. Felipe Sanzio\u00a0tiene 19 a\u00f1os, es el mayor de los cinco hijos del intendente de\u00a0Baradero\u00a0reelecto en octubre pasado,\u00a0Esteban \u201cTito\u201d Sanzio, y este mi\u00e9rcoles fue detenido en la automotriz en la que trabaja, acusado de haber formado parte de la banda que en agosto pasado ingres\u00f3 a la casaquinta del [&hellip;]<\/p>\n","protected":false},"author":5,"featured_media":44911,"comment_status":"closed","ping_status":"closed","sticky":false,"template":"","format":"standard","meta":{"jnews-multi-image_gallery":[],"jnews_single_post":{"subtitle":"","format":"standard","video":"","gallery":"","source_name":"","source_url":"","via_name":"","via_url":"","override_template":"0","override":[{"template":"4","single_blog_custom":"","parallax":"1","fullscreen":"1","layout":"right-sidebar","sidebar":"default-sidebar","second_sidebar":"default-sidebar","sticky_sidebar":"1","share_position":"top","share_float_style":"share-monocrhome","show_share_counter":"1","show_view_counter":"1","show_featured":"1","show_post_meta":"1","show_post_author":"1","show_post_author_image":"1","show_post_date":"1","post_date_format":"default","post_date_format_custom":"Y\/m\/d","show_post_category":"1","show_post_reading_time":"1","post_reading_time_wpm":"300","show_zoom_button":"1","zoom_button_out_step":"2","zoom_button_in_step":"3","show_post_tag":"1","show_prev_next_post":"1","show_popup_post":"1","number_popup_post":"1","show_author_box":"1","show_post_related":"1","show_inline_post_related":"0"}],"override_image_size":"0","image_override":[{"single_post_thumbnail_size":"crop-500","single_post_gallery_size":"crop-500"}],"trending_post":"0","trending_post_position":"meta","trending_post_label":"Trending","sponsored_post":"0","sponsored_post_label":"Sponsored by","sponsored_post_name":"","sponsored_post_url":"","sponsored_post_logo_enable":"0","sponsored_post_logo":"","sponsored_post_desc":"","disable_ad":"0"},"jnews_primary_category":{"id":"","hide":""},"jnews_social_meta":{"fb_title":"","fb_description":"","fb_image":"","twitter_title":"","twitter_description":"","twitter_image":""},"jnews_review":[],"enable_review":"0","type":"percentage","name":"","summary":"","brand":"","sku":"","good":[{"good_text":""}],"bad":[{"bad_text":""}],"score_override":"","override_value":"","rating":[{"rating_text":"","rating_number":"10"}],"price":[{"shop":"","price":"","link":"","icon":""}],"jnews_override_counter":{"override_view_counter":"0","view_counter_number":"0","override_share_counter":"0","share_counter_number":"0","override_like_counter":"0","like_counter_number":"0","override_dislike_counter":"0","dislike_counter_number":"0"},"jnews_post_split":{"enable_post_split":"0","post_split":[{"template":"1","tag":"h2","numbering":"asc","mode":"normal","first":"0","enable_toc":"0","toc_type":"normal"}]},"footnotes":""},"categories":[43,64],"tags":[12718],"class_list":["post-44910","post","type-post","status-publish","format-standard","has-post-thumbnail","hentry","category-actualidad","category-sucesos","tag-intendente-de-baradero"],"amp_enabled":true,"_links":{"self":[{"href":"https:\/\/esreviral.com\/index.php?rest_route=\/wp\/v2\/posts\/44910"}],"collection":[{"href":"https:\/\/esreviral.com\/index.php?rest_route=\/wp\/v2\/posts"}],"about":[{"href":"https:\/\/esreviral.com\/index.php?rest_route=\/wp\/v2\/types\/post"}],"author":[{"embeddable":true,"href":"https:\/\/esreviral.com\/index.php?rest_route=\/wp\/v2\/users\/5"}],"replies":[{"embeddable":true,"href":"https:\/\/esreviral.com\/index.php?rest_route=%2Fwp%2Fv2%2Fcomments&post=44910"}],"version-history":[{"count":0,"href":"https:\/\/esreviral.com\/index.php?rest_route=\/wp\/v2\/posts\/44910\/revisions"}],"wp:featuredmedia":[{"embeddable":true,"href":"https:\/\/esreviral.com\/index.php?rest_route=\/wp\/v2\/media\/44911"}],"wp:attachment":[{"href":"https:\/\/esreviral.com\/index.php?rest_route=%2Fwp%2Fv2%2Fmedia&parent=44910"}],"wp:term":[{"taxonomy":"category","embeddable":true,"href":"https:\/\/esreviral.com\/index.php?rest_route=%2Fwp%2Fv2%2Fcategories&post=44910"},{"taxonomy":"post_tag","embeddable":true,"href":"https:\/\/esreviral.com\/index.php?rest_route=%2Fwp%2Fv2%2Ftags&post=44910"}],"curies":[{"name":"wp","href":"https:\/\/api.w.org\/{rel}","templated":true}]}}