{"id":44816,"date":"2023-11-07T16:15:21","date_gmt":"2023-11-07T21:15:21","guid":{"rendered":"https:\/\/esreviral.com\/?p=44816"},"modified":"2023-11-07T16:15:22","modified_gmt":"2023-11-07T21:15:22","slug":"acribillaron-a-cuatro-personas-entre-ellos-dos-venezolanos","status":"publish","type":"post","link":"https:\/\/esreviral.com\/?p=44816","title":{"rendered":"Acribillaron a cuatro personas, entre ellos, dos venezolanos"},"content":{"rendered":"\n<p>Cuatro personas fueron halladas masacradas en una vivienda, dos de ellas era de nacionalidad venezolana y aunque a\u00fan se desconoce su edad, ya pudieron ser identificadas por las autoridades y respond\u00edan a los nombres de Gledys Fuentes y Mario Rend\u00f3n.<\/p>\n\n\n\n<p>Las investigaciones preliminares, deducen que las v\u00edctimas podr\u00edan haber sido sometidas a torturas antes de ser asesinadas ya que, los cuerpos sin vidas de las cuatro personas presentaban medias en la boca, lo que para las autoridades sugiere un posible acto de tortura, seguido de disparos que les quitaron la vida.<\/p>\n\n\n\n<p>El hecho se registr\u00f3 la noche del lunes en el barrio Caracol\u00ed, ubicado en la localidad de Ciudad Bol\u00edvar, al sur de Bogot\u00e1, Colombia. <\/p>\n\n\n\n<p>La Fiscal\u00eda General de\u00a0Colombia\u00a0ha movilizado recursos y activado el grupo de homicidios colectivos, desplegando un equipo de fiscales e investigadores adscritos al Cuerpo T\u00e9cnico de Investigaci\u00f3n (CTI) para adelantar las acciones necesarias con car\u00e1cter de urgencia.<\/p>\n\n\n\n<p>Las autoridades est\u00e1n revisando las c\u00e1maras de seguridad en el \u00e1rea para esclarecer lo que sucedi\u00f3 en la vivienda y dar con los responsables.<\/p>\n\n\n\n<p>Hasta el momento, los vecinos de la zona han manifestado no haber observado nada inusual ni haber escuchado disparos, lo que hace que el caso sea a\u00fan m\u00e1s misterioso y preocupante.<\/p>\n","protected":false},"excerpt":{"rendered":"<p>Cuatro personas fueron halladas masacradas en una vivienda, dos de ellas era de nacionalidad venezolana y aunque a\u00fan se desconoce su edad, ya pudieron ser identificadas por las autoridades y respond\u00edan a los nombres de Gledys Fuentes y Mario Rend\u00f3n. Las investigaciones preliminares, deducen que las v\u00edctimas podr\u00edan haber sido sometidas a torturas antes de [&hellip;]<\/p>\n","protected":false},"author":2,"featured_media":44817,"comment_status":"open","ping_status":"closed","sticky":false,"template":"","format":"standard","meta":{"jnews-multi-image_gallery":[],"jnews_single_post":{"subtitle":"","format":"standard","video":"","gallery":"","source_name":"","source_url":"","via_name":"","via_url":"","override_template":"0","override":[{"template":"4","single_blog_custom":"","parallax":"1","fullscreen":"1","layout":"right-sidebar","sidebar":"default-sidebar","second_sidebar":"default-sidebar","sticky_sidebar":"1","share_position":"top","share_float_style":"share-monocrhome","show_share_counter":"1","show_view_counter":"1","show_featured":"1","show_post_meta":"1","show_post_author":"1","show_post_author_image":"1","show_post_date":"1","post_date_format":"default","post_date_format_custom":"Y\/m\/d","show_post_category":"1","show_post_reading_time":"1","post_reading_time_wpm":"300","show_zoom_button":"1","zoom_button_out_step":"2","zoom_button_in_step":"3","show_post_tag":"1","show_prev_next_post":"1","show_popup_post":"1","number_popup_post":"1","show_author_box":"1","show_post_related":"1","show_inline_post_related":"0"}],"override_image_size":"0","image_override":[{"single_post_thumbnail_size":"crop-500","single_post_gallery_size":"crop-500"}],"trending_post":"0","trending_post_position":"meta","trending_post_label":"Trending","sponsored_post":"0","sponsored_post_label":"Sponsored by","sponsored_post_name":"","sponsored_post_url":"","sponsored_post_logo_enable":"0","sponsored_post_logo":"","sponsored_post_desc":"","disable_ad":"0"},"jnews_primary_category":{"id":"","hide":""},"jnews_social_meta":{"fb_title":"","fb_description":"","fb_image":"","twitter_title":"","twitter_description":"","twitter_image":""},"jnews_review":[],"enable_review":"0","type":"percentage","name":"","summary":"","brand":"","sku":"","good":[{"good_text":""}],"bad":[{"bad_text":""}],"score_override":"","override_value":"","rating":[{"rating_text":"","rating_number":"10"}],"price":[{"shop":"","price":"","link":"","icon":""}],"jnews_override_counter":{"override_view_counter":"0","view_counter_number":"0","override_share_counter":"0","share_counter_number":"0","override_like_counter":"0","like_counter_number":"0","override_dislike_counter":"0","dislike_counter_number":"0"},"jnews_post_split":{"enable_post_split":"0","post_split":[{"template":"1","tag":"h2","numbering":"asc","mode":"normal","first":"0","enable_toc":"0","toc_type":"normal"}]},"footnotes":""},"categories":[64],"tags":[6664,283,45,743],"class_list":["post-44816","post","type-post","status-publish","format-standard","has-post-thumbnail","hentry","category-sucesos","tag-bogota","tag-colombia","tag-noticias","tag-venezolanos-en-colombia"],"amp_enabled":true,"_links":{"self":[{"href":"https:\/\/esreviral.com\/index.php?rest_route=\/wp\/v2\/posts\/44816"}],"collection":[{"href":"https:\/\/esreviral.com\/index.php?rest_route=\/wp\/v2\/posts"}],"about":[{"href":"https:\/\/esreviral.com\/index.php?rest_route=\/wp\/v2\/types\/post"}],"author":[{"embeddable":true,"href":"https:\/\/esreviral.com\/index.php?rest_route=\/wp\/v2\/users\/2"}],"replies":[{"embeddable":true,"href":"https:\/\/esreviral.com\/index.php?rest_route=%2Fwp%2Fv2%2Fcomments&post=44816"}],"version-history":[{"count":0,"href":"https:\/\/esreviral.com\/index.php?rest_route=\/wp\/v2\/posts\/44816\/revisions"}],"wp:featuredmedia":[{"embeddable":true,"href":"https:\/\/esreviral.com\/index.php?rest_route=\/wp\/v2\/media\/44817"}],"wp:attachment":[{"href":"https:\/\/esreviral.com\/index.php?rest_route=%2Fwp%2Fv2%2Fmedia&parent=44816"}],"wp:term":[{"taxonomy":"category","embeddable":true,"href":"https:\/\/esreviral.com\/index.php?rest_route=%2Fwp%2Fv2%2Fcategories&post=44816"},{"taxonomy":"post_tag","embeddable":true,"href":"https:\/\/esreviral.com\/index.php?rest_route=%2Fwp%2Fv2%2Ftags&post=44816"}],"curies":[{"name":"wp","href":"https:\/\/api.w.org\/{rel}","templated":true}]}}