{"id":44793,"date":"2023-11-07T09:01:37","date_gmt":"2023-11-07T14:01:37","guid":{"rendered":"https:\/\/esreviral.com\/?p=44793"},"modified":"2023-11-07T09:01:38","modified_gmt":"2023-11-07T14:01:38","slug":"la-metida-de-pata-de-daniel-sarcos-con-neguito-borjas-que-se-hizo-re-viral-video","status":"publish","type":"post","link":"https:\/\/esreviral.com\/?p=44793","title":{"rendered":"La \u00abmetida de pata\u00bb de Daniel Sarcos con Neguito Borjas que se hizo Re Viral (+VIDEO)"},"content":{"rendered":"\n<p><strong>El animador venezolano\u00a0Daniel Sarcos\u00a0se equivoc\u00f3 de una manera que se hizo Re Viral en redes sociales. <\/strong><\/p>\n\n\n\n<p>La equivocaci\u00f3n se dio <strong>en el encendido de luces de la avenida Bella Vista, del estado Zulia, evento que cont\u00f3 con la presentaci\u00f3n de\u00a0Neguito Borjas<\/strong> ante un gran n\u00famero de personas. <\/p>\n\n\n\n<p>El momento en el que el presentador de televisi\u00f3n le anuncia a\u00a0Borjas\u00a0que la agrupaci\u00f3n presente viene a interpretar uno de sus temas mas sonados se hizo tendencia, cuando Sarcos termina interpretando las primeras l\u00edneas de \u00abMi Ranchito\u00bb de\u00a0Ricardo Cepeda que dice:<strong><em> \u00abYo vengo de la pobreza de donde la vida es dura\u00bb.<\/em><\/strong><\/p>\n\n\n\n<figure class=\"wp-block-embed is-type-video is-provider-tiktok wp-block-embed-tiktok\"><div class=\"wp-block-embed__wrapper\">\n<blockquote class=\"tiktok-embed\" cite=\"https:\/\/www.tiktok.com\/@alevipshow\/video\/7298323630293814534\" data-video-id=\"7298323630293814534\" data-embed-from=\"oembed\" style=\"max-width:605px; min-width:325px;\"> <section> <a target=\"_blank\" title=\"@alevipshow\" href=\"https:\/\/www.tiktok.com\/@alevipshow?refer=embed\">@alevipshow<\/a> <p><a title=\"humortiktok\" target=\"_blank\" href=\"https:\/\/www.tiktok.com\/tag\/humortiktok?refer=embed\">#humortiktok<\/a> <a title=\"danielsarcos\" target=\"_blank\" href=\"https:\/\/www.tiktok.com\/tag\/danielsarcos?refer=embed\">#danielsarcos<\/a> <a title=\"gaitas\" target=\"_blank\" href=\"https:\/\/www.tiktok.com\/tag\/gaitas?refer=embed\">#gaitas<\/a> <a title=\"ocurrencias\" target=\"_blank\" href=\"https:\/\/www.tiktok.com\/tag\/ocurrencias?refer=embed\">#ocurrencias<\/a> <a title=\"espectaculos\" target=\"_blank\" href=\"https:\/\/www.tiktok.com\/tag\/espectaculos?refer=embed\">#espectaculos<\/a> <a title=\"paratii\" target=\"_blank\" href=\"https:\/\/www.tiktok.com\/tag\/paratii?refer=embed\">#paratii<\/a> <a title=\"publicotiktok\" target=\"_blank\" href=\"https:\/\/www.tiktok.com\/tag\/publicotiktok?refer=embed\">#publicotiktok<\/a> <a title=\"humor\ud83e\udd2d\" target=\"_blank\" href=\"https:\/\/www.tiktok.com\/tag\/humor%F0%9F%A4%AD?refer=embed\">#humor\ud83e\udd2d<\/a> \ud83c\uddfb\ud83c\uddea\ud83e\udd2d\ud83e\udd2d\ud83e\udd2d<\/p> <a target=\"_blank\" title=\"\u266c sonido original - ALEVIPSHOW \ud83c\uddfb\ud83c\uddea\" href=\"https:\/\/www.tiktok.com\/music\/sonido-original-7298323647969037062?refer=embed\">\u266c sonido original &#8211; ALEVIPSHOW \ud83c\uddfb\ud83c\uddea<\/a> <\/section> <\/blockquote> <script async src=\"https:\/\/www.tiktok.com\/embed.js\"><\/script>\n<\/div><\/figure>\n\n\n\n<p>La transmisi\u00f3n era completamente en vivo y el camar\u00f3grafo tuvo que cambiar la c\u00e1mara y enfocar los fuegos artificiales para que no se dieran cuenta, sin embargo, se escuch\u00f3 \u00abese tema no es m\u00edo\u00bb por parte de Borjas. <\/p>\n\n\n\n<p><strong>Como se recordar\u00e1 Daniel Sarcos<\/strong> fue\u00a0recibido con mucha emoci\u00f3n en el Aeropuerto Internacional de La Chinita, en el estado Zulia, ya que ser\u00e1 el anfitri\u00f3n de varias actividades muy importantes en Venezuela. <\/p>\n\n\n\n<p><strong><em>Redacci\u00f3n: Jacmibel Rosas<\/em><\/strong><\/p>\n","protected":false},"excerpt":{"rendered":"<p>El animador venezolano\u00a0Daniel Sarcos\u00a0se equivoc\u00f3 de una manera que se hizo Re Viral en redes sociales. La equivocaci\u00f3n se dio en el encendido de luces de la avenida Bella Vista, del estado Zulia, evento que cont\u00f3 con la presentaci\u00f3n de\u00a0Neguito Borjas ante un gran n\u00famero de personas. El momento en el que el presentador de [&hellip;]<\/p>\n","protected":false},"author":5,"featured_media":44794,"comment_status":"closed","ping_status":"closed","sticky":false,"template":"","format":"standard","meta":{"jnews-multi-image_gallery":[],"jnews_single_post":{"subtitle":"","format":"standard","video":"","gallery":"","source_name":"","source_url":"","via_name":"","via_url":"","override_template":"0","override":[{"template":"4","single_blog_custom":"","parallax":"1","fullscreen":"1","layout":"right-sidebar","sidebar":"default-sidebar","second_sidebar":"default-sidebar","sticky_sidebar":"1","share_position":"top","share_float_style":"share-monocrhome","show_share_counter":"1","show_view_counter":"1","show_featured":"1","show_post_meta":"1","show_post_author":"1","show_post_author_image":"1","show_post_date":"1","post_date_format":"default","post_date_format_custom":"Y\/m\/d","show_post_category":"1","show_post_reading_time":"1","post_reading_time_wpm":"300","show_zoom_button":"1","zoom_button_out_step":"2","zoom_button_in_step":"3","show_post_tag":"1","show_prev_next_post":"1","show_popup_post":"1","number_popup_post":"1","show_author_box":"1","show_post_related":"1","show_inline_post_related":"0"}],"override_image_size":"0","image_override":[{"single_post_thumbnail_size":"crop-500","single_post_gallery_size":"crop-500"}],"trending_post":"0","trending_post_position":"meta","trending_post_label":"Trending","sponsored_post":"0","sponsored_post_label":"Sponsored by","sponsored_post_name":"","sponsored_post_url":"","sponsored_post_logo_enable":"0","sponsored_post_logo":"","sponsored_post_desc":"","disable_ad":"0"},"jnews_primary_category":{"id":"","hide":""},"jnews_social_meta":{"fb_title":"","fb_description":"","fb_image":"","twitter_title":"","twitter_description":"","twitter_image":""},"jnews_review":[],"enable_review":"0","type":"percentage","name":"","summary":"","brand":"","sku":"","good":[{"good_text":""}],"bad":[{"bad_text":""}],"score_override":"","override_value":"","rating":[{"rating_text":"","rating_number":"10"}],"price":[{"shop":"","price":"","link":"","icon":""}],"jnews_override_counter":{"override_view_counter":"0","view_counter_number":"0","override_share_counter":"0","share_counter_number":"0","override_like_counter":"0","like_counter_number":"0","override_dislike_counter":"0","dislike_counter_number":"0"},"jnews_post_split":{"enable_post_split":"0","post_split":[{"template":"1","tag":"h2","numbering":"asc","mode":"normal","first":"0","enable_toc":"0","toc_type":"normal"}]},"footnotes":""},"categories":[43,50],"tags":[491,12699],"class_list":["post-44793","post","type-post","status-publish","format-standard","has-post-thumbnail","hentry","category-actualidad","category-entretenimiento","tag-daniel-sarcos","tag-neguito-borjas"],"amp_enabled":true,"_links":{"self":[{"href":"https:\/\/esreviral.com\/index.php?rest_route=\/wp\/v2\/posts\/44793"}],"collection":[{"href":"https:\/\/esreviral.com\/index.php?rest_route=\/wp\/v2\/posts"}],"about":[{"href":"https:\/\/esreviral.com\/index.php?rest_route=\/wp\/v2\/types\/post"}],"author":[{"embeddable":true,"href":"https:\/\/esreviral.com\/index.php?rest_route=\/wp\/v2\/users\/5"}],"replies":[{"embeddable":true,"href":"https:\/\/esreviral.com\/index.php?rest_route=%2Fwp%2Fv2%2Fcomments&post=44793"}],"version-history":[{"count":0,"href":"https:\/\/esreviral.com\/index.php?rest_route=\/wp\/v2\/posts\/44793\/revisions"}],"wp:featuredmedia":[{"embeddable":true,"href":"https:\/\/esreviral.com\/index.php?rest_route=\/wp\/v2\/media\/44794"}],"wp:attachment":[{"href":"https:\/\/esreviral.com\/index.php?rest_route=%2Fwp%2Fv2%2Fmedia&parent=44793"}],"wp:term":[{"taxonomy":"category","embeddable":true,"href":"https:\/\/esreviral.com\/index.php?rest_route=%2Fwp%2Fv2%2Fcategories&post=44793"},{"taxonomy":"post_tag","embeddable":true,"href":"https:\/\/esreviral.com\/index.php?rest_route=%2Fwp%2Fv2%2Ftags&post=44793"}],"curies":[{"name":"wp","href":"https:\/\/api.w.org\/{rel}","templated":true}]}}