{"id":44784,"date":"2023-11-07T07:47:08","date_gmt":"2023-11-07T12:47:08","guid":{"rendered":"https:\/\/esreviral.com\/?p=44784"},"modified":"2023-11-07T10:32:30","modified_gmt":"2023-11-07T15:32:30","slug":"obelisco-epicentro-de-una-dolorosa-protesta-para-exigir-liberacion-de-40-ninos-secuestrados-en-hamas","status":"publish","type":"post","link":"https:\/\/esreviral.com\/?p=44784","title":{"rendered":"Obelisco, epicentro de una dolorosa protesta para exigir liberaci\u00f3n de 40 ni\u00f1os secuestrados en Ham\u00e1s"},"content":{"rendered":"\n<p>A un mes del atentado terrorista de Hamas contra Israel, el Obelisco sirve de punto de encuentro para una dolorosa protesta, para pedir por la liberaci\u00f3n de 40 ni\u00f1os y ni\u00f1as secuestrados en Ham\u00e1s<\/p>\n\n\n\n<p>Desde la iniciativa, que se lleva a cabo entre las 8 y las 12 del mediod\u00eda de este martes, se har\u00e1 un&nbsp;<strong>llamado de emergencia para exigir la liberaci\u00f3n inmediata de los civiles&nbsp;<\/strong>ante la falta de condena de esta situaci\u00f3n por parte de organismos internacionales, seg\u00fan se\u00f1alan los organizadores.<\/p>\n\n\n\n<p><strong><em>\u00abEsta es una acci\u00f3n que nace de la angustia y el dolor. Resulta imposible pensar lo que puedan estar viviendo estos ni\u00f1os y ni\u00f1as en manos de estos b\u00e1rbaros, y cada minuto\u00bb, <\/em><\/strong>afirmaron desde&nbsp;<strong>KIDSnapped<\/strong>, quienes encabezan la campa\u00f1a autogestiva y voluntaria, impulsada por un grupo multicultural de creativos.<\/p>\n\n\n\n<figure class=\"wp-block-embed is-type-rich is-provider-twitter wp-block-embed-twitter\"><div class=\"wp-block-embed__wrapper\">\n<blockquote class=\"twitter-tweet\" data-width=\"500\" data-dnt=\"true\"><p lang=\"es\" dir=\"ltr\">A 1 mes del atentado terrorista de Hamas contra Israel. <br>Piden por la liberaci\u00f3n de ni\u00f1as y ni\u00f1os secuestrados.<br>Bajo el lema <a href=\"https:\/\/twitter.com\/hashtag\/Liberenlos?src=hash&amp;ref_src=twsrc%5Etfw\">#Liberenlos<\/a> <br>En Plaza de la Rep\u00fablica, Obelisco.<br>M\u00f3vil <a href=\"https:\/\/twitter.com\/NacionalAM870?ref_src=twsrc%5Etfw\">@NacionalAM870<\/a> <a href=\"https:\/\/t.co\/9C9PmfPuA0\">pic.twitter.com\/9C9PmfPuA0<\/a><\/p>&mdash; Hern\u00e1n Mundo (@HernanMundo) <a href=\"https:\/\/twitter.com\/HernanMundo\/status\/1721848449744736547?ref_src=twsrc%5Etfw\">November 7, 2023<\/a><\/blockquote><script async src=\"https:\/\/platform.twitter.com\/widgets.js\" charset=\"utf-8\"><\/script>\n<\/div><\/figure>\n\n\n\n<p>En paralelo a esta acci\u00f3n, un cami\u00f3n recorrer\u00e1 las calles transmitiendo las im\u00e1genes de los secuestrados, con paradas en puntos espec\u00edficos de la Ciudad:<\/p>\n\n\n\n<ul class=\"wp-block-list\">\n<li>8.30 hs Paseo Col\u00f3n<\/li>\n\n\n\n<li>9 hs Obelisco<\/li>\n\n\n\n<li>9.15 hs Plaza de Mayo<\/li>\n\n\n\n<li>9.30 hs Congreso<\/li>\n\n\n\n<li>10 hs Plaza San Martin<\/li>\n\n\n\n<li>10.30 hs Facultad de derecho<\/li>\n\n\n\n<li>11 hs MALBA<\/li>\n\n\n\n<li>11.20 hs Monumento a los espa\u00f1oles<\/li>\n\n\n\n<li>11.30 hs Plaza de la Shoa (Ex paseo de la infanta)<\/li>\n\n\n\n<li>12.15 hs River por Udaondo<\/li>\n<\/ul>\n\n\n\n<p><strong><mark style=\"background-color:rgba(0, 0, 0, 0)\" class=\"has-inline-color has-vivid-red-color\">\u00abEs algo terrible\u00bb<\/mark><\/strong><\/p>\n\n\n\n<p>El alcalde de la ciudad de Buenos Aires, Horacio Rodr\u00edguez Larreta, se acerc\u00f3 al obelisco y mafiest\u00f3 que \u201cdesde la Ciudad reclamamos la inmediata liberaci\u00f3n de todos los secuestrados, en especial la de los m\u00e1s de 40 adolescentes, chicos y beb\u00e9s que est\u00e1n en manos de esta organizaci\u00f3n terrorista\u201d, plante\u00f3 Horacio Rodr\u00edguez Larreta en el Obelisco, donde la Ciudad realiza una intervenci\u00f3n multicultural al cumplirse un mes del atentado terrorista de Hamas en Israel.<\/p>\n\n\n\n<p>\u201cQueremos visibilizar toda la barbarie que sucedi\u00f3. Estamos haciendo un llamado al mundo entero a alzar la voz en contra del terrorismo. Porque est\u00e1 pasando algo escalofriante\u201d, expres\u00f3 el Jefe de Gobierno.<\/p>\n\n\n\n<figure class=\"wp-block-image size-large\"><img decoding=\"async\" src=\"https:\/\/ci3.googleusercontent.com\/proxy\/NBboh3dnvaIErX5LO5D2sRCvQNrsMJD_Z880OLceZbrKfiIFKLKgZ92hbs8AskJ148bIuBFrnOWXXXgdJqeEtmHqzkwYOdOcx-X9279HJhDsTi5M7lzVADdmkLbseanbACu22YJ5FR2flTHptroTD9BMBdIj71k9rXc0JLs=s0-d-e1-ft#https:\/\/app2.dopplerfiles.com\/Users\/160762\/Campaigns\/13014415\/WhatsApp_Image_2023-11-07_at_8.54.03_AM.jpeg\" alt=\"\"\/><\/figure>\n\n\n\n<p><strong><em>Con informaci\u00f3n de Agencias<\/em><\/strong><\/p>\n\n\n\n<figure class=\"wp-block-image size-large\"><img decoding=\"async\" src=\"https:\/\/ci3.googleusercontent.com\/proxy\/Z7QdlnymVPtTSJHMeLaePPS8AgvzbwK5on_SLAHWzAz3W5mwDHrCe7qMfJUYBNFeLSZB0Kq4SvZZonSksppQENdmVAXZ4lLMxnabZL0rXXfkHjkhx2PnEYWjf5KIpjZhhuaiOXXzuI-J7hy8bt2u1Nanu9amvVoU6ZrwgVmdCYDf=s0-d-e1-ft#https:\/\/app2.dopplerfiles.com\/Users\/160762\/Campaigns\/13014415\/WhatsApp_Image_2023-11-07_at_8.54.03_AM_(1).jpeg\" alt=\"\"\/><\/figure>\n","protected":false},"excerpt":{"rendered":"<p>A un mes del atentado terrorista de Hamas contra Israel, el Obelisco sirve de punto de encuentro para una dolorosa protesta, para pedir por la liberaci\u00f3n de 40 ni\u00f1os y ni\u00f1as secuestrados en Ham\u00e1s Desde la iniciativa, que se lleva a cabo entre las 8 y las 12 del mediod\u00eda de este martes, se har\u00e1 [&hellip;]<\/p>\n","protected":false},"author":5,"featured_media":44785,"comment_status":"closed","ping_status":"closed","sticky":false,"template":"","format":"standard","meta":{"jnews-multi-image_gallery":[],"jnews_single_post":{"subtitle":"","format":"standard","video":"","gallery":"","source_name":"","source_url":"","via_name":"","via_url":"","override_template":"0","override":[{"template":"4","single_blog_custom":"","parallax":"1","fullscreen":"1","layout":"right-sidebar","sidebar":"default-sidebar","second_sidebar":"default-sidebar","sticky_sidebar":"1","share_position":"top","share_float_style":"share-monocrhome","show_share_counter":"1","show_view_counter":"1","show_featured":"1","show_post_meta":"1","show_post_author":"1","show_post_author_image":"1","show_post_date":"1","post_date_format":"default","post_date_format_custom":"Y\/m\/d","show_post_category":"1","show_post_reading_time":"1","post_reading_time_wpm":"300","show_zoom_button":"1","zoom_button_out_step":"2","zoom_button_in_step":"3","show_post_tag":"1","show_prev_next_post":"1","show_popup_post":"1","number_popup_post":"1","show_author_box":"1","show_post_related":"1","show_inline_post_related":"0"}],"override_image_size":"0","image_override":[{"single_post_thumbnail_size":"crop-500","single_post_gallery_size":"crop-500"}],"trending_post":"0","trending_post_position":"meta","trending_post_label":"Trending","sponsored_post":"0","sponsored_post_label":"Sponsored by","sponsored_post_name":"","sponsored_post_url":"","sponsored_post_logo_enable":"0","sponsored_post_logo":"","sponsored_post_desc":"","disable_ad":"0"},"jnews_primary_category":{"id":"","hide":""},"jnews_social_meta":{"fb_title":"","fb_description":"","fb_image":"","twitter_title":"","twitter_description":"","twitter_image":""},"jnews_review":[],"enable_review":"0","type":"percentage","name":"","summary":"","brand":"","sku":"","good":[{"good_text":""}],"bad":[{"bad_text":""}],"score_override":"","override_value":"","rating":[{"rating_text":"","rating_number":"10"}],"price":[{"shop":"","price":"","link":"","icon":""}],"jnews_override_counter":{"override_view_counter":"0","view_counter_number":"0","override_share_counter":"0","share_counter_number":"0","override_like_counter":"0","like_counter_number":"0","override_dislike_counter":"0","dislike_counter_number":"0"},"jnews_post_split":{"enable_post_split":"0","post_split":[{"template":"1","tag":"h2","numbering":"asc","mode":"normal","first":"0","enable_toc":"0","toc_type":"normal"}]},"footnotes":""},"categories":[43,58],"tags":[12694,845],"class_list":["post-44784","post","type-post","status-publish","format-standard","has-post-thumbnail","hentry","category-actualidad","category-argentina","tag-hamas-2","tag-obelisco"],"amp_enabled":true,"_links":{"self":[{"href":"https:\/\/esreviral.com\/index.php?rest_route=\/wp\/v2\/posts\/44784"}],"collection":[{"href":"https:\/\/esreviral.com\/index.php?rest_route=\/wp\/v2\/posts"}],"about":[{"href":"https:\/\/esreviral.com\/index.php?rest_route=\/wp\/v2\/types\/post"}],"author":[{"embeddable":true,"href":"https:\/\/esreviral.com\/index.php?rest_route=\/wp\/v2\/users\/5"}],"replies":[{"embeddable":true,"href":"https:\/\/esreviral.com\/index.php?rest_route=%2Fwp%2Fv2%2Fcomments&post=44784"}],"version-history":[{"count":0,"href":"https:\/\/esreviral.com\/index.php?rest_route=\/wp\/v2\/posts\/44784\/revisions"}],"wp:featuredmedia":[{"embeddable":true,"href":"https:\/\/esreviral.com\/index.php?rest_route=\/wp\/v2\/media\/44785"}],"wp:attachment":[{"href":"https:\/\/esreviral.com\/index.php?rest_route=%2Fwp%2Fv2%2Fmedia&parent=44784"}],"wp:term":[{"taxonomy":"category","embeddable":true,"href":"https:\/\/esreviral.com\/index.php?rest_route=%2Fwp%2Fv2%2Fcategories&post=44784"},{"taxonomy":"post_tag","embeddable":true,"href":"https:\/\/esreviral.com\/index.php?rest_route=%2Fwp%2Fv2%2Ftags&post=44784"}],"curies":[{"name":"wp","href":"https:\/\/api.w.org\/{rel}","templated":true}]}}