{"id":44780,"date":"2023-11-07T07:20:32","date_gmt":"2023-11-07T12:20:32","guid":{"rendered":"https:\/\/esreviral.com\/?p=44780"},"modified":"2023-11-07T07:23:27","modified_gmt":"2023-11-07T12:23:27","slug":"ricardo-montaner-se-retira-de-los-escenarios-no-se-cuando-volvere","status":"publish","type":"post","link":"https:\/\/esreviral.com\/?p=44780","title":{"rendered":"Ricardo Montaner se retira de los escenarios: \u201cNo s\u00e9 cu\u00e1ndo volver\u00e9\u201d"},"content":{"rendered":"\n<p><strong>El cantautor venezolano Ricardo Montaner inform\u00f3 que&nbsp;tomar\u00e1 un descanso de sus actividades en los escenarios&nbsp;durante su \u00faltimo concierto en Costa Rica.<\/strong><\/p>\n\n\n\n<p>El anuncio lo realiz\u00f3 en el Anfiteatro\u00a0Coca-Cola, Parque Viva, localizado en la Gu\u00e1cima de Alajuela, a la presencia de m\u00e1s de\u00a010 mil fan\u00e1ticos\u00a0que se dieron cita en el concierto.<\/p>\n\n\n\n<p><strong>Montaner, de 66 a\u00f1os, decidi\u00f3 tomar esta pausa&nbsp;tras m\u00e1s de tres d\u00e9cadas de dedicaci\u00f3n continua a la m\u00fasica, lo cual incluy\u00f3 m\u00e1s de 150 presentaciones en su \u00faltima gira, titulada \u201cTe Echo De Menos Tour\u201d.<\/strong><\/p>\n\n\n\n<p>Inform\u00f3 tambi\u00e9n de sus planes de dedicar m\u00e1s tiempo a la escritura, la grabaci\u00f3n, y a sus nietos, \u00cdndigo y Apolo.<\/p>\n\n\n\n<p><strong>Ricardo Montaner\u00a0se ha convertido en todo un referente para la m\u00fasica hispana, vendiendo m\u00e1s de 25 millones de discos a lo largo de todos estos a\u00f1os. Su m\u00e1xima consolidaci\u00f3n lleg\u00f3 en los 80\u2019s, con el \u00e9xito de su canci\u00f3n \u201cTan enamorados\u201d, sencillo que sali\u00f3 a la luz en 1988.<\/strong><\/p>\n\n\n\n<p><strong><em>Con informaci\u00f3n de Infobae<\/em><\/strong><\/p>\n","protected":false},"excerpt":{"rendered":"<p>El cantautor venezolano Ricardo Montaner inform\u00f3 que&nbsp;tomar\u00e1 un descanso de sus actividades en los escenarios&nbsp;durante su \u00faltimo concierto en Costa Rica. El anuncio lo realiz\u00f3 en el Anfiteatro\u00a0Coca-Cola, Parque Viva, localizado en la Gu\u00e1cima de Alajuela, a la presencia de m\u00e1s de\u00a010 mil fan\u00e1ticos\u00a0que se dieron cita en el concierto. Montaner, de 66 a\u00f1os, decidi\u00f3 [&hellip;]<\/p>\n","protected":false},"author":5,"featured_media":44781,"comment_status":"closed","ping_status":"closed","sticky":false,"template":"","format":"standard","meta":{"jnews-multi-image_gallery":[],"jnews_single_post":{"subtitle":"","format":"standard","video":"","gallery":"","source_name":"","source_url":"","via_name":"","via_url":"","override_template":"0","override":[{"template":"4","single_blog_custom":"","parallax":"1","fullscreen":"1","layout":"right-sidebar","sidebar":"default-sidebar","second_sidebar":"default-sidebar","sticky_sidebar":"1","share_position":"top","share_float_style":"share-monocrhome","show_share_counter":"1","show_view_counter":"1","show_featured":"1","show_post_meta":"1","show_post_author":"1","show_post_author_image":"1","show_post_date":"1","post_date_format":"default","post_date_format_custom":"Y\/m\/d","show_post_category":"1","show_post_reading_time":"1","post_reading_time_wpm":"300","show_zoom_button":"1","zoom_button_out_step":"2","zoom_button_in_step":"3","show_post_tag":"1","show_prev_next_post":"1","show_popup_post":"1","number_popup_post":"1","show_author_box":"1","show_post_related":"1","show_inline_post_related":"0"}],"override_image_size":"0","image_override":[{"single_post_thumbnail_size":"crop-500","single_post_gallery_size":"crop-500"}],"trending_post":"0","trending_post_position":"meta","trending_post_label":"Trending","sponsored_post":"0","sponsored_post_label":"Sponsored by","sponsored_post_name":"","sponsored_post_url":"","sponsored_post_logo_enable":"0","sponsored_post_logo":"","sponsored_post_desc":"","disable_ad":"0"},"jnews_primary_category":{"id":"","hide":""},"jnews_social_meta":{"fb_title":"","fb_description":"","fb_image":"","twitter_title":"","twitter_description":"","twitter_image":""},"jnews_review":[],"enable_review":"0","type":"percentage","name":"","summary":"","brand":"","sku":"","good":[{"good_text":""}],"bad":[{"bad_text":""}],"score_override":"","override_value":"","rating":[{"rating_text":"","rating_number":"10"}],"price":[{"shop":"","price":"","link":"","icon":""}],"jnews_override_counter":{"override_view_counter":"0","view_counter_number":"0","override_share_counter":"0","share_counter_number":"0","override_like_counter":"0","like_counter_number":"0","override_dislike_counter":"0","dislike_counter_number":"0"},"jnews_post_split":{"enable_post_split":"0","post_split":[{"template":"1","tag":"h2","numbering":"asc","mode":"normal","first":"0","enable_toc":"0","toc_type":"normal"}]},"footnotes":""},"categories":[43,50],"tags":[3487,203],"class_list":["post-44780","post","type-post","status-publish","format-standard","has-post-thumbnail","hentry","category-actualidad","category-entretenimiento","tag-retiro","tag-ricardo-montaner"],"amp_enabled":true,"_links":{"self":[{"href":"https:\/\/esreviral.com\/index.php?rest_route=\/wp\/v2\/posts\/44780"}],"collection":[{"href":"https:\/\/esreviral.com\/index.php?rest_route=\/wp\/v2\/posts"}],"about":[{"href":"https:\/\/esreviral.com\/index.php?rest_route=\/wp\/v2\/types\/post"}],"author":[{"embeddable":true,"href":"https:\/\/esreviral.com\/index.php?rest_route=\/wp\/v2\/users\/5"}],"replies":[{"embeddable":true,"href":"https:\/\/esreviral.com\/index.php?rest_route=%2Fwp%2Fv2%2Fcomments&post=44780"}],"version-history":[{"count":0,"href":"https:\/\/esreviral.com\/index.php?rest_route=\/wp\/v2\/posts\/44780\/revisions"}],"wp:featuredmedia":[{"embeddable":true,"href":"https:\/\/esreviral.com\/index.php?rest_route=\/wp\/v2\/media\/44781"}],"wp:attachment":[{"href":"https:\/\/esreviral.com\/index.php?rest_route=%2Fwp%2Fv2%2Fmedia&parent=44780"}],"wp:term":[{"taxonomy":"category","embeddable":true,"href":"https:\/\/esreviral.com\/index.php?rest_route=%2Fwp%2Fv2%2Fcategories&post=44780"},{"taxonomy":"post_tag","embeddable":true,"href":"https:\/\/esreviral.com\/index.php?rest_route=%2Fwp%2Fv2%2Ftags&post=44780"}],"curies":[{"name":"wp","href":"https:\/\/api.w.org\/{rel}","templated":true}]}}