{"id":44768,"date":"2023-11-07T06:30:44","date_gmt":"2023-11-07T11:30:44","guid":{"rendered":"https:\/\/esreviral.com\/?p=44768"},"modified":"2023-11-07T06:57:03","modified_gmt":"2023-11-07T11:57:03","slug":"envideo-14-venezolanos-murieron-entre-ellos-ocho-ninos-tras-el-incendio-de-dos-viviendas-precarias-en-chile","status":"publish","type":"post","link":"https:\/\/esreviral.com\/?p=44768","title":{"rendered":"#ENVIDEO 14 venezolanos murieron, entre ellos ocho ni\u00f1os, tras el incendio de dos viviendas precarias en Chile"},"content":{"rendered":"\n<p>Al menos 14 migrantes venezolanos, entre ellos ocho menores de edad, murieron la noche de este lunes en el incendio de un barrio ilegal de chabolas (toma) en la municipalidad de Coronel, en el centro-sur de Chile, informaron fuentes oficiales.<\/p>\n\n\n<div class=\"wp-block-image\">\n<figure class=\"aligncenter size-large\"><img decoding=\"async\" src=\"https:\/\/www.infobae.com\/new-resizer\/-HjMU9RG6vXXJCc5W19Y2XwnOLE=\/768x512\/filters:format(webp):quality(85)\/cloudfront-us-east-1.images.arcpublishing.com\/infobae\/ZB7TXASS4ZDHBHR62MWZP4RCTY.jpg\" alt=\"\"\/><\/figure><\/div>\n\n\n<p><strong><em>\u201cLamentamos comunicar el fallecimiento de 14 vecinos de nuestra comuna.\u00a0Son tres familias, ocho menores de edad, seis adultos\u00a0que fallecieron producto de este incendio que arras\u00f3 con su vivienda\u201d<\/em><\/strong>, dijo Javier Valencia a periodistas en Coronel, ubicada a 530 km al sur de Santiago.<\/p>\n\n\n\n<p><strong><em>\u201cSe trata de familias venezolanas\u201d<\/em><\/strong> que viven de manera muy precaria, apunt\u00f3.<\/p>\n\n\n\n<p>Autoridades indicaron que las v\u00edctimas son tres familias compuestas por seis adultos y ocho menores de entre 4 y 13 a\u00f1os que viv\u00edan en dos inmuebles precarios condiciones de hacinamiento.<\/p>\n\n\n<div class=\"wp-block-image\">\n<figure class=\"aligncenter size-large\"><img decoding=\"async\" src=\"https:\/\/www.infobae.com\/new-resizer\/AjQ-a41TM5mXj_6_UOljpKnHG3g=\/768x512\/filters:format(webp):quality(85)\/cloudfront-us-east-1.images.arcpublishing.com\/infobae\/PJVSQV4FBRAZLDWUDAK6WVPGK4.jpg\" alt=\"\"\/><\/figure><\/div>\n\n\n<p>Las primeras investigaciones apuntan a que el origen del siniestro hab\u00eda sido el mal funcionamiento de una estufa de lat\u00f3n con el que una de las familias trataba de calentarse en una barriada extremadamente pobre en la que la poblaci\u00f3n vive hacinada y sin los servicios m\u00ednimos para una vida digna.<\/p>\n\n\n\n<blockquote class=\"wp-block-quote is-layout-flow wp-block-quote-is-layout-flow\">\n<p><strong><em>\u201cLas causas del incendio est\u00e1n siendo investigadas. En principio, de manera preliminar y seg\u00fan dijo el cuerpo de Bomberos, habr\u00eda tenido su origen en una estufa que habr\u00eda provocado una ignici\u00f3n mayor, generando un incendio en la entrada de la casa, provocando que las personas que estaban dentro quedaran atrapadas\u201d,<\/em><\/strong> explic\u00f3 el fiscal adjunto en la regi\u00f3n del B\u00edo B\u00edo, Hugo Cuevas.<\/p>\n\n\n<div class=\"wp-block-image\">\n<figure class=\"aligncenter size-large\"><img decoding=\"async\" src=\"https:\/\/www.infobae.com\/new-resizer\/nFUYeeXM53dHluRcRF3HIYF1BAc=\/768x512\/filters:format(webp):quality(85)\/cloudfront-us-east-1.images.arcpublishing.com\/infobae\/OFEUPEHACSWLJP6ZRMF4POJV4Y.jpg\" alt=\"\"\/><\/figure><\/div><\/blockquote>\n\n\n\n<p><strong><em>\u201cSe tratar\u00eda de una estufa de lat\u00f3n o fierro, a le\u00f1a y artesanal\u201d,<\/em><\/strong> agreg\u00f3.<\/p>\n\n\n\n<figure class=\"wp-block-embed is-type-rich is-provider-twitter wp-block-embed-twitter\"><div class=\"wp-block-embed__wrapper\">\nhttps:\/\/twitter.com\/jesusmedinae\/status\/1721709575517135263\n<\/div><\/figure>\n\n\n\n<p><strong><em>Con informaci\u00f3n de Agencias<\/em><\/strong><\/p>\n","protected":false},"excerpt":{"rendered":"<p>Al menos 14 migrantes venezolanos, entre ellos ocho menores de edad, murieron la noche de este lunes en el incendio de un barrio ilegal de chabolas (toma) en la municipalidad de Coronel, en el centro-sur de Chile, informaron fuentes oficiales. \u201cLamentamos comunicar el fallecimiento de 14 vecinos de nuestra comuna.\u00a0Son tres familias, ocho menores de [&hellip;]<\/p>\n","protected":false},"author":5,"featured_media":44769,"comment_status":"closed","ping_status":"closed","sticky":false,"template":"","format":"standard","meta":{"jnews-multi-image_gallery":[],"jnews_single_post":{"subtitle":"","format":"standard","video":"","gallery":"","source_name":"","source_url":"","via_name":"","via_url":"","override_template":"0","override":[{"template":"4","single_blog_custom":"","parallax":"1","fullscreen":"1","layout":"right-sidebar","sidebar":"default-sidebar","second_sidebar":"default-sidebar","sticky_sidebar":"1","share_position":"top","share_float_style":"share-monocrhome","show_share_counter":"1","show_view_counter":"1","show_featured":"1","show_post_meta":"1","show_post_author":"1","show_post_author_image":"1","show_post_date":"1","post_date_format":"default","post_date_format_custom":"Y\/m\/d","show_post_category":"1","show_post_reading_time":"1","post_reading_time_wpm":"300","show_zoom_button":"1","zoom_button_out_step":"2","zoom_button_in_step":"3","show_post_tag":"1","show_prev_next_post":"1","show_popup_post":"1","number_popup_post":"1","show_author_box":"1","show_post_related":"1","show_inline_post_related":"0"}],"override_image_size":"0","image_override":[{"single_post_thumbnail_size":"crop-500","single_post_gallery_size":"crop-500"}],"trending_post":"0","trending_post_position":"meta","trending_post_label":"Trending","sponsored_post":"0","sponsored_post_label":"Sponsored by","sponsored_post_name":"","sponsored_post_url":"","sponsored_post_logo_enable":"0","sponsored_post_logo":"","sponsored_post_desc":"","disable_ad":"0"},"jnews_primary_category":{"id":"","hide":""},"jnews_social_meta":{"fb_title":"","fb_description":"","fb_image":"","twitter_title":"","twitter_description":"","twitter_image":""},"jnews_review":[],"enable_review":"0","type":"percentage","name":"","summary":"","brand":"","sku":"","good":[{"good_text":""}],"bad":[{"bad_text":""}],"score_override":"","override_value":"","rating":[{"rating_text":"","rating_number":"10"}],"price":[{"shop":"","price":"","link":"","icon":""}],"jnews_override_counter":{"override_view_counter":"0","view_counter_number":"0","override_share_counter":"0","share_counter_number":"0","override_like_counter":"0","like_counter_number":"0","override_dislike_counter":"0","dislike_counter_number":"0"},"jnews_post_split":{"enable_post_split":"0","post_split":[{"template":"1","tag":"h2","numbering":"asc","mode":"normal","first":"0","enable_toc":"0","toc_type":"normal"}]},"footnotes":""},"categories":[43,64],"tags":[386,933,2052],"class_list":["post-44768","post","type-post","status-publish","format-standard","has-post-thumbnail","hentry","category-actualidad","category-sucesos","tag-chile","tag-incendio","tag-migrantes-venezolanos"],"amp_enabled":true,"_links":{"self":[{"href":"https:\/\/esreviral.com\/index.php?rest_route=\/wp\/v2\/posts\/44768"}],"collection":[{"href":"https:\/\/esreviral.com\/index.php?rest_route=\/wp\/v2\/posts"}],"about":[{"href":"https:\/\/esreviral.com\/index.php?rest_route=\/wp\/v2\/types\/post"}],"author":[{"embeddable":true,"href":"https:\/\/esreviral.com\/index.php?rest_route=\/wp\/v2\/users\/5"}],"replies":[{"embeddable":true,"href":"https:\/\/esreviral.com\/index.php?rest_route=%2Fwp%2Fv2%2Fcomments&post=44768"}],"version-history":[{"count":0,"href":"https:\/\/esreviral.com\/index.php?rest_route=\/wp\/v2\/posts\/44768\/revisions"}],"wp:featuredmedia":[{"embeddable":true,"href":"https:\/\/esreviral.com\/index.php?rest_route=\/wp\/v2\/media\/44769"}],"wp:attachment":[{"href":"https:\/\/esreviral.com\/index.php?rest_route=%2Fwp%2Fv2%2Fmedia&parent=44768"}],"wp:term":[{"taxonomy":"category","embeddable":true,"href":"https:\/\/esreviral.com\/index.php?rest_route=%2Fwp%2Fv2%2Fcategories&post=44768"},{"taxonomy":"post_tag","embeddable":true,"href":"https:\/\/esreviral.com\/index.php?rest_route=%2Fwp%2Fv2%2Ftags&post=44768"}],"curies":[{"name":"wp","href":"https:\/\/api.w.org\/{rel}","templated":true}]}}