{"id":44759,"date":"2023-11-06T16:05:25","date_gmt":"2023-11-06T21:05:25","guid":{"rendered":"https:\/\/esreviral.com\/?p=44759"},"modified":"2023-11-06T16:05:29","modified_gmt":"2023-11-06T21:05:29","slug":"pequenos-venezolano-se-consolida-bicampeon-de-taekwondo-en-buenos-aires","status":"publish","type":"post","link":"https:\/\/esreviral.com\/?p=44759","title":{"rendered":"Peque\u00f1o venezolano se consolida bicampe\u00f3n de taekwondo en Buenos Aires"},"content":{"rendered":"\n<p><strong><em>CIS.-<\/em><\/strong> <a href=\"https:\/\/esreviral.com\/nino-venezolano-se-alzo-con-el-primer-lugar-del-campeonato-de-la-federacion-de-taekwondo-de-caba\/\">Mathias alejandro Gonz\u00e1lez Sequera,<\/a> nuevamente triunf\u00f3 y se consolid\u00f3 como el bicampe\u00f3n Torneo Nacional <strong>de la federaci\u00f3n de Taekwondo<\/strong>\u00a0en la Ciudad de Buenos Aires, ya que en el 2022 tambi\u00e9n logr\u00f3 el primer puesto.<\/p>\n\n\n\n<p>Ahora, el peque\u00f1o, tiene nueve a\u00f1os de edad,  y<strong> particip\u00f3 en la categor\u00eda salt\u00f3 con cinta verde punta azul. <\/strong><\/p>\n\n\n\n<p>Desde hace tres a\u00f1os, que el peque\u00f1o campe\u00f3n pr\u00e1ctica el deporte, el cual <strong>combina con sus estudios y la nataci\u00f3n y el f\u00fatbol, por lo que es un apasionado por los deportes. <\/strong><\/p>\n\n\n\n<p>Su familia ya tiene seis a\u00f1os en Argentina, seg\u00fan cont\u00f3 su mam\u00e1, Gabriela Sequera, quien junto a Joaqu\u00edn, el padre del menor, se sienten orgullosos pero quienes no caben de la felicidad, son sus abuelitos, Iv\u00e1n y Eira, quienes son los que acompa\u00f1an al chico a sus pr\u00e1cticas cada semana. <\/p>\n\n\n\n<p>Con este nuevo triunfo, queda demostrado que la migraci\u00f3n venezolana en Argentina ha tenido una excelente acogida y se ha entrelazado a la perfecci\u00f3n con los nativos. <\/p>\n\n\n\n<p><\/p>\n\n\n\n<figure class=\"wp-block-image size-large\"><img fetchpriority=\"high\" decoding=\"async\" width=\"768\" height=\"1024\" src=\"https:\/\/esreviral.com\/wp-content\/uploads\/2023\/11\/WhatsApp-Image-2023-11-06-at-10.19.41-768x1024.webp\" alt=\"\" class=\"wp-image-44761\" srcset=\"https:\/\/esreviral.com\/wp-content\/uploads\/2023\/11\/WhatsApp-Image-2023-11-06-at-10.19.41-768x1024.webp 768w, https:\/\/esreviral.com\/wp-content\/uploads\/2023\/11\/WhatsApp-Image-2023-11-06-at-10.19.41-225x300.webp 225w, https:\/\/esreviral.com\/wp-content\/uploads\/2023\/11\/WhatsApp-Image-2023-11-06-at-10.19.41-1152x1536.webp 1152w, https:\/\/esreviral.com\/wp-content\/uploads\/2023\/11\/WhatsApp-Image-2023-11-06-at-10.19.41-750x1000.webp 750w, https:\/\/esreviral.com\/wp-content\/uploads\/2023\/11\/WhatsApp-Image-2023-11-06-at-10.19.41-1140x1520.webp 1140w, https:\/\/esreviral.com\/wp-content\/uploads\/2023\/11\/WhatsApp-Image-2023-11-06-at-10.19.41.webp 1200w\" sizes=\"(max-width: 768px) 100vw, 768px\" \/><figcaption class=\"wp-element-caption\">Mathias junto a sus queridos abuelos<\/figcaption><\/figure>\n","protected":false},"excerpt":{"rendered":"<p>CIS.- Mathias alejandro Gonz\u00e1lez Sequera, nuevamente triunf\u00f3 y se consolid\u00f3 como el bicampe\u00f3n Torneo Nacional de la federaci\u00f3n de Taekwondo\u00a0en la Ciudad de Buenos Aires, ya que en el 2022 tambi\u00e9n logr\u00f3 el primer puesto. Ahora, el peque\u00f1o, tiene nueve a\u00f1os de edad, y particip\u00f3 en la categor\u00eda salt\u00f3 con cinta verde punta azul. Desde [&hellip;]<\/p>\n","protected":false},"author":2,"featured_media":44760,"comment_status":"open","ping_status":"closed","sticky":false,"template":"","format":"standard","meta":{"jnews-multi-image_gallery":[],"jnews_single_post":{"subtitle":"","format":"standard","video":"","gallery":"","source_name":"","source_url":"","via_name":"","via_url":"","override_template":"0","override":[{"template":"4","single_blog_custom":"","parallax":"1","fullscreen":"1","layout":"right-sidebar","sidebar":"default-sidebar","second_sidebar":"default-sidebar","sticky_sidebar":"1","share_position":"top","share_float_style":"share-monocrhome","show_share_counter":"1","show_view_counter":"1","show_featured":"1","show_post_meta":"1","show_post_author":"1","show_post_author_image":"1","show_post_date":"1","post_date_format":"default","post_date_format_custom":"Y\/m\/d","show_post_category":"1","show_post_reading_time":"1","post_reading_time_wpm":"300","show_zoom_button":"1","zoom_button_out_step":"2","zoom_button_in_step":"3","show_post_tag":"1","show_prev_next_post":"1","show_popup_post":"1","number_popup_post":"1","show_author_box":"1","show_post_related":"1","show_inline_post_related":"0"}],"override_image_size":"0","image_override":[{"single_post_thumbnail_size":"crop-500","single_post_gallery_size":"crop-500"}],"trending_post":"0","trending_post_position":"meta","trending_post_label":"Trending","sponsored_post":"0","sponsored_post_label":"Sponsored by","sponsored_post_name":"","sponsored_post_url":"","sponsored_post_logo_enable":"0","sponsored_post_logo":"","sponsored_post_desc":"","disable_ad":"0"},"jnews_primary_category":{"id":"","hide":""},"jnews_social_meta":{"fb_title":"","fb_description":"","fb_image":"","twitter_title":"","twitter_description":"","twitter_image":""},"jnews_review":[],"enable_review":"0","type":"percentage","name":"","summary":"","brand":"","sku":"","good":[{"good_text":""}],"bad":[{"bad_text":""}],"score_override":"","override_value":"","rating":[{"rating_text":"","rating_number":"10"}],"price":[{"shop":"","price":"","link":"","icon":""}],"jnews_override_counter":{"override_view_counter":"0","view_counter_number":"0","override_share_counter":"0","share_counter_number":"0","override_like_counter":"0","like_counter_number":"0","override_dislike_counter":"0","dislike_counter_number":"0"},"jnews_post_split":{"enable_post_split":"0","post_split":[{"template":"1","tag":"h2","numbering":"asc","mode":"normal","first":"0","enable_toc":"0","toc_type":"normal"}]},"footnotes":""},"categories":[48,5892],"tags":[44,45,2239,67],"class_list":["post-44759","post","type-post","status-publish","format-standard","has-post-thumbnail","hentry","category-deportes","category-venezolanos-en-argentina","tag-argentina","tag-noticias","tag-taekwondo","tag-venezolanos-en-argentina"],"amp_enabled":true,"_links":{"self":[{"href":"https:\/\/esreviral.com\/index.php?rest_route=\/wp\/v2\/posts\/44759"}],"collection":[{"href":"https:\/\/esreviral.com\/index.php?rest_route=\/wp\/v2\/posts"}],"about":[{"href":"https:\/\/esreviral.com\/index.php?rest_route=\/wp\/v2\/types\/post"}],"author":[{"embeddable":true,"href":"https:\/\/esreviral.com\/index.php?rest_route=\/wp\/v2\/users\/2"}],"replies":[{"embeddable":true,"href":"https:\/\/esreviral.com\/index.php?rest_route=%2Fwp%2Fv2%2Fcomments&post=44759"}],"version-history":[{"count":0,"href":"https:\/\/esreviral.com\/index.php?rest_route=\/wp\/v2\/posts\/44759\/revisions"}],"wp:featuredmedia":[{"embeddable":true,"href":"https:\/\/esreviral.com\/index.php?rest_route=\/wp\/v2\/media\/44760"}],"wp:attachment":[{"href":"https:\/\/esreviral.com\/index.php?rest_route=%2Fwp%2Fv2%2Fmedia&parent=44759"}],"wp:term":[{"taxonomy":"category","embeddable":true,"href":"https:\/\/esreviral.com\/index.php?rest_route=%2Fwp%2Fv2%2Fcategories&post=44759"},{"taxonomy":"post_tag","embeddable":true,"href":"https:\/\/esreviral.com\/index.php?rest_route=%2Fwp%2Fv2%2Ftags&post=44759"}],"curies":[{"name":"wp","href":"https:\/\/api.w.org\/{rel}","templated":true}]}}